{"id":34702,"date":"2021-02-17T07:13:12","date_gmt":"2021-02-17T06:13:12","guid":{"rendered":"https:\/\/www.almega.se\/?p=34702"},"modified":"2021-02-17T07:13:12","modified_gmt":"2021-02-17T06:13:12","slug":"sa-smittsakrar-xerox-arbetsplatsen","status":"publish","type":"post","link":"https:\/\/www.almega.se\/2021\/02\/sa-smittsakrar-xerox-arbetsplatsen\/","title":{"rendered":"S\u00e5 smitts\u00e4krar Xerox arbetsplatsen"},"content":{"rendered":"<p class=\"intro\">Distansarbete i all \u00e4ra, men det fungerar inte f\u00f6r alla arbetsuppgifter. P\u00e5 Xerox m\u00f6tte man pandemins utmaningar med en kombination av utbildning och handfasta hj\u00e4lpmedel.<\/p>\n\n<p>Xerox \u00e4r ett globalt f\u00f6retag, med 25 000 anst\u00e4llda i 130 l\u00e4nder, och har en central avdelning som arbetar med s\u00e4kerhetsfr\u00e5gor och omv\u00e4rldsbevakning. Det innebar att \u00e4ven om Covid-19 var en ny smitta fanns det redan en pandemiplan som kunde aktiveras n\u00e4r utbrottet var ett faktum.<\/p>\n\n\n\n<p>\u2013 Allt var f\u00f6rberett s\u00e5 att de snabbt kunde g\u00e5 ut med information till alla anst\u00e4llda, s\u00e4ger Ingrid Follinger, HR-chef f\u00f6r Xerox Sverige.<\/p>\n\n\n\n<p>De som hade m\u00f6jlighet uppmanades att arbeta hemifr\u00e5n, men f\u00f6r majoriteten av Xerox medarbetare i Sverige \u2013 som exempelvis printoperat\u00f6rer och servicetekniker \u2013 var distansarbete inte ett alternativ. Till exempel p\u00e5 Xerox anl\u00e4ggning i Botkyrka m\u00e5ste medarbetarna att vara p\u00e5 plats f\u00f6r att hantera de \u00f6ver 350 miljoner sidor som printas varje \u00e5r.<\/p>\n\n\n\n<p>F\u00f6r att s\u00e4kra arbetsmilj\u00f6n f\u00f6r dessa b\u00f6rjade f\u00f6retaget med att \u00f6ka st\u00e4dfrekvensen, \u00f6ka tillg\u00e5ngen till handsprit och informera om vikten av att h\u00e5lla avst\u00e5nd till varandra. Det diskuterades p\u00e5 arbetsplatsen hur man r\u00f6rde sig i lokalerna och gjordes anstr\u00e4ngningar f\u00f6r att dela in arbetet i zoner, som minskade antalet kontaktytor mellan medarbetarna. Alla serviceteknikers bilar utrustades med handsprit, handskar och munskydd som skydd vid kundbes\u00f6k.<\/p>\n\n\n\n<p>\u2013 F\u00f6retaget har varit extremt noga med att f\u00f6rse personalen med material f\u00f6r att kunna skydda sig, s\u00e4ger Ingrid Follinger, som k\u00e4nner sig stolt \u00f6ver hur snabbt hennes arbetsgivare har agerat:<\/p>\n\n\n\n<p>\u2013 N\u00e4r jag b\u00f6rjade arbeta h\u00e4r f\u00f6r drygt tre \u00e5r sedan fick jag h\u00f6ra uttrycket \u201dXerox-familjen\u201d och att det h\u00e4r \u00e4r ett f\u00f6retag som m\u00e5nar om sina anst\u00e4llda. I och med pandemin har jag verkligen f\u00e5tt k\u00e4nna av att det \u00e4r s\u00e5 p\u00e5 riktigt.<\/p>\n\n\n\n<p>De initiala \u00e5tg\u00e4rderna gjordes i enlighet med lokala f\u00f6reskrifter, men Xerox valde \u00e4ven att g\u00e5 ett steg l\u00e4ngre genom att tidigt inf\u00f6ra ett krav p\u00e5 att de anst\u00e4llda skulle anv\u00e4nda munskydd n\u00e4r de l\u00e4mnade sin arbetsstation, samt att kr\u00e4va att alla bes\u00f6kare anv\u00e4nde munskydd.<\/p>\n\n\n\n<p>\u2013 Vi fick munskydd levererade fr\u00e5n England redan under sommaren och har dessutom satsat p\u00e5 att utbilda v\u00e5ra medarbetare ordentligt kring hur munskydd ska tas p\u00e5 och av f\u00f6r att fungera p\u00e5 r\u00e4tt s\u00e4tt, s\u00e4ger Ingrid Follinger.<\/p>\n\n\n\n<p>Hon tror att m\u00e5nga smittskyddsrutiner kommer att leva kvar \u00e4ven i framtiden \u2013 inte minst f\u00f6r att det redan nu g\u00e5r att se hur sjuktalen \u00f6verlag har g\u00e5tt ner n\u00e4r medarbetare blivit b\u00e4ttre p\u00e5 att h\u00e5lla avst\u00e5nd och att anv\u00e4nda b\u00e5de handsprit och munskydd. Men det som varit mest avg\u00f6rande f\u00f6r Xerox f\u00f6rm\u00e5ga att hantera effekterna av pandemin, menar Ingrid Follinger, \u00e4r att f\u00f6retaget redan hade en beredskap n\u00e4r smittan b\u00f6rjade spridas:<\/p>\n\n\n\n<p>\u2013 Jag tycker det \u00e4r viktigt att man som arbetsgivare m\u00e5nar om sin personal och g\u00f6r sitt yttersta f\u00f6r att skydda dem. D\u00e4rf\u00f6r \u00e4r det synnerligen viktigt att man som arbetsgivare har en pandemiplan och ser till att den uppdateras kontinuerligt.<\/p>\n\n\n<a class='Share__link Share__link--url copy-text' href='#' rel='nofollow' data-text='sa-kan-smittrisken-minskas-pa-en-arbetsplats:' title='Dela url' data-confirmation='L\u00e4nken kopierades till urklipp'><svg class='icon icon--link'  width='18' height='18' viewBox='0 0 18 18' fill='none' xmlns='http:\/\/www.w3.org\/2000\/svg'>\n            <path d='M10.4142 0.514721L6.87868 4.05025L8.29289 5.46447L11.1213 2.63604L15.364 6.87868L12.5355 9.70711L13.9497 11.1213L17.4853 7.58579C17.8763 7.19476 17.8763 6.5626 17.4853 6.17158L11.8284 0.514721C11.4374 0.123691 10.8052 0.123691 10.4142 0.514721Z' fill='black'\/>\n            <path d='M9.7071 12.5355L6.87868 15.364L2.63604 11.1213L5.46446 8.2929L4.05025 6.87868L0.514716 10.4142C0.123686 10.8052 0.123686 11.4374 0.514716 11.8284L6.17157 17.4853C6.5626 17.8763 7.19475 17.8763 7.58578 17.4853L11.1213 13.9497L9.7071 12.5355Z' fill='black'\/>\n            <path d='M6.17157 11.8284C6.5626 12.2195 7.19475 12.2195 7.58578 11.8284L11.8284 7.58579C12.2195 7.19476 12.2195 6.56261 11.8284 6.17158C11.4374 5.78055 10.8052 5.78055 10.4142 6.17158L6.17157 10.4142C5.78054 10.8052 5.78054 11.4374 6.17157 11.8284Z' fill='black'\/>\n            <\/svg> <\/a>\n<h2 class=\"wp-block-heading\">S\u00e5 kan smittrisken minskas p\u00e5 en arbetsplats:<\/h2>\n\n\n\n<ul class=\"wp-block-list\">\n<li>\u00d6ka st\u00e4dfrekvensen, f\u00f6r att minska risken f\u00f6r att medarbetare smittas n\u00e4r de tar i handtag eller andra gemensamma arbetsytor. St\u00e4ll fram v\u00e5tservetter s\u00e5 att enskilda medarbetare kan hj\u00e4lpa till att h\u00e5lla arbetsplatsen ren.<\/li>\n\n\n\n<li>Se \u00f6ver hur m\u00e4nniskor r\u00f6r sig p\u00e5 arbetsplatsen och skapa f\u00f6ruts\u00e4ttningar f\u00f6r att kunna h\u00e5lla avst\u00e5nd till varandra.<\/li>\n\n\n\n<li>Uppmana medarbetare att anv\u00e4nda munskydd n\u00e4r de r\u00f6r sig utanf\u00f6r den egna arbetsstationen. Se till att de f\u00e5r information om hur man s\u00e4tter p\u00e5 och tar av munskydd p\u00e5 ett smitts\u00e4kert s\u00e4tt.<\/li>\n<\/ul>\n\n\n\n<p><strong>Mer r\u00e5d och st\u00f6d i arbetsmilj\u00f6fr\u00e5gor hittar du <a href=\"https:\/\/www.almega.se\/arbetsmiljo\/\">h\u00e4r<\/a><\/strong>.<\/p>\n","protected":false},"excerpt":{"rendered":"<p>Xerox \u00e4r ett globalt f\u00f6retag, med 25 000 anst\u00e4llda i 130 l\u00e4nder, och har en central avdelning som arbetar med s\u00e4kerhetsfr\u00e5gor och omv\u00e4rldsbevakning. Det innebar att \u00e4ven om Covid-19 var en ny smitta fanns det &hellip;<\/p>\n","protected":false},"author":3,"featured_media":34719,"comment_status":"closed","ping_status":"closed","sticky":false,"template":"","format":"standard","meta":{"_acf_changed":false,"footnotes":""},"categories":[603],"tags":[486,548],"article_type":[55],"agreement":[],"class_list":["post-34702","post","type-post","status-publish","format-standard","has-post-thumbnail","hentry","category-almega","tag-covid-19","tag-medlemsroster","type-artiklar"],"acf":[],"yoast_head":"<!-- This site is optimized with the Yoast SEO Premium plugin v26.8 (Yoast SEO v26.8) - https:\/\/yoast.com\/product\/yoast-seo-premium-wordpress\/ -->\n<title>S\u00e5 smitts\u00e4krar Xerox arbetsplatsen | Almega<\/title>\n<meta name=\"robots\" content=\"index, follow, max-snippet:-1, max-image-preview:large, max-video-preview:-1\" \/>\n<link rel=\"canonical\" href=\"https:\/\/www.almega.se\/2021\/02\/sa-smittsakrar-xerox-arbetsplatsen\/\" \/>\n<meta property=\"og:locale\" content=\"sv_SE\" \/>\n<meta property=\"og:type\" content=\"article\" \/>\n<meta property=\"og:title\" content=\"S\u00e5 smitts\u00e4krar Xerox arbetsplatsen\" \/>\n<meta property=\"og:description\" content=\"Xerox \u00e4r ett globalt f\u00f6retag, med 25 000 anst\u00e4llda i 130 l\u00e4nder, och har en central avdelning som arbetar med s\u00e4kerhetsfr\u00e5gor och omv\u00e4rldsbevakning. Det innebar att \u00e4ven om Covid-19 var en ny smitta fanns det &hellip;\" \/>\n<meta property=\"og:url\" content=\"https:\/\/www.almega.se\/2021\/02\/sa-smittsakrar-xerox-arbetsplatsen\/\" \/>\n<meta property=\"og:site_name\" content=\"Almega\" \/>\n<meta property=\"article:published_time\" content=\"2021-02-17T06:13:12+00:00\" \/>\n<meta property=\"og:image\" content=\"https:\/\/www.almega.se\/app\/uploads\/2021\/02\/ingrid-follinger-hr-chef-for-xerox-sverige-1000x600-1.png\" \/>\n\t<meta property=\"og:image:width\" content=\"1000\" \/>\n\t<meta property=\"og:image:height\" content=\"600\" \/>\n\t<meta property=\"og:image:type\" content=\"image\/png\" \/>\n<meta name=\"author\" content=\"Julia Schwamberg\" \/>\n<meta name=\"twitter:card\" content=\"summary_large_image\" \/>\n<meta name=\"twitter:label1\" content=\"Skriven av\" \/>\n\t<meta name=\"twitter:data1\" content=\"Julia Schwamberg\" \/>\n\t<meta name=\"twitter:label2\" content=\"Ber\u00e4knad l\u00e4stid\" \/>\n\t<meta name=\"twitter:data2\" content=\"3 minuter\" \/>\n<!-- \/ Yoast SEO Premium plugin. -->","yoast_head_json":{"title":"S\u00e5 smitts\u00e4krar Xerox arbetsplatsen | Almega","robots":{"index":"index","follow":"follow","max-snippet":"max-snippet:-1","max-image-preview":"max-image-preview:large","max-video-preview":"max-video-preview:-1"},"canonical":"https:\/\/www.almega.se\/2021\/02\/sa-smittsakrar-xerox-arbetsplatsen\/","og_locale":"sv_SE","og_type":"article","og_title":"S\u00e5 smitts\u00e4krar Xerox arbetsplatsen","og_description":"Xerox \u00e4r ett globalt f\u00f6retag, med 25 000 anst\u00e4llda i 130 l\u00e4nder, och har en central avdelning som arbetar med s\u00e4kerhetsfr\u00e5gor och omv\u00e4rldsbevakning. Det innebar att \u00e4ven om Covid-19 var en ny smitta fanns det &hellip;","og_url":"https:\/\/www.almega.se\/2021\/02\/sa-smittsakrar-xerox-arbetsplatsen\/","og_site_name":"Almega","article_published_time":"2021-02-17T06:13:12+00:00","og_image":[{"width":1000,"height":600,"url":"https:\/\/www.almega.se\/app\/uploads\/2021\/02\/ingrid-follinger-hr-chef-for-xerox-sverige-1000x600-1.png","type":"image\/png"}],"author":"Julia Schwamberg","twitter_card":"summary_large_image","twitter_misc":{"Skriven av":"Julia Schwamberg","Ber\u00e4knad l\u00e4stid":"3 minuter"},"schema":{"@context":"https:\/\/schema.org","@graph":[{"@type":"NewsArticle","@id":"https:\/\/www.almega.se\/2021\/02\/sa-smittsakrar-xerox-arbetsplatsen\/#article","isPartOf":{"@id":"https:\/\/www.almega.se\/2021\/02\/sa-smittsakrar-xerox-arbetsplatsen\/"},"author":{"name":"Julia Schwamberg","@id":"https:\/\/www.almega.se\/#\/schema\/person\/efcc735e9c1ba0f9de79e69dc5be5f8a"},"headline":"S\u00e5 smitts\u00e4krar Xerox arbetsplatsen","datePublished":"2021-02-17T06:13:12+00:00","mainEntityOfPage":{"@id":"https:\/\/www.almega.se\/2021\/02\/sa-smittsakrar-xerox-arbetsplatsen\/"},"wordCount":663,"image":{"@id":"https:\/\/www.almega.se\/2021\/02\/sa-smittsakrar-xerox-arbetsplatsen\/#primaryimage"},"thumbnailUrl":"https:\/\/www.almega.se\/app\/uploads\/2021\/02\/ingrid-follinger-hr-chef-for-xerox-sverige-1000x600-1.png","keywords":["covid -19","Medlemsr\u00f6ster"],"articleSection":["Almega"],"inLanguage":"sv-SE"},{"@type":"WebPage","@id":"https:\/\/www.almega.se\/2021\/02\/sa-smittsakrar-xerox-arbetsplatsen\/","url":"https:\/\/www.almega.se\/2021\/02\/sa-smittsakrar-xerox-arbetsplatsen\/","name":"S\u00e5 smitts\u00e4krar Xerox arbetsplatsen | Almega","isPartOf":{"@id":"https:\/\/www.almega.se\/#website"},"primaryImageOfPage":{"@id":"https:\/\/www.almega.se\/2021\/02\/sa-smittsakrar-xerox-arbetsplatsen\/#primaryimage"},"image":{"@id":"https:\/\/www.almega.se\/2021\/02\/sa-smittsakrar-xerox-arbetsplatsen\/#primaryimage"},"thumbnailUrl":"https:\/\/www.almega.se\/app\/uploads\/2021\/02\/ingrid-follinger-hr-chef-for-xerox-sverige-1000x600-1.png","datePublished":"2021-02-17T06:13:12+00:00","author":{"@id":"https:\/\/www.almega.se\/#\/schema\/person\/efcc735e9c1ba0f9de79e69dc5be5f8a"},"breadcrumb":{"@id":"https:\/\/www.almega.se\/2021\/02\/sa-smittsakrar-xerox-arbetsplatsen\/#breadcrumb"},"inLanguage":"sv-SE","potentialAction":[{"@type":"ReadAction","target":["https:\/\/www.almega.se\/2021\/02\/sa-smittsakrar-xerox-arbetsplatsen\/"]}]},{"@type":"ImageObject","inLanguage":"sv-SE","@id":"https:\/\/www.almega.se\/2021\/02\/sa-smittsakrar-xerox-arbetsplatsen\/#primaryimage","url":"https:\/\/www.almega.se\/app\/uploads\/2021\/02\/ingrid-follinger-hr-chef-for-xerox-sverige-1000x600-1.png","contentUrl":"https:\/\/www.almega.se\/app\/uploads\/2021\/02\/ingrid-follinger-hr-chef-for-xerox-sverige-1000x600-1.png","width":1000,"height":600},{"@type":"BreadcrumbList","@id":"https:\/\/www.almega.se\/2021\/02\/sa-smittsakrar-xerox-arbetsplatsen\/#breadcrumb","itemListElement":[{"@type":"ListItem","position":1,"name":"Home","item":"https:\/\/www.almega.se\/"},{"@type":"ListItem","position":2,"name":"S\u00e5 smitts\u00e4krar Xerox arbetsplatsen"}]},{"@type":"WebSite","@id":"https:\/\/www.almega.se\/#website","url":"https:\/\/www.almega.se\/","name":"Almega","description":"","potentialAction":[{"@type":"SearchAction","target":{"@type":"EntryPoint","urlTemplate":"https:\/\/www.almega.se\/?s={search_term_string}"},"query-input":{"@type":"PropertyValueSpecification","valueRequired":true,"valueName":"search_term_string"}}],"inLanguage":"sv-SE"},{"@type":"Person","@id":"https:\/\/www.almega.se\/#\/schema\/person\/efcc735e9c1ba0f9de79e69dc5be5f8a","name":"Julia Schwamberg","image":{"@type":"ImageObject","inLanguage":"sv-SE","@id":"https:\/\/www.almega.se\/#\/schema\/person\/image\/","url":"https:\/\/secure.gravatar.com\/avatar\/60ee7d8b8e9aa9b036f4768c0d2e868d8f080bcf68689c0f64ab3b87b1c2f78b?s=96&d=mm&r=g","contentUrl":"https:\/\/secure.gravatar.com\/avatar\/60ee7d8b8e9aa9b036f4768c0d2e868d8f080bcf68689c0f64ab3b87b1c2f78b?s=96&d=mm&r=g","caption":"Julia Schwamberg"},"url":"https:\/\/www.almega.se\/person\/juliaschwamberg\/"}]}},"_links":{"self":[{"href":"https:\/\/www.almega.se\/api\/wp\/v2\/posts\/34702","targetHints":{"allow":["GET"]}}],"collection":[{"href":"https:\/\/www.almega.se\/api\/wp\/v2\/posts"}],"about":[{"href":"https:\/\/www.almega.se\/api\/wp\/v2\/types\/post"}],"author":[{"embeddable":true,"href":"https:\/\/www.almega.se\/api\/wp\/v2\/users\/3"}],"replies":[{"embeddable":true,"href":"https:\/\/www.almega.se\/api\/wp\/v2\/comments?post=34702"}],"version-history":[{"count":4,"href":"https:\/\/www.almega.se\/api\/wp\/v2\/posts\/34702\/revisions"}],"predecessor-version":[{"id":53352,"href":"https:\/\/www.almega.se\/api\/wp\/v2\/posts\/34702\/revisions\/53352"}],"wp:featuredmedia":[{"embeddable":true,"href":"https:\/\/www.almega.se\/api\/wp\/v2\/media\/34719"}],"wp:attachment":[{"href":"https:\/\/www.almega.se\/api\/wp\/v2\/media?parent=34702"}],"wp:term":[{"taxonomy":"category","embeddable":true,"href":"https:\/\/www.almega.se\/api\/wp\/v2\/categories?post=34702"},{"taxonomy":"post_tag","embeddable":true,"href":"https:\/\/www.almega.se\/api\/wp\/v2\/tags?post=34702"},{"taxonomy":"type","embeddable":true,"href":"https:\/\/www.almega.se\/api\/wp\/v2\/article_type?post=34702"},{"taxonomy":"agreement","embeddable":true,"href":"https:\/\/www.almega.se\/api\/wp\/v2\/agreement?post=34702"}],"curies":[{"name":"wp","href":"https:\/\/api.w.org\/{rel}","templated":true}]}}