{"id":34642,"date":"2021-02-10T07:45:00","date_gmt":"2021-02-10T06:45:00","guid":{"rendered":"https:\/\/www.almega.se\/2021\/02\/stora-uppsagningar-vantar-nar-stodet-drojer\/"},"modified":"2021-02-10T07:45:00","modified_gmt":"2021-02-10T06:45:00","slug":"stora-uppsagningar-vantar-nar-stodet-drojer","status":"publish","type":"post","link":"https:\/\/www.almega.se\/2021\/02\/stora-uppsagningar-vantar-nar-stodet-drojer\/","title":{"rendered":"Stora upps\u00e4gningar v\u00e4ntar n\u00e4r st\u00f6det dr\u00f6jer"},"content":{"rendered":"<p class=\"intro\">Snart tr\u00e4der f\u00f6rl\u00e4ngningen av st\u00f6det till korttidsarbete i kraft. Fr\u00e5gan \u00e4r ifall det hinner f\u00e5 avsedd verkan. Enligt en enk\u00e4t till vd:ar i arbetsgivarorganisationen Almegas medlemsf\u00f6retag kommer n\u00e4mligen fler \u00e4n vart fj\u00e4rde f\u00f6retag beh\u00f6va s\u00e4ga upp personal om v\u00e4ntetiden blir som befarad.<\/p>\n\n<p>Fyra av tio f\u00f6retag som varit i kontakt med Tillv\u00e4xtverket anser att deras hantering av st\u00f6det till korttidsarbete har varit underm\u00e5lig. Detta enligt\u00a0en enk\u00e4t som besvarats av 1 038 vd:ar i Almegas medlemsf\u00f6retag. Anledningarna som anges \u00e4r bland annat f\u00f6r l\u00e5nga handl\u00e4ggningstider, d\u00e5lig information och pl\u00f6tsliga f\u00f6r\u00e4ndringar av regler och tolkningar.<\/p>\n\n\n\n<p>\u2013 N\u00e4r vi \u00e4r s\u00e5 l\u00e5ngt g\u00e5ngna i krisen \u00e4r det anm\u00e4rkningsv\u00e4rt att en s\u00e5 stor andel upplever att myndigheten inte sk\u00f6ter sitt uppdrag p\u00e5 ett godtagbart s\u00e4tt. Och d\u00e5 har inte ens det nya striktare regelverket tr\u00e4tt i kraft, s\u00e4ger Almegas vd Thomas Ers\u00e9us.<\/p>\n\n\n\n<p>De nya reglerna b\u00f6rjar g\u00e4lla den 15 februari och inneb\u00e4r en rad \u00e4ndringar som kommer att \u00f6ka regelkr\u00e5nglet och f\u00f6rl\u00e4nga Tillv\u00e4xtverkets handl\u00e4ggningstider ytterligare. Bland annat kommer det att kr\u00e4vas ett revisorsutl\u00e5tande som intygar att och varf\u00f6r ett f\u00f6retag \u00e4r i kris samt hur l\u00e4nge krisen kan ber\u00e4knas p\u00e5g\u00e5. \u00c4ndringarna inneb\u00e4r dessutom att Tillv\u00e4xtverket m\u00e5ste anpassa sina IT-system, ett arbete som ber\u00e4knas ta mellan fem och \u00e5tta veckor.<\/p>\n\n\n\n<p>\u2013 I b\u00e4sta fall kommer f\u00f6retagen kunna ta del av st\u00f6den omkring valborg, i v\u00e4rsta fall dr\u00f6jer det till midsommar. V\u00e5r enk\u00e4t visar att fler \u00e4n vart fj\u00e4rde tj\u00e4nstef\u00f6retag inte kommer kunna v\u00e4nta s\u00e5 l\u00e4nge utan r\u00e4knar med att s\u00e4ga upp personal ist\u00e4llet, s\u00e4ger Thomas Ers\u00e9us.<\/p>\n\n\n\n<p>Samtidigt som m\u00e5nga f\u00f6retag lider av akut likviditetsbrist, \u00e4r det deras ansvar att betala ut l\u00f6ner. \u00c4ven till permitterad personal.<\/p>\n\n\n\n<p>\u2013 F\u00f6r ett f\u00f6retag som haft l\u00f6nekostnader f\u00f6r permitterad personal sedan i december \u00e4r det en katastrof ifall st\u00f6dpengarna inte kommer f\u00f6rr\u00e4n i april eller maj. Int\u00e4kterna \u00e4r f\u00f6rsvunna, personalen permitterad men utgifterna best\u00e5r m\u00e5nad efter m\u00e5nad. F\u00f6r m\u00e5nga blir det enda alternativet att s\u00e4ga upp personalen, s\u00e4ger Thomas Ers\u00e9us.<\/p>\n\n\n\n<p>F\u00f6r att undvika att de krisande f\u00f6retagens situation ytterligare f\u00f6rv\u00e4rras vill Almega att en regel om en maximal handl\u00e4ggningstid p\u00e5 30 dagar inf\u00f6rs. Om inte Tillv\u00e4xtverket l\u00e4mnar besked inom 30 dagar ska st\u00f6det betalas ut och kontrolleras vid ett senare tillf\u00e4lle.<\/p>\n\n\n\n<p>\u2013 Krisen p\u00e5g\u00e5r h\u00e4r och nu och f\u00f6retagen kan inte v\u00e4nta p\u00e5 att eventuellt f\u00e5 st\u00f6d n\u00e5gon g\u00e5ng under&nbsp;f\u00f6rsommaren, s\u00e4ger Thomas Ers\u00e9us.<\/p>\n","protected":false},"excerpt":{"rendered":"<p>Snart tr\u00e4der f\u00f6rl\u00e4ngningen av st\u00f6det till korttidsarbete i kraft. Fr\u00e5gan \u00e4r ifall det hinner f\u00e5 avsedd verkan. Enligt en enk\u00e4t till vd:ar i arbetsgivarorganisationen Almegas medlemsf\u00f6retag kommer n\u00e4mligen fler \u00e4n vart fj\u00e4rde f\u00f6retag beh\u00f6va s\u00e4ga upp personal om v\u00e4ntetiden blir som befarad.<\/p>\n","protected":false},"author":14826,"featured_media":0,"comment_status":"closed","ping_status":"closed","sticky":false,"template":"","format":"standard","meta":{"_acf_changed":false,"footnotes":""},"categories":[64],"tags":[486,488],"article_type":[93],"agreement":[],"class_list":["post-34642","post","type-post","status-publish","format-standard","hentry","category-arbetsmarknad","tag-covid-19","tag-korttidspermittering","type-pressmeddelanden"],"acf":[],"yoast_head":"<!-- This site is optimized with the Yoast SEO Premium plugin v26.8 (Yoast SEO v26.8) - https:\/\/yoast.com\/product\/yoast-seo-premium-wordpress\/ -->\n<title>Stora upps\u00e4gningar v\u00e4ntar n\u00e4r st\u00f6det dr\u00f6jer | Almega<\/title>\n<meta name=\"robots\" content=\"index, follow, max-snippet:-1, max-image-preview:large, max-video-preview:-1\" \/>\n<link rel=\"canonical\" href=\"https:\/\/www.almega.se\/2021\/02\/stora-uppsagningar-vantar-nar-stodet-drojer\/\" \/>\n<meta property=\"og:locale\" content=\"sv_SE\" \/>\n<meta property=\"og:type\" content=\"article\" \/>\n<meta property=\"og:title\" content=\"Stora upps\u00e4gningar v\u00e4ntar n\u00e4r st\u00f6det dr\u00f6jer\" \/>\n<meta property=\"og:description\" content=\"Snart tr\u00e4der f\u00f6rl\u00e4ngningen av st\u00f6det till korttidsarbete i kraft. Fr\u00e5gan \u00e4r ifall det hinner f\u00e5 avsedd verkan. Enligt en enk\u00e4t till vd:ar i arbetsgivarorganisationen Almegas medlemsf\u00f6retag kommer n\u00e4mligen fler \u00e4n vart fj\u00e4rde f\u00f6retag beh\u00f6va s\u00e4ga upp personal om v\u00e4ntetiden blir som befarad.\" \/>\n<meta property=\"og:url\" content=\"https:\/\/www.almega.se\/2021\/02\/stora-uppsagningar-vantar-nar-stodet-drojer\/\" \/>\n<meta property=\"og:site_name\" content=\"Almega\" \/>\n<meta property=\"article:published_time\" content=\"2021-02-10T06:45:00+00:00\" \/>\n<meta property=\"og:image\" content=\"https:\/\/www.almega.se\/app\/uploads\/2020\/12\/almega-share-logo.png\" \/>\n\t<meta property=\"og:image:width\" content=\"1200\" \/>\n\t<meta property=\"og:image:height\" content=\"630\" \/>\n\t<meta property=\"og:image:type\" content=\"image\/png\" \/>\n<meta name=\"author\" content=\"moat\" \/>\n<meta name=\"twitter:card\" content=\"summary_large_image\" \/>\n<meta name=\"twitter:label1\" content=\"Skriven av\" \/>\n\t<meta name=\"twitter:data1\" content=\"moat\" \/>\n\t<meta name=\"twitter:label2\" content=\"Ber\u00e4knad l\u00e4stid\" \/>\n\t<meta name=\"twitter:data2\" content=\"2 minuter\" \/>\n<!-- \/ Yoast SEO Premium plugin. -->","yoast_head_json":{"title":"Stora upps\u00e4gningar v\u00e4ntar n\u00e4r st\u00f6det dr\u00f6jer | Almega","robots":{"index":"index","follow":"follow","max-snippet":"max-snippet:-1","max-image-preview":"max-image-preview:large","max-video-preview":"max-video-preview:-1"},"canonical":"https:\/\/www.almega.se\/2021\/02\/stora-uppsagningar-vantar-nar-stodet-drojer\/","og_locale":"sv_SE","og_type":"article","og_title":"Stora upps\u00e4gningar v\u00e4ntar n\u00e4r st\u00f6det dr\u00f6jer","og_description":"Snart tr\u00e4der f\u00f6rl\u00e4ngningen av st\u00f6det till korttidsarbete i kraft. Fr\u00e5gan \u00e4r ifall det hinner f\u00e5 avsedd verkan. Enligt en enk\u00e4t till vd:ar i arbetsgivarorganisationen Almegas medlemsf\u00f6retag kommer n\u00e4mligen fler \u00e4n vart fj\u00e4rde f\u00f6retag beh\u00f6va s\u00e4ga upp personal om v\u00e4ntetiden blir som befarad.","og_url":"https:\/\/www.almega.se\/2021\/02\/stora-uppsagningar-vantar-nar-stodet-drojer\/","og_site_name":"Almega","article_published_time":"2021-02-10T06:45:00+00:00","og_image":[{"width":1200,"height":630,"url":"https:\/\/www.almega.se\/app\/uploads\/2020\/12\/almega-share-logo.png","type":"image\/png"}],"author":"moat","twitter_card":"summary_large_image","twitter_misc":{"Skriven av":"moat","Ber\u00e4knad l\u00e4stid":"2 minuter"},"schema":{"@context":"https:\/\/schema.org","@graph":[{"@type":"NewsArticle","@id":"https:\/\/www.almega.se\/2021\/02\/stora-uppsagningar-vantar-nar-stodet-drojer\/#article","isPartOf":{"@id":"https:\/\/www.almega.se\/2021\/02\/stora-uppsagningar-vantar-nar-stodet-drojer\/"},"author":{"name":"moat","@id":"https:\/\/www.almega.se\/#\/schema\/person\/9e4d7d0abff166be96ada576ca284a77"},"headline":"Stora upps\u00e4gningar v\u00e4ntar n\u00e4r st\u00f6det dr\u00f6jer","datePublished":"2021-02-10T06:45:00+00:00","mainEntityOfPage":{"@id":"https:\/\/www.almega.se\/2021\/02\/stora-uppsagningar-vantar-nar-stodet-drojer\/"},"wordCount":448,"keywords":["covid -19","Korttidspermittering"],"articleSection":["Arbetsmarknad"],"inLanguage":"sv-SE"},{"@type":"WebPage","@id":"https:\/\/www.almega.se\/2021\/02\/stora-uppsagningar-vantar-nar-stodet-drojer\/","url":"https:\/\/www.almega.se\/2021\/02\/stora-uppsagningar-vantar-nar-stodet-drojer\/","name":"Stora upps\u00e4gningar v\u00e4ntar n\u00e4r st\u00f6det dr\u00f6jer | Almega","isPartOf":{"@id":"https:\/\/www.almega.se\/#website"},"datePublished":"2021-02-10T06:45:00+00:00","author":{"@id":"https:\/\/www.almega.se\/#\/schema\/person\/9e4d7d0abff166be96ada576ca284a77"},"breadcrumb":{"@id":"https:\/\/www.almega.se\/2021\/02\/stora-uppsagningar-vantar-nar-stodet-drojer\/#breadcrumb"},"inLanguage":"sv-SE","potentialAction":[{"@type":"ReadAction","target":["https:\/\/www.almega.se\/2021\/02\/stora-uppsagningar-vantar-nar-stodet-drojer\/"]}]},{"@type":"BreadcrumbList","@id":"https:\/\/www.almega.se\/2021\/02\/stora-uppsagningar-vantar-nar-stodet-drojer\/#breadcrumb","itemListElement":[{"@type":"ListItem","position":1,"name":"Home","item":"https:\/\/www.almega.se\/"},{"@type":"ListItem","position":2,"name":"Stora upps\u00e4gningar v\u00e4ntar n\u00e4r st\u00f6det dr\u00f6jer"}]},{"@type":"WebSite","@id":"https:\/\/www.almega.se\/#website","url":"https:\/\/www.almega.se\/","name":"Almega","description":"","potentialAction":[{"@type":"SearchAction","target":{"@type":"EntryPoint","urlTemplate":"https:\/\/www.almega.se\/?s={search_term_string}"},"query-input":{"@type":"PropertyValueSpecification","valueRequired":true,"valueName":"search_term_string"}}],"inLanguage":"sv-SE"},{"@type":"Person","@id":"https:\/\/www.almega.se\/#\/schema\/person\/9e4d7d0abff166be96ada576ca284a77","name":"moat","image":{"@type":"ImageObject","inLanguage":"sv-SE","@id":"https:\/\/www.almega.se\/#\/schema\/person\/image\/","url":"https:\/\/secure.gravatar.com\/avatar\/f3aefbf102103714d31ca14074d72cc66619d4b100e6e99b475677d83097fad7?s=96&d=mm&r=g","contentUrl":"https:\/\/secure.gravatar.com\/avatar\/f3aefbf102103714d31ca14074d72cc66619d4b100e6e99b475677d83097fad7?s=96&d=mm&r=g","caption":"moat"},"url":"https:\/\/www.almega.se\/person\/moat\/"}]}},"_links":{"self":[{"href":"https:\/\/www.almega.se\/api\/wp\/v2\/posts\/34642","targetHints":{"allow":["GET"]}}],"collection":[{"href":"https:\/\/www.almega.se\/api\/wp\/v2\/posts"}],"about":[{"href":"https:\/\/www.almega.se\/api\/wp\/v2\/types\/post"}],"author":[{"embeddable":true,"href":"https:\/\/www.almega.se\/api\/wp\/v2\/users\/14826"}],"replies":[{"embeddable":true,"href":"https:\/\/www.almega.se\/api\/wp\/v2\/comments?post=34642"}],"version-history":[{"count":2,"href":"https:\/\/www.almega.se\/api\/wp\/v2\/posts\/34642\/revisions"}],"predecessor-version":[{"id":53385,"href":"https:\/\/www.almega.se\/api\/wp\/v2\/posts\/34642\/revisions\/53385"}],"wp:attachment":[{"href":"https:\/\/www.almega.se\/api\/wp\/v2\/media?parent=34642"}],"wp:term":[{"taxonomy":"category","embeddable":true,"href":"https:\/\/www.almega.se\/api\/wp\/v2\/categories?post=34642"},{"taxonomy":"post_tag","embeddable":true,"href":"https:\/\/www.almega.se\/api\/wp\/v2\/tags?post=34642"},{"taxonomy":"type","embeddable":true,"href":"https:\/\/www.almega.se\/api\/wp\/v2\/article_type?post=34642"},{"taxonomy":"agreement","embeddable":true,"href":"https:\/\/www.almega.se\/api\/wp\/v2\/agreement?post=34642"}],"curies":[{"name":"wp","href":"https:\/\/api.w.org\/{rel}","templated":true}]}}