{"id":34540,"date":"2021-02-08T13:34:52","date_gmt":"2021-02-08T12:34:52","guid":{"rendered":"https:\/\/www.almega.se\/?p=34540"},"modified":"2022-03-25T14:18:49","modified_gmt":"2022-03-25T13:18:49","slug":"nytt-avtal-for-arenor-bad-och-idrottsanlaggningar-5","status":"publish","type":"post","link":"https:\/\/www.almega.se\/2021\/02\/nytt-avtal-for-arenor-bad-och-idrottsanlaggningar-5\/","title":{"rendered":"Nytt avtal f\u00f6r arenor, bad och idrottsanl\u00e4ggningar"},"content":{"rendered":"\n<p class=\"intro\">Almega Tj\u00e4nstef\u00f6retagen och Svenska Kommunalarbetaref\u00f6rbundet har den 4 februari 2021 tr\u00e4ffat ett nytt kollektivavtal avseende arenor, bad och idrottsanl\u00e4ggningar.<\/p>\n<p>Avtalsperioden \u00e4r 30 m\u00e5nader, 1 januari 2021 \u2013 30 juni 2023, och l\u00f6ner och ers\u00e4ttningar h\u00f6js totalt med 5,4 %, vilket \u00e4r i niv\u00e5 med arbetsmarknaden i \u00f6vrigt.<\/p>\n<h2>L\u00f6nerevision<\/h2>\n<h3>L\u00f6neh\u00f6jningar<\/h3>\n<p>F\u00f6r Kommunals medlemmar bildas ett l\u00f6neutrymme, som f\u00f6rdelas individuellt, f\u00f6r varje heltidsanst\u00e4lld arbetstagare som omfattas av l\u00f6nerevision med<\/p>\n<p>681 kronor den 1 februari 2021<\/p>\n<p>549 kronor den 1 juli 2022<\/p>\n<p>Ovanst\u00e5ende belopp proportioneras f\u00f6r deltidsanst\u00e4llda.<\/p>\n<h3>L\u00e4gstal\u00f6n<\/h3>\n<p>F\u00f6r arbetstagare som under avtalsperioden fyller 19 \u00e5r ska den fast kontanta l\u00f6nen, kalenderm\u00e5naden efter det att arbetstagaren fyllt 19 \u00e5r, uppg\u00e5 till l\u00e4gst<\/p>\n<p>&#8211; 20 201 kronor fr o m den 1 februari 2021<\/p>\n<p>&#8211; 20 635 kronor fr o m den 1 juli 2022<\/p>\n<p>F\u00f6r arbetstagare med fast kontant l\u00f6n i yrke d\u00e4r arbetsgivaren kr\u00e4ver och arbetstagaren har yrkesf\u00f6rberedande gymnasieutbildning samt ett \u00e5rs sammanh\u00e4ngande anst\u00e4llning i yrket efter genomg\u00e5ngen utbildning ska l\u00f6nen vid heltid uppg\u00e5 till l\u00e4gst<\/p>\n<p>&#8211; 22 484 kronor fr o m den 1 februari 2021<\/p>\n<p>&#8211; 22 967 kronor fr o m den 1 juli 2022<\/p>\n<p>Ovanst\u00e5ende belopp proportioneras f\u00f6r deltidsanst\u00e4llda.<\/p>\n<h3>Ob-till\u00e4gg<\/h3>\n<p>Ob-till\u00e4ggen i \u00a7 8 mom 2 h\u00f6js under avtalsperioden med 2,74 % den 1 februari 2021, 2,15 % den 1 juli 2022.<\/p>\n<p>Ers\u00e4ttning, inklusive semesterl\u00f6n\/-ers\u00e4ttning utges per timme med:<\/p>\n<table>\n<tbody>\n<tr>\n<td><\/td>\n<td><\/td>\n<td><strong>1 februari 2021<\/strong><\/td>\n<td><strong>1 juli 2022<\/strong><\/td>\n<\/tr>\n<tr>\n<td>Vardagar m\u00e5ndag tom fredag<\/td>\n<td>20.00-24.00<\/td>\n<td>25,14 kr\/tim<\/td>\n<td>25,68 kr\/tim<\/td>\n<\/tr>\n<tr>\n<td>L\u00f6rdag, s\u00f6ndag och annan helgdag, midsommarafton, julafton, ny\u00e5rsafton<\/td>\n<td>00.00-06.00<\/td>\n<td>47,36 kr\/tim<\/td>\n<td>48,38 kr\/tim<\/td>\n<\/tr>\n<tr>\n<td>Dag efter helgdag<\/td>\n<td>00.00-06.00<\/td>\n<td>47,36 kr\/tim<\/td>\n<td>48,38 kr\/tim<\/td>\n<\/tr>\n<tr>\n<td>Dag f\u00f6re Trettondagen, L\u00e5ngfredagen, F\u00f6rsta maj, Kristi Himmelsf\u00e4rdsdagen och Alla Helgons dag<\/td>\n<td>16.00-24.00<\/td>\n<td>47,36 kr\/tim<\/td>\n<td>48,38 kr\/tim<\/td>\n<\/tr>\n<\/tbody>\n<\/table>\n<p><a href=\"https:\/\/www.almega.se\/app\/uploads\/2021\/02\/protokoll-arenor-bad-och-idrottsanlaggningar-kommunal-2021-2023.pdf\" target=\"_blank\" rel=\"noopener noreferrer\">Protokoll, l\u00f6nebilaga och allm\u00e4nna villkorsf\u00f6r\u00e4ndringar<\/a>\n","protected":false},"excerpt":{"rendered":"<p>Almega Tj\u00e4nstef\u00f6retagen och Svenska Kommunalarbetaref\u00f6rbundet har den 4 februari 2021 tr\u00e4ffat ett nytt kollektivavtal avseende arenor, bad och idrottsanl\u00e4ggningar. Avtalsperioden \u00e4r 30 m\u00e5nader, 1 januari 2021 \u2013 30 juni 2023, och l\u00f6ner och ers\u00e4ttningar h\u00f6js &hellip;<\/p>\n","protected":false},"author":163,"featured_media":0,"comment_status":"closed","ping_status":"closed","sticky":false,"template":"","format":"standard","meta":{"_acf_changed":false,"footnotes":""},"categories":[1],"tags":[],"article_type":[313],"agreement":[174],"class_list":["post-34540","post","type-post","status-publish","format-standard","hentry","category-okategoriserade","type-arbetsgivarnytt","agreement-a1c8f241-0761-e011-a194-02bf9e69ca65"],"acf":[],"yoast_head":"<!-- This site is optimized with the Yoast SEO Premium plugin v26.8 (Yoast SEO v26.8) - https:\/\/yoast.com\/product\/yoast-seo-premium-wordpress\/ -->\n<title>Nytt avtal f\u00f6r arenor, bad och idrottsanl\u00e4ggningar | Almega<\/title>\n<meta name=\"robots\" content=\"index, follow, max-snippet:-1, max-image-preview:large, max-video-preview:-1\" \/>\n<link rel=\"canonical\" href=\"https:\/\/www.almega.se\/2021\/02\/nytt-avtal-for-arenor-bad-och-idrottsanlaggningar-5\/\" \/>\n<meta property=\"og:locale\" content=\"sv_SE\" \/>\n<meta property=\"og:type\" content=\"article\" \/>\n<meta property=\"og:title\" content=\"Nytt avtal f\u00f6r arenor, bad och idrottsanl\u00e4ggningar\" \/>\n<meta property=\"og:description\" content=\"Almega Tj\u00e4nstef\u00f6retagen och Svenska Kommunalarbetaref\u00f6rbundet har den 4 februari 2021 tr\u00e4ffat ett nytt kollektivavtal avseende arenor, bad och idrottsanl\u00e4ggningar. Avtalsperioden \u00e4r 30 m\u00e5nader, 1 januari 2021 \u2013 30 juni 2023, och l\u00f6ner och ers\u00e4ttningar h\u00f6js &hellip;\" \/>\n<meta property=\"og:url\" content=\"https:\/\/www.almega.se\/2021\/02\/nytt-avtal-for-arenor-bad-och-idrottsanlaggningar-5\/\" \/>\n<meta property=\"og:site_name\" content=\"Almega\" \/>\n<meta property=\"article:published_time\" content=\"2021-02-08T12:34:52+00:00\" \/>\n<meta property=\"article:modified_time\" content=\"2022-03-25T13:18:49+00:00\" \/>\n<meta property=\"og:image\" content=\"https:\/\/www.almega.se\/app\/uploads\/2020\/12\/almega-share-logo.png\" \/>\n\t<meta property=\"og:image:width\" content=\"1200\" \/>\n\t<meta property=\"og:image:height\" content=\"630\" \/>\n\t<meta property=\"og:image:type\" content=\"image\/png\" \/>\n<meta name=\"author\" content=\"Lena Ragell\" \/>\n<meta name=\"twitter:card\" content=\"summary_large_image\" \/>\n<meta name=\"twitter:label1\" content=\"Skriven av\" \/>\n\t<meta name=\"twitter:data1\" content=\"Lena Ragell\" \/>\n\t<meta name=\"twitter:label2\" content=\"Ber\u00e4knad l\u00e4stid\" \/>\n\t<meta name=\"twitter:data2\" content=\"1 minut\" \/>\n<!-- \/ Yoast SEO Premium plugin. -->","yoast_head_json":{"title":"Nytt avtal f\u00f6r arenor, bad och idrottsanl\u00e4ggningar | Almega","robots":{"index":"index","follow":"follow","max-snippet":"max-snippet:-1","max-image-preview":"max-image-preview:large","max-video-preview":"max-video-preview:-1"},"canonical":"https:\/\/www.almega.se\/2021\/02\/nytt-avtal-for-arenor-bad-och-idrottsanlaggningar-5\/","og_locale":"sv_SE","og_type":"article","og_title":"Nytt avtal f\u00f6r arenor, bad och idrottsanl\u00e4ggningar","og_description":"Almega Tj\u00e4nstef\u00f6retagen och Svenska Kommunalarbetaref\u00f6rbundet har den 4 februari 2021 tr\u00e4ffat ett nytt kollektivavtal avseende arenor, bad och idrottsanl\u00e4ggningar. Avtalsperioden \u00e4r 30 m\u00e5nader, 1 januari 2021 \u2013 30 juni 2023, och l\u00f6ner och ers\u00e4ttningar h\u00f6js &hellip;","og_url":"https:\/\/www.almega.se\/2021\/02\/nytt-avtal-for-arenor-bad-och-idrottsanlaggningar-5\/","og_site_name":"Almega","article_published_time":"2021-02-08T12:34:52+00:00","article_modified_time":"2022-03-25T13:18:49+00:00","og_image":[{"width":1200,"height":630,"url":"https:\/\/www.almega.se\/app\/uploads\/2020\/12\/almega-share-logo.png","type":"image\/png"}],"author":"Lena Ragell","twitter_card":"summary_large_image","twitter_misc":{"Skriven av":"Lena Ragell","Ber\u00e4knad l\u00e4stid":"1 minut"},"schema":{"@context":"https:\/\/schema.org","@graph":[{"@type":"NewsArticle","@id":"https:\/\/www.almega.se\/2021\/02\/nytt-avtal-for-arenor-bad-och-idrottsanlaggningar-5\/#article","isPartOf":{"@id":"https:\/\/www.almega.se\/2021\/02\/nytt-avtal-for-arenor-bad-och-idrottsanlaggningar-5\/"},"author":{"name":"Lena Ragell","@id":"https:\/\/www.almega.se\/#\/schema\/person\/365a6d59b66a5989673b48ba4e584163"},"headline":"Nytt avtal f\u00f6r arenor, bad och idrottsanl\u00e4ggningar","datePublished":"2021-02-08T12:34:52+00:00","dateModified":"2022-03-25T13:18:49+00:00","mainEntityOfPage":{"@id":"https:\/\/www.almega.se\/2021\/02\/nytt-avtal-for-arenor-bad-och-idrottsanlaggningar-5\/"},"wordCount":298,"inLanguage":"sv-SE"},{"@type":"WebPage","@id":"https:\/\/www.almega.se\/2021\/02\/nytt-avtal-for-arenor-bad-och-idrottsanlaggningar-5\/","url":"https:\/\/www.almega.se\/2021\/02\/nytt-avtal-for-arenor-bad-och-idrottsanlaggningar-5\/","name":"Nytt avtal f\u00f6r arenor, bad och idrottsanl\u00e4ggningar | Almega","isPartOf":{"@id":"https:\/\/www.almega.se\/#website"},"datePublished":"2021-02-08T12:34:52+00:00","dateModified":"2022-03-25T13:18:49+00:00","author":{"@id":"https:\/\/www.almega.se\/#\/schema\/person\/365a6d59b66a5989673b48ba4e584163"},"breadcrumb":{"@id":"https:\/\/www.almega.se\/2021\/02\/nytt-avtal-for-arenor-bad-och-idrottsanlaggningar-5\/#breadcrumb"},"inLanguage":"sv-SE","potentialAction":[{"@type":"ReadAction","target":["https:\/\/www.almega.se\/2021\/02\/nytt-avtal-for-arenor-bad-och-idrottsanlaggningar-5\/"]}]},{"@type":"BreadcrumbList","@id":"https:\/\/www.almega.se\/2021\/02\/nytt-avtal-for-arenor-bad-och-idrottsanlaggningar-5\/#breadcrumb","itemListElement":[{"@type":"ListItem","position":1,"name":"Home","item":"https:\/\/www.almega.se\/"},{"@type":"ListItem","position":2,"name":"Nytt avtal f\u00f6r arenor, bad och idrottsanl\u00e4ggningar"}]},{"@type":"WebSite","@id":"https:\/\/www.almega.se\/#website","url":"https:\/\/www.almega.se\/","name":"Almega","description":"","potentialAction":[{"@type":"SearchAction","target":{"@type":"EntryPoint","urlTemplate":"https:\/\/www.almega.se\/?s={search_term_string}"},"query-input":{"@type":"PropertyValueSpecification","valueRequired":true,"valueName":"search_term_string"}}],"inLanguage":"sv-SE"},{"@type":"Person","@id":"https:\/\/www.almega.se\/#\/schema\/person\/365a6d59b66a5989673b48ba4e584163","name":"Lena Ragell","image":{"@type":"ImageObject","inLanguage":"sv-SE","@id":"https:\/\/www.almega.se\/#\/schema\/person\/image\/","url":"https:\/\/secure.gravatar.com\/avatar\/b08c10feead92fb4e24d6ce4a27fbce858bbeffdd343fbc8639cad850f2f7026?s=96&d=mm&r=g","contentUrl":"https:\/\/secure.gravatar.com\/avatar\/b08c10feead92fb4e24d6ce4a27fbce858bbeffdd343fbc8639cad850f2f7026?s=96&d=mm&r=g","caption":"Lena Ragell"},"description":"Lena arbetar som administrat\u00f6r p\u00e5 enheten Arbetsgivarservice.","url":"https:\/\/www.almega.se\/person\/lenaragell\/"}]}},"_links":{"self":[{"href":"https:\/\/www.almega.se\/api\/wp\/v2\/posts\/34540","targetHints":{"allow":["GET"]}}],"collection":[{"href":"https:\/\/www.almega.se\/api\/wp\/v2\/posts"}],"about":[{"href":"https:\/\/www.almega.se\/api\/wp\/v2\/types\/post"}],"author":[{"embeddable":true,"href":"https:\/\/www.almega.se\/api\/wp\/v2\/users\/163"}],"replies":[{"embeddable":true,"href":"https:\/\/www.almega.se\/api\/wp\/v2\/comments?post=34540"}],"version-history":[{"count":0,"href":"https:\/\/www.almega.se\/api\/wp\/v2\/posts\/34540\/revisions"}],"wp:attachment":[{"href":"https:\/\/www.almega.se\/api\/wp\/v2\/media?parent=34540"}],"wp:term":[{"taxonomy":"category","embeddable":true,"href":"https:\/\/www.almega.se\/api\/wp\/v2\/categories?post=34540"},{"taxonomy":"post_tag","embeddable":true,"href":"https:\/\/www.almega.se\/api\/wp\/v2\/tags?post=34540"},{"taxonomy":"type","embeddable":true,"href":"https:\/\/www.almega.se\/api\/wp\/v2\/article_type?post=34540"},{"taxonomy":"agreement","embeddable":true,"href":"https:\/\/www.almega.se\/api\/wp\/v2\/agreement?post=34540"}],"curies":[{"name":"wp","href":"https:\/\/api.w.org\/{rel}","templated":true}]}}