{"id":34080,"date":"2021-01-26T11:06:35","date_gmt":"2021-01-26T10:06:35","guid":{"rendered":"https:\/\/www.almega.se\/?p=34080"},"modified":"2021-01-26T11:06:35","modified_gmt":"2021-01-26T10:06:35","slug":"sa-lang-tid-tar-det-innan-arbetsgivare-far-permitteringsstod-utbetalt","status":"publish","type":"post","link":"https:\/\/www.almega.se\/2021\/01\/sa-lang-tid-tar-det-innan-arbetsgivare-far-permitteringsstod-utbetalt\/","title":{"rendered":"S\u00e5 l\u00e5ng tid tar det innan arbetsgivare f\u00e5r permitteringsst\u00f6d utbetalt"},"content":{"rendered":"<p class=\"intro\">I v\u00e5ras var permitteringsst\u00f6det ett snabbt och effektivt st\u00f6d till arbetsgivare som drabbades av sv\u00e5righeter i samband med covid-19. Dessv\u00e4rre har det nu utvecklats till ett l\u00e5ngsamt och byr\u00e5kratiskt st\u00f6d som riskerar att inte hj\u00e4lpa till under resterande del av krisen. Utifr\u00e5n nuvarande process har Almega r\u00e4knat p\u00e5 hur l\u00e5ng tid det kan t\u00e4nkas ta f\u00f6r arbetsgivare att f\u00e5 permitteringsst\u00f6det utbetalt.<\/p>\n\n<p>Den 9 november meddelade regeringen att permitteringsst\u00f6det f\u00f6rl\u00e4ngs. Beslutet f\u00f6rv\u00e4ntas att klubbas av riksdagen den 15 februari. D\u00e4refter r\u00e4knar Tillv\u00e4xtverket med fem till \u00e5tta veckor f\u00f6r att anpassa IT-infrastrukturen f\u00f6r att kunna ta emot nya ans\u00f6kningar. Det inneb\u00e4r att ett f\u00f6retag kan ans\u00f6ka om permitteringsst\u00f6d n\u00e5gon g\u00e5ng mellan den 22 mars och den 12 april.<\/p>\n\n\n\n<p>N\u00e4r ett f\u00f6retag v\u00e4l har gjort sin ans\u00f6kan kan det ta cirka tv\u00e5 veckor f\u00f6r Tillv\u00e4xtverket att handl\u00e4gga \u00e4rendet innan beslut tas och sedan ytterligare en vecka innan utbetalning kan ske till arbetsgivaren.&nbsp; Vi \u00e4r d\u00e5 framme vid mellan den 12 april och den 5 maj. Arbetsgivare kan med andra ord inte r\u00e4kna med n\u00e5gra pengar fr\u00e5n permitteringsst\u00f6det f\u00f6rr\u00e4n till Valborg \u2013 &nbsp;optimistiskt r\u00e4knat.<\/p>\n\n\n\n<p>Under h\u00f6sten fick dock m\u00e5nga f\u00f6retag v\u00e4nta i b\u00e5de en och tv\u00e5 m\u00e5nader p\u00e5 beslut om permitteringsst\u00f6d. Upprepas detta, och Tillv\u00e4xtverkets handl\u00e4ggningstid ist\u00e4llet blir tv\u00e5 m\u00e5nader s\u00e5 kommer pengarna inte f\u00f6rr\u00e4n mellan den 22 maj och den 12 juni.<\/p>\n\n\n\n<p>Sammantaget inneb\u00e4r det h\u00e4r att permitteringsst\u00f6det inte blir ett akut st\u00f6d till f\u00f6retag som drabbas h\u00e5rt av pandemin och de restriktioner som regeringen beslutat om. Ett akut st\u00f6d ska betalas ut i samband med den akuta krisen, inte flera m\u00e5nader senare.<\/p>\n\n\n<a class='Share__link Share__link--url copy-text' href='#' rel='nofollow' data-text='tidslinje' title='Dela url' data-confirmation='L\u00e4nken kopierades till urklipp'><svg class='icon icon--link'  width='18' height='18' viewBox='0 0 18 18' fill='none' xmlns='http:\/\/www.w3.org\/2000\/svg'>\n            <path d='M10.4142 0.514721L6.87868 4.05025L8.29289 5.46447L11.1213 2.63604L15.364 6.87868L12.5355 9.70711L13.9497 11.1213L17.4853 7.58579C17.8763 7.19476 17.8763 6.5626 17.4853 6.17158L11.8284 0.514721C11.4374 0.123691 10.8052 0.123691 10.4142 0.514721Z' fill='black'\/>\n            <path d='M9.7071 12.5355L6.87868 15.364L2.63604 11.1213L5.46446 8.2929L4.05025 6.87868L0.514716 10.4142C0.123686 10.8052 0.123686 11.4374 0.514716 11.8284L6.17157 17.4853C6.5626 17.8763 7.19475 17.8763 7.58578 17.4853L11.1213 13.9497L9.7071 12.5355Z' fill='black'\/>\n            <path d='M6.17157 11.8284C6.5626 12.2195 7.19475 12.2195 7.58578 11.8284L11.8284 7.58579C12.2195 7.19476 12.2195 6.56261 11.8284 6.17158C11.4374 5.78055 10.8052 5.78055 10.4142 6.17158L6.17157 10.4142C5.78054 10.8052 5.78054 11.4374 6.17157 11.8284Z' fill='black'\/>\n            <\/svg> <\/a>\n<h2 class=\"wp-block-heading\">Tidslinje<\/h2>\n\n\n\n<ul class=\"wp-block-list\">\n<li><strong>9 november: <\/strong>Regeringen meddelar f\u00f6rl\u00e4ngning av korttidspermitteringen<\/li>\n\n\n\n<li><strong>15 februari: <\/strong>Riksdagen f\u00f6rv\u00e4ntas fatta beslut om f\u00f6rl\u00e4ngning av korttidspermitteringen<\/li>\n\n\n\n<li><strong>22 mars \u2013 12 april: <\/strong>Tillv\u00e4xtverket \u00f6ppnar f\u00f6r nya ans\u00f6kningar<\/li>\n\n\n\n<li><strong>12 april \u2013 5 maj: <\/strong>Tillv\u00e4xtverket kan med tv\u00e5 veckors handl\u00e4ggningstid betala ut st\u00f6dmedel<\/li>\n\n\n\n<li><strong>22 maj \u2013 12 juni: <\/strong>Tillv\u00e4xtverket kan med tv\u00e5 m\u00e5naders handl\u00e4ggningstid betala ut st\u00f6dmedel<\/li>\n<\/ul>\n","protected":false},"excerpt":{"rendered":"<p>Den 9 november meddelade regeringen att permitteringsst\u00f6det f\u00f6rl\u00e4ngs. Beslutet f\u00f6rv\u00e4ntas att klubbas av riksdagen den 15 februari. D\u00e4refter r\u00e4knar Tillv\u00e4xtverket med fem till \u00e5tta veckor f\u00f6r att anpassa IT-infrastrukturen f\u00f6r att kunna ta emot nya &hellip;<\/p>\n","protected":false},"author":3,"featured_media":34082,"comment_status":"closed","ping_status":"closed","sticky":false,"template":"","format":"standard","meta":{"_acf_changed":false,"footnotes":""},"categories":[64],"tags":[486,488],"article_type":[56],"agreement":[],"class_list":["post-34080","post","type-post","status-publish","format-standard","has-post-thumbnail","hentry","category-arbetsmarknad","tag-covid-19","tag-korttidspermittering","type-nyheter"],"acf":[],"yoast_head":"<!-- This site is optimized with the Yoast SEO Premium plugin v26.8 (Yoast SEO v26.8) - https:\/\/yoast.com\/product\/yoast-seo-premium-wordpress\/ -->\n<title>S\u00e5 l\u00e5ng tid tar det innan arbetsgivare f\u00e5r permitteringsst\u00f6d utbetalt | Almega<\/title>\n<meta name=\"description\" content=\"Utifr\u00e5n nuvarande process har Almega r\u00e4knat p\u00e5 hur l\u00e5ng tid det kan t\u00e4nkas ta f\u00f6r arbetsgivare att f\u00e5 permitteringsst\u00f6det utbetalt.\" \/>\n<meta name=\"robots\" content=\"index, follow, max-snippet:-1, max-image-preview:large, max-video-preview:-1\" \/>\n<link rel=\"canonical\" href=\"https:\/\/www.almega.se\/2021\/01\/sa-lang-tid-tar-det-innan-arbetsgivare-far-permitteringsstod-utbetalt\/\" \/>\n<meta property=\"og:locale\" content=\"sv_SE\" \/>\n<meta property=\"og:type\" content=\"article\" \/>\n<meta property=\"og:title\" content=\"S\u00e5 l\u00e5ng tid tar det innan arbetsgivare f\u00e5r permitteringsst\u00f6d utbetalt\" \/>\n<meta property=\"og:description\" content=\"Utifr\u00e5n nuvarande process har Almega r\u00e4knat p\u00e5 hur l\u00e5ng tid det kan t\u00e4nkas ta f\u00f6r arbetsgivare att f\u00e5 permitteringsst\u00f6det utbetalt.\" \/>\n<meta property=\"og:url\" content=\"https:\/\/www.almega.se\/2021\/01\/sa-lang-tid-tar-det-innan-arbetsgivare-far-permitteringsstod-utbetalt\/\" \/>\n<meta property=\"og:site_name\" content=\"Almega\" \/>\n<meta property=\"article:published_time\" content=\"2021-01-26T10:06:35+00:00\" \/>\n<meta property=\"og:image\" content=\"https:\/\/www.almega.se\/app\/uploads\/2021\/01\/namnlos-design-14.png\" \/>\n\t<meta property=\"og:image:width\" content=\"1000\" \/>\n\t<meta property=\"og:image:height\" content=\"600\" \/>\n\t<meta property=\"og:image:type\" content=\"image\/png\" \/>\n<meta name=\"author\" content=\"Julia Schwamberg\" \/>\n<meta name=\"twitter:card\" content=\"summary_large_image\" \/>\n<meta name=\"twitter:label1\" content=\"Skriven av\" \/>\n\t<meta name=\"twitter:data1\" content=\"Julia Schwamberg\" \/>\n\t<meta name=\"twitter:label2\" content=\"Ber\u00e4knad l\u00e4stid\" \/>\n\t<meta name=\"twitter:data2\" content=\"2 minuter\" \/>\n<!-- \/ Yoast SEO Premium plugin. -->","yoast_head_json":{"title":"S\u00e5 l\u00e5ng tid tar det innan arbetsgivare f\u00e5r permitteringsst\u00f6d utbetalt | Almega","description":"Utifr\u00e5n nuvarande process har Almega r\u00e4knat p\u00e5 hur l\u00e5ng tid det kan t\u00e4nkas ta f\u00f6r arbetsgivare att f\u00e5 permitteringsst\u00f6det utbetalt.","robots":{"index":"index","follow":"follow","max-snippet":"max-snippet:-1","max-image-preview":"max-image-preview:large","max-video-preview":"max-video-preview:-1"},"canonical":"https:\/\/www.almega.se\/2021\/01\/sa-lang-tid-tar-det-innan-arbetsgivare-far-permitteringsstod-utbetalt\/","og_locale":"sv_SE","og_type":"article","og_title":"S\u00e5 l\u00e5ng tid tar det innan arbetsgivare f\u00e5r permitteringsst\u00f6d utbetalt","og_description":"Utifr\u00e5n nuvarande process har Almega r\u00e4knat p\u00e5 hur l\u00e5ng tid det kan t\u00e4nkas ta f\u00f6r arbetsgivare att f\u00e5 permitteringsst\u00f6det utbetalt.","og_url":"https:\/\/www.almega.se\/2021\/01\/sa-lang-tid-tar-det-innan-arbetsgivare-far-permitteringsstod-utbetalt\/","og_site_name":"Almega","article_published_time":"2021-01-26T10:06:35+00:00","og_image":[{"width":1000,"height":600,"url":"https:\/\/www.almega.se\/app\/uploads\/2021\/01\/namnlos-design-14.png","type":"image\/png"}],"author":"Julia Schwamberg","twitter_card":"summary_large_image","twitter_misc":{"Skriven av":"Julia Schwamberg","Ber\u00e4knad l\u00e4stid":"2 minuter"},"schema":{"@context":"https:\/\/schema.org","@graph":[{"@type":"NewsArticle","@id":"https:\/\/www.almega.se\/2021\/01\/sa-lang-tid-tar-det-innan-arbetsgivare-far-permitteringsstod-utbetalt\/#article","isPartOf":{"@id":"https:\/\/www.almega.se\/2021\/01\/sa-lang-tid-tar-det-innan-arbetsgivare-far-permitteringsstod-utbetalt\/"},"author":{"name":"Julia Schwamberg","@id":"https:\/\/www.almega.se\/#\/schema\/person\/efcc735e9c1ba0f9de79e69dc5be5f8a"},"headline":"S\u00e5 l\u00e5ng tid tar det innan arbetsgivare f\u00e5r permitteringsst\u00f6d utbetalt","datePublished":"2021-01-26T10:06:35+00:00","mainEntityOfPage":{"@id":"https:\/\/www.almega.se\/2021\/01\/sa-lang-tid-tar-det-innan-arbetsgivare-far-permitteringsstod-utbetalt\/"},"wordCount":318,"image":{"@id":"https:\/\/www.almega.se\/2021\/01\/sa-lang-tid-tar-det-innan-arbetsgivare-far-permitteringsstod-utbetalt\/#primaryimage"},"thumbnailUrl":"https:\/\/www.almega.se\/app\/uploads\/2021\/01\/namnlos-design-14.png","keywords":["covid -19","Korttidspermittering"],"articleSection":["Arbetsmarknad"],"inLanguage":"sv-SE"},{"@type":"WebPage","@id":"https:\/\/www.almega.se\/2021\/01\/sa-lang-tid-tar-det-innan-arbetsgivare-far-permitteringsstod-utbetalt\/","url":"https:\/\/www.almega.se\/2021\/01\/sa-lang-tid-tar-det-innan-arbetsgivare-far-permitteringsstod-utbetalt\/","name":"S\u00e5 l\u00e5ng tid tar det innan arbetsgivare f\u00e5r permitteringsst\u00f6d utbetalt | Almega","isPartOf":{"@id":"https:\/\/www.almega.se\/#website"},"primaryImageOfPage":{"@id":"https:\/\/www.almega.se\/2021\/01\/sa-lang-tid-tar-det-innan-arbetsgivare-far-permitteringsstod-utbetalt\/#primaryimage"},"image":{"@id":"https:\/\/www.almega.se\/2021\/01\/sa-lang-tid-tar-det-innan-arbetsgivare-far-permitteringsstod-utbetalt\/#primaryimage"},"thumbnailUrl":"https:\/\/www.almega.se\/app\/uploads\/2021\/01\/namnlos-design-14.png","datePublished":"2021-01-26T10:06:35+00:00","author":{"@id":"https:\/\/www.almega.se\/#\/schema\/person\/efcc735e9c1ba0f9de79e69dc5be5f8a"},"description":"Utifr\u00e5n nuvarande process har Almega r\u00e4knat p\u00e5 hur l\u00e5ng tid det kan t\u00e4nkas ta f\u00f6r arbetsgivare att f\u00e5 permitteringsst\u00f6det utbetalt.","breadcrumb":{"@id":"https:\/\/www.almega.se\/2021\/01\/sa-lang-tid-tar-det-innan-arbetsgivare-far-permitteringsstod-utbetalt\/#breadcrumb"},"inLanguage":"sv-SE","potentialAction":[{"@type":"ReadAction","target":["https:\/\/www.almega.se\/2021\/01\/sa-lang-tid-tar-det-innan-arbetsgivare-far-permitteringsstod-utbetalt\/"]}]},{"@type":"ImageObject","inLanguage":"sv-SE","@id":"https:\/\/www.almega.se\/2021\/01\/sa-lang-tid-tar-det-innan-arbetsgivare-far-permitteringsstod-utbetalt\/#primaryimage","url":"https:\/\/www.almega.se\/app\/uploads\/2021\/01\/namnlos-design-14.png","contentUrl":"https:\/\/www.almega.se\/app\/uploads\/2021\/01\/namnlos-design-14.png","width":1000,"height":600,"caption":"S\u00e5 l\u00e5ng tid tar det innan arbetsgivare f\u00e5r permitteringsst\u00f6d utbetalt"},{"@type":"BreadcrumbList","@id":"https:\/\/www.almega.se\/2021\/01\/sa-lang-tid-tar-det-innan-arbetsgivare-far-permitteringsstod-utbetalt\/#breadcrumb","itemListElement":[{"@type":"ListItem","position":1,"name":"Home","item":"https:\/\/www.almega.se\/"},{"@type":"ListItem","position":2,"name":"S\u00e5 l\u00e5ng tid tar det innan arbetsgivare f\u00e5r permitteringsst\u00f6d utbetalt"}]},{"@type":"WebSite","@id":"https:\/\/www.almega.se\/#website","url":"https:\/\/www.almega.se\/","name":"Almega","description":"","potentialAction":[{"@type":"SearchAction","target":{"@type":"EntryPoint","urlTemplate":"https:\/\/www.almega.se\/?s={search_term_string}"},"query-input":{"@type":"PropertyValueSpecification","valueRequired":true,"valueName":"search_term_string"}}],"inLanguage":"sv-SE"},{"@type":"Person","@id":"https:\/\/www.almega.se\/#\/schema\/person\/efcc735e9c1ba0f9de79e69dc5be5f8a","name":"Julia Schwamberg","image":{"@type":"ImageObject","inLanguage":"sv-SE","@id":"https:\/\/www.almega.se\/#\/schema\/person\/image\/","url":"https:\/\/secure.gravatar.com\/avatar\/60ee7d8b8e9aa9b036f4768c0d2e868d8f080bcf68689c0f64ab3b87b1c2f78b?s=96&d=mm&r=g","contentUrl":"https:\/\/secure.gravatar.com\/avatar\/60ee7d8b8e9aa9b036f4768c0d2e868d8f080bcf68689c0f64ab3b87b1c2f78b?s=96&d=mm&r=g","caption":"Julia Schwamberg"},"url":"https:\/\/www.almega.se\/person\/juliaschwamberg\/"}]}},"_links":{"self":[{"href":"https:\/\/www.almega.se\/api\/wp\/v2\/posts\/34080","targetHints":{"allow":["GET"]}}],"collection":[{"href":"https:\/\/www.almega.se\/api\/wp\/v2\/posts"}],"about":[{"href":"https:\/\/www.almega.se\/api\/wp\/v2\/types\/post"}],"author":[{"embeddable":true,"href":"https:\/\/www.almega.se\/api\/wp\/v2\/users\/3"}],"replies":[{"embeddable":true,"href":"https:\/\/www.almega.se\/api\/wp\/v2\/comments?post=34080"}],"version-history":[{"count":5,"href":"https:\/\/www.almega.se\/api\/wp\/v2\/posts\/34080\/revisions"}],"predecessor-version":[{"id":53282,"href":"https:\/\/www.almega.se\/api\/wp\/v2\/posts\/34080\/revisions\/53282"}],"wp:featuredmedia":[{"embeddable":true,"href":"https:\/\/www.almega.se\/api\/wp\/v2\/media\/34082"}],"wp:attachment":[{"href":"https:\/\/www.almega.se\/api\/wp\/v2\/media?parent=34080"}],"wp:term":[{"taxonomy":"category","embeddable":true,"href":"https:\/\/www.almega.se\/api\/wp\/v2\/categories?post=34080"},{"taxonomy":"post_tag","embeddable":true,"href":"https:\/\/www.almega.se\/api\/wp\/v2\/tags?post=34080"},{"taxonomy":"type","embeddable":true,"href":"https:\/\/www.almega.se\/api\/wp\/v2\/article_type?post=34080"},{"taxonomy":"agreement","embeddable":true,"href":"https:\/\/www.almega.se\/api\/wp\/v2\/agreement?post=34080"}],"curies":[{"name":"wp","href":"https:\/\/api.w.org\/{rel}","templated":true}]}}