{"id":33747,"date":"2021-01-07T07:00:00","date_gmt":"2021-01-07T06:00:00","guid":{"rendered":"https:\/\/www.almega.se\/2021\/01\/ny-almegarapport-valfarden-vinner-17-miljarder-pa-kompetensinvandring\/"},"modified":"2021-01-07T07:00:00","modified_gmt":"2021-01-07T06:00:00","slug":"ny-almegarapport-valfarden-vinner-17-miljarder-pa-kompetensinvandring","status":"publish","type":"post","link":"https:\/\/www.almega.se\/2021\/01\/ny-almegarapport-valfarden-vinner-17-miljarder-pa-kompetensinvandring\/","title":{"rendered":"Ny Almega&shy;rapport: V\u00e4lf\u00e4rden vinner 1,7 miljarder p\u00e5 kompetens&shy;invandring"},"content":{"rendered":"<p class=\"intro\">Fr\u00e5gan om kompetensinvandring \u00e4r en omdiskuterad fr\u00e5ga. Kritiker menar att den skadar arbetsmarknaden och v\u00e4lf\u00e4rden. Almega presenterar i en ny rapport helt nya SCB-siffror som sl\u00e5r fast att kompetensinvandring \u00e4r en stor plusaff\u00e4r f\u00f6r v\u00e4lf\u00e4rden.<\/p>\n\n<p>\u2013 Om regelverket f\u00f6r kompetensinvandring ska f\u00f6r\u00e4ndras m\u00e5ste det bygga p\u00e5 kunskap om hur det verkligen ser ut. Ingen har tidigare r\u00e4knat p\u00e5 detta och d\u00e4rf\u00f6r tyckte vi att det var p\u00e5 tiden, s\u00e4ger Andreas \u00c5str\u00f6m, n\u00e4ringspolitisk chef p\u00e5 Almega.<\/p>\n\n\n\n<p>Den internationella konkurrensen mellan f\u00f6retag om topptalanger har h\u00e5rdnat de senaste \u00e5ren. F\u00f6r svensk del har dagens \u00f6ppna regelverk f\u00f6r kompetensinvandring hittills varit en f\u00f6rdel i kampen om h\u00f6gkvalificerad arbetskraft. Kritiker menar dock att kompetensinvandrare tar jobb fr\u00e5n svagare grupper i samh\u00e4llet och m\u00e5nga f\u00f6rs\u00f6rjer sig p\u00e5 bidrag. I en ny rapport kan Almega visa ett detta inte st\u00e4mmer.<\/p>\n\n\n\n<p>\u2013 V\u00e5r kartl\u00e4ggning visar att kompetensinvandringen ger ett ekonomiskt \u00f6verskott till den offentliga sektorn p\u00e5 1,7 miljarder kronor. Kompetensinvandrarna st\u00e5r allts\u00e5 inte bara f\u00f6r sina egna och sina anh\u00f6rigas kostnader utan bidrar i h\u00f6gsta grad till v\u00e5r allm\u00e4nna v\u00e4lf\u00e4rd, s\u00e4ger Andreas \u00c5str\u00f6m.<\/p>\n\n\n\n<p>\u2013 Kritiken mot kompetensinvandringen \u00e4r v\u00e4ldigt onyanserad. Bortser man fr\u00e5n s\u00e4songanst\u00e4llda s\u00e5 arbetar nio av tio kompetensinvandrare i yrken som kr\u00e4ver minst gymnasieutbildning, s\u00e4ger Andreas \u00c5str\u00f6m.<\/p>\n\n\n\n<p>Rapporten visar \u00e4ven att kompetensinvandringen inte \u00f6kar konkurrensen om jobben n\u00e4mnv\u00e4rt. Inom 92 procent av de yrken som beviljas flest arbetstillst\u00e5nd r\u00e5der det antingen brist p\u00e5 arbetskraft eller s\u00e5 \u00f6kar antalet arbetstillf\u00e4llen.<\/p>\n\n\n\n<p>\u2013 De fyller luckor i bristyrken och bidrar d\u00e4rmed till att f\u00e5 f\u00f6retag att v\u00e4xa och skapa nya arbetstillf\u00e4llen f\u00f6r andra. Dessutom \u00e4r kompetensinvandringen i huvudsak tillf\u00e4llig, s\u00e4ger Andreas \u00c5str\u00f6m.<\/p>\n\n\n\n<p>I debatten finns f\u00f6rslag p\u00e5 att h\u00f6ja kraven p\u00e5 hur mycket en arbetskraftsinvandrare minst m\u00e5ste tj\u00e4na och att inkomsten m\u00e5ste vara \u00e4nnu h\u00f6gre om man har med sig anh\u00f6riga.<\/p>\n\n\n\n<p>\u2013 V\u00e5r unders\u00f6kning visar att det inte beh\u00f6vs n\u00e5got f\u00f6rs\u00f6rjningskrav eftersom alla kompetensinvandrare i princip redan \u00e4r sj\u00e4lvf\u00f6rs\u00f6rjande. V\u00e5r kartl\u00e4ggning visar att endast 19 personer fick ekonomiskt bist\u00e5nd under \u00e5r 2018, s\u00e4ger Andreas \u00c5str\u00f6m och forts\u00e4tter:<\/p>\n\n\n\n<p>\u2013 Almegas rapport visar att kompetensinvandrare fyller viktiga luckor p\u00e5 arbetsmarknaden. De ger mycket mer till Sverige \u00e4n vad de tar emot. V\u00e4lf\u00e4rden vinner p\u00e5 kompetensinvandring, avslutar Andreas \u00c5str\u00f6m.<\/p>\n\n\n\n<p><a href=\"https:\/\/via.tt.se\/data\/attachments\/00591\/7fedd7ac-655a-49ef-9280-ee634098fb2e.pdf\" target=\"_blank\" rel=\"noreferrer noopener\">L\u00e4s hela rapporten h\u00e4r<\/a>.<\/p>\n","protected":false},"excerpt":{"rendered":"<p>Fr\u00e5gan om kompetensinvandring \u00e4r en omdiskuterad fr\u00e5ga. Kritiker menar att den skadar arbetsmarknaden och v\u00e4lf\u00e4rden. Almega presenterar i en ny rapport helt nya SCB-siffror som sl\u00e5r fast att kompetensinvandring \u00e4r en stor plusaff\u00e4r f\u00f6r v\u00e4lf\u00e4rden.<\/p>\n","protected":false},"author":3,"featured_media":33748,"comment_status":"closed","ping_status":"closed","sticky":false,"template":"","format":"standard","meta":{"_acf_changed":false,"footnotes":""},"categories":[419,46],"tags":[543,610],"article_type":[93],"agreement":[],"class_list":["post-33747","post","type-post","status-publish","format-standard","has-post-thumbnail","hentry","category-kompetensforsorjning","category-valfard","tag-arbetskraftsinvandring","tag-kompetensforsorjning","type-pressmeddelanden"],"acf":[],"yoast_head":"<!-- This site is optimized with the Yoast SEO Premium plugin v26.8 (Yoast SEO v26.8) - https:\/\/yoast.com\/product\/yoast-seo-premium-wordpress\/ -->\n<title>Ny Almegarapport: V\u00e4lf\u00e4rden vinner 1,7 miljarder p\u00e5 kompetensinvandring | Almega<\/title>\n<meta name=\"robots\" content=\"index, follow, max-snippet:-1, max-image-preview:large, max-video-preview:-1\" \/>\n<link rel=\"canonical\" href=\"https:\/\/www.almega.se\/2021\/01\/ny-almegarapport-valfarden-vinner-17-miljarder-pa-kompetensinvandring\/\" \/>\n<meta property=\"og:locale\" content=\"sv_SE\" \/>\n<meta property=\"og:type\" content=\"article\" \/>\n<meta property=\"og:title\" content=\"Ny Almegarapport: V\u00e4lf\u00e4rden vinner 1,7 miljarder p\u00e5 kompetensinvandring\" \/>\n<meta property=\"og:description\" content=\"Fr\u00e5gan om kompetensinvandring \u00e4r en omdiskuterad fr\u00e5ga. Kritiker menar att den skadar arbetsmarknaden och v\u00e4lf\u00e4rden. Almega presenterar i en ny rapport helt nya SCB-siffror som sl\u00e5r fast att kompetensinvandring \u00e4r en stor plusaff\u00e4r f\u00f6r v\u00e4lf\u00e4rden.\" \/>\n<meta property=\"og:url\" content=\"https:\/\/www.almega.se\/2021\/01\/ny-almegarapport-valfarden-vinner-17-miljarder-pa-kompetensinvandring\/\" \/>\n<meta property=\"og:site_name\" content=\"Almega\" \/>\n<meta property=\"article:published_time\" content=\"2021-01-07T06:00:00+00:00\" \/>\n<meta property=\"og:image\" content=\"https:\/\/www.almega.se\/app\/uploads\/2021\/01\/10b3d8d9-43ef-4780-a27f-943f8cdf5f8c-scaled.jpg\" \/>\n\t<meta property=\"og:image:width\" content=\"2560\" \/>\n\t<meta property=\"og:image:height\" content=\"1707\" \/>\n\t<meta property=\"og:image:type\" content=\"image\/jpeg\" \/>\n<meta name=\"author\" content=\"Julia Schwamberg\" \/>\n<meta name=\"twitter:card\" content=\"summary_large_image\" \/>\n<meta name=\"twitter:label1\" content=\"Skriven av\" \/>\n\t<meta name=\"twitter:data1\" content=\"Julia Schwamberg\" \/>\n\t<meta name=\"twitter:label2\" content=\"Ber\u00e4knad l\u00e4stid\" \/>\n\t<meta name=\"twitter:data2\" content=\"2 minuter\" \/>\n<!-- \/ Yoast SEO Premium plugin. -->","yoast_head_json":{"title":"Ny Almegarapport: V\u00e4lf\u00e4rden vinner 1,7 miljarder p\u00e5 kompetensinvandring | Almega","robots":{"index":"index","follow":"follow","max-snippet":"max-snippet:-1","max-image-preview":"max-image-preview:large","max-video-preview":"max-video-preview:-1"},"canonical":"https:\/\/www.almega.se\/2021\/01\/ny-almegarapport-valfarden-vinner-17-miljarder-pa-kompetensinvandring\/","og_locale":"sv_SE","og_type":"article","og_title":"Ny Almegarapport: V\u00e4lf\u00e4rden vinner 1,7 miljarder p\u00e5 kompetensinvandring","og_description":"Fr\u00e5gan om kompetensinvandring \u00e4r en omdiskuterad fr\u00e5ga. Kritiker menar att den skadar arbetsmarknaden och v\u00e4lf\u00e4rden. Almega presenterar i en ny rapport helt nya SCB-siffror som sl\u00e5r fast att kompetensinvandring \u00e4r en stor plusaff\u00e4r f\u00f6r v\u00e4lf\u00e4rden.","og_url":"https:\/\/www.almega.se\/2021\/01\/ny-almegarapport-valfarden-vinner-17-miljarder-pa-kompetensinvandring\/","og_site_name":"Almega","article_published_time":"2021-01-07T06:00:00+00:00","og_image":[{"width":2560,"height":1707,"url":"https:\/\/www.almega.se\/app\/uploads\/2021\/01\/10b3d8d9-43ef-4780-a27f-943f8cdf5f8c-scaled.jpg","type":"image\/jpeg"}],"author":"Julia Schwamberg","twitter_card":"summary_large_image","twitter_misc":{"Skriven av":"Julia Schwamberg","Ber\u00e4knad l\u00e4stid":"2 minuter"},"schema":{"@context":"https:\/\/schema.org","@graph":[{"@type":"NewsArticle","@id":"https:\/\/www.almega.se\/2021\/01\/ny-almegarapport-valfarden-vinner-17-miljarder-pa-kompetensinvandring\/#article","isPartOf":{"@id":"https:\/\/www.almega.se\/2021\/01\/ny-almegarapport-valfarden-vinner-17-miljarder-pa-kompetensinvandring\/"},"author":{"name":"Julia Schwamberg","@id":"https:\/\/www.almega.se\/#\/schema\/person\/efcc735e9c1ba0f9de79e69dc5be5f8a"},"headline":"Ny Almega&shy;rapport: V\u00e4lf\u00e4rden vinner 1,7 miljarder p\u00e5 kompetens&shy;invandring","datePublished":"2021-01-07T06:00:00+00:00","mainEntityOfPage":{"@id":"https:\/\/www.almega.se\/2021\/01\/ny-almegarapport-valfarden-vinner-17-miljarder-pa-kompetensinvandring\/"},"wordCount":407,"image":{"@id":"https:\/\/www.almega.se\/2021\/01\/ny-almegarapport-valfarden-vinner-17-miljarder-pa-kompetensinvandring\/#primaryimage"},"thumbnailUrl":"https:\/\/www.almega.se\/app\/uploads\/2021\/01\/10b3d8d9-43ef-4780-a27f-943f8cdf5f8c-scaled.jpg","keywords":["Arbetskraftsinvandring","Kompetensf\u00f6rs\u00f6rjning"],"articleSection":["Kompetensf\u00f6rs\u00f6rjning","V\u00e4lf\u00e4rd"],"inLanguage":"sv-SE"},{"@type":"WebPage","@id":"https:\/\/www.almega.se\/2021\/01\/ny-almegarapport-valfarden-vinner-17-miljarder-pa-kompetensinvandring\/","url":"https:\/\/www.almega.se\/2021\/01\/ny-almegarapport-valfarden-vinner-17-miljarder-pa-kompetensinvandring\/","name":"Ny Almegarapport: V\u00e4lf\u00e4rden vinner 1,7 miljarder p\u00e5 kompetensinvandring | Almega","isPartOf":{"@id":"https:\/\/www.almega.se\/#website"},"primaryImageOfPage":{"@id":"https:\/\/www.almega.se\/2021\/01\/ny-almegarapport-valfarden-vinner-17-miljarder-pa-kompetensinvandring\/#primaryimage"},"image":{"@id":"https:\/\/www.almega.se\/2021\/01\/ny-almegarapport-valfarden-vinner-17-miljarder-pa-kompetensinvandring\/#primaryimage"},"thumbnailUrl":"https:\/\/www.almega.se\/app\/uploads\/2021\/01\/10b3d8d9-43ef-4780-a27f-943f8cdf5f8c-scaled.jpg","datePublished":"2021-01-07T06:00:00+00:00","author":{"@id":"https:\/\/www.almega.se\/#\/schema\/person\/efcc735e9c1ba0f9de79e69dc5be5f8a"},"breadcrumb":{"@id":"https:\/\/www.almega.se\/2021\/01\/ny-almegarapport-valfarden-vinner-17-miljarder-pa-kompetensinvandring\/#breadcrumb"},"inLanguage":"sv-SE","potentialAction":[{"@type":"ReadAction","target":["https:\/\/www.almega.se\/2021\/01\/ny-almegarapport-valfarden-vinner-17-miljarder-pa-kompetensinvandring\/"]}]},{"@type":"ImageObject","inLanguage":"sv-SE","@id":"https:\/\/www.almega.se\/2021\/01\/ny-almegarapport-valfarden-vinner-17-miljarder-pa-kompetensinvandring\/#primaryimage","url":"https:\/\/www.almega.se\/app\/uploads\/2021\/01\/10b3d8d9-43ef-4780-a27f-943f8cdf5f8c-scaled.jpg","contentUrl":"https:\/\/www.almega.se\/app\/uploads\/2021\/01\/10b3d8d9-43ef-4780-a27f-943f8cdf5f8c-scaled.jpg","width":2560,"height":1707,"caption":"Andreas \u00c5str\u00f6m, n\u00e4ringspolitisk chef p\u00e5 Almega."},{"@type":"BreadcrumbList","@id":"https:\/\/www.almega.se\/2021\/01\/ny-almegarapport-valfarden-vinner-17-miljarder-pa-kompetensinvandring\/#breadcrumb","itemListElement":[{"@type":"ListItem","position":1,"name":"Home","item":"https:\/\/www.almega.se\/"},{"@type":"ListItem","position":2,"name":"Ny Almega&shy;rapport: V\u00e4lf\u00e4rden vinner 1,7 miljarder p\u00e5 kompetens&shy;invandring"}]},{"@type":"WebSite","@id":"https:\/\/www.almega.se\/#website","url":"https:\/\/www.almega.se\/","name":"Almega","description":"","potentialAction":[{"@type":"SearchAction","target":{"@type":"EntryPoint","urlTemplate":"https:\/\/www.almega.se\/?s={search_term_string}"},"query-input":{"@type":"PropertyValueSpecification","valueRequired":true,"valueName":"search_term_string"}}],"inLanguage":"sv-SE"},{"@type":"Person","@id":"https:\/\/www.almega.se\/#\/schema\/person\/efcc735e9c1ba0f9de79e69dc5be5f8a","name":"Julia Schwamberg","image":{"@type":"ImageObject","inLanguage":"sv-SE","@id":"https:\/\/www.almega.se\/#\/schema\/person\/image\/","url":"https:\/\/secure.gravatar.com\/avatar\/60ee7d8b8e9aa9b036f4768c0d2e868d8f080bcf68689c0f64ab3b87b1c2f78b?s=96&d=mm&r=g","contentUrl":"https:\/\/secure.gravatar.com\/avatar\/60ee7d8b8e9aa9b036f4768c0d2e868d8f080bcf68689c0f64ab3b87b1c2f78b?s=96&d=mm&r=g","caption":"Julia Schwamberg"},"url":"https:\/\/www.almega.se\/person\/juliaschwamberg\/"}]}},"_links":{"self":[{"href":"https:\/\/www.almega.se\/api\/wp\/v2\/posts\/33747","targetHints":{"allow":["GET"]}}],"collection":[{"href":"https:\/\/www.almega.se\/api\/wp\/v2\/posts"}],"about":[{"href":"https:\/\/www.almega.se\/api\/wp\/v2\/types\/post"}],"author":[{"embeddable":true,"href":"https:\/\/www.almega.se\/api\/wp\/v2\/users\/3"}],"replies":[{"embeddable":true,"href":"https:\/\/www.almega.se\/api\/wp\/v2\/comments?post=33747"}],"version-history":[{"count":4,"href":"https:\/\/www.almega.se\/api\/wp\/v2\/posts\/33747\/revisions"}],"predecessor-version":[{"id":53049,"href":"https:\/\/www.almega.se\/api\/wp\/v2\/posts\/33747\/revisions\/53049"}],"wp:featuredmedia":[{"embeddable":true,"href":"https:\/\/www.almega.se\/api\/wp\/v2\/media\/33748"}],"wp:attachment":[{"href":"https:\/\/www.almega.se\/api\/wp\/v2\/media?parent=33747"}],"wp:term":[{"taxonomy":"category","embeddable":true,"href":"https:\/\/www.almega.se\/api\/wp\/v2\/categories?post=33747"},{"taxonomy":"post_tag","embeddable":true,"href":"https:\/\/www.almega.se\/api\/wp\/v2\/tags?post=33747"},{"taxonomy":"type","embeddable":true,"href":"https:\/\/www.almega.se\/api\/wp\/v2\/article_type?post=33747"},{"taxonomy":"agreement","embeddable":true,"href":"https:\/\/www.almega.se\/api\/wp\/v2\/agreement?post=33747"}],"curies":[{"name":"wp","href":"https:\/\/api.w.org\/{rel}","templated":true}]}}