{"id":33728,"date":"2021-01-07T07:00:54","date_gmt":"2021-01-07T06:00:54","guid":{"rendered":"https:\/\/www.almega.se\/?p=33728"},"modified":"2024-08-19T13:04:53","modified_gmt":"2024-08-19T11:04:53","slug":"ny-rapport-sveriges-valfard-vinner-pa-kompetensinvandring","status":"publish","type":"post","link":"https:\/\/www.almega.se\/2021\/01\/ny-rapport-sveriges-valfard-vinner-pa-kompetensinvandring\/","title":{"rendered":"Ny rapport \u2013 Sveriges v\u00e4lf\u00e4rd vinner p\u00e5 kompetens&shy;invandring"},"content":{"rendered":"<p class=\"intro\">Arbetskraftsinvandringen \u00e4r en het fr\u00e5ga. Men hur p\u00e5verkar den egentligen den offentliga ekonomin? Av Almegas nya rapport framg\u00e5r att den genererar ett stort ekonomiskt \u00f6verskott. N\u00e4rmare best\u00e4mt 1,7 miljarder kronor.<\/p>\n\n<p>Den internationella konkurrensen mellan f\u00f6retag om talanger har h\u00e5rdnat de senaste \u00e5ren. F\u00f6r svensk del har dagens \u00f6ppna regelverk f\u00f6r arbetskraftsinvandring hittills varit en f\u00f6rdel i kampen om h\u00f6gkvalificerad arbetskraft. Kritiker menar dock att det r\u00e5der en osund konkurrens p\u00e5 arbetsmarknaden d\u00e4r arbetskraftsinvandrare tar jobb fr\u00e5n svagare grupper i samh\u00e4llet och f\u00f6rs\u00f6rjer sig p\u00e5 bidrag. Nu kan Almega visa ett detta inte st\u00e4mmer.<\/p>\n\n\n\n<p>I en ny rapport kartl\u00e4ggs f\u00f6r f\u00f6rsta g\u00e5ngen arbetskraftsinvandringens effekter p\u00e5 den offentliga sektorns ekonomi, de pengar som finansierar v\u00e4lf\u00e4rden, samt om arbetskraftsinvandrarna f\u00f6rs\u00f6rjer sig sj\u00e4lva och sina anh\u00f6riga eller inte. Slutsatserna \u00e4r entydiga: Arbetskraftsinvandringen genererar ett stort ekonomiskt plus.<\/p>\n\n\n\n<p>\u2013 Kritiken mot arbetskraftsinvandringen \u00e4r v\u00e4ldigt onyanserad. Det handlar egentligen om en kompetensinvandring. Bortser man fr\u00e5n s\u00e4songanst\u00e4llda b\u00e4rplockare och plant\u00f6rer s\u00e5 arbetar nio av tio arbetskraftsinvandrare i yrken som kr\u00e4ver minst gymnasieutbildning, s\u00e4ger Andreas \u00c5str\u00f6m.<\/p>\n\n\n\n<p>Rapporten visar \u00e4ven att arbetskraftsinvandringen inte heller \u00f6kar konkurrensen om jobben n\u00e4mnv\u00e4rt. Inom 92 procent av de yrken som beviljas flest arbetstillst\u00e5nd r\u00e5der det antingen brist p\u00e5 arbetskraft eller s\u00e5 \u00f6kar antalet arbetstillf\u00e4llen.<\/p>\n\n\n\n<p>\u2013 De fyller luckor i bristyrken och bidrar d\u00e4rmed till att f\u00e5 f\u00f6retag att v\u00e4xa och skapa nya arbetstillf\u00e4llen \u00e4ven f\u00f6r andra, s\u00e4ger Andreas \u00c5str\u00f6m.<\/p>\n\n\n\n<p>Dessutom \u00e4r arbetskraftsinvandringen i huvudsak tillf\u00e4llig. Knappt \u00e5tta procent av de som reste till Sverige f\u00f6r att arbeta mellan 2009 och 2019 har f\u00e5tt permanent uppeh\u00e5llstillst\u00e5nd \u2013 i genomsnitt 1&nbsp;500 personer om \u00e5ret.<\/p>\n\n\n\n<p>I debatten finns f\u00f6rslag p\u00e5 att h\u00f6ja kraven p\u00e5 hur mycket en arbetskraftsinvandrare minst m\u00e5ste tj\u00e4na och att inkomsten m\u00e5ste vara \u00e4nnu h\u00f6gre om man har med sig anh\u00f6riga.<\/p>\n\n\n\n<p>\u2013 V\u00e5r unders\u00f6kning visar tydligt att det inte beh\u00f6vs n\u00e5got f\u00f6rs\u00f6rjningskrav eftersom alla arbetskraftsinvandrare i princip redan \u00e4r sj\u00e4lvf\u00f6rs\u00f6rjande, s\u00e4ger Andreas \u00c5str\u00f6m.<\/p>\n\n\n\n<p>Rapporten visar att arbetskraftsinvandrare och deras anh\u00f6riga i ytterst liten omfattning tar emot ekonomiskt bist\u00e5nd eller andra bidrag. Endast 0,2 procent \u2013 19 personer \u2013 av arbetskraftsinvandrarna och deras anh\u00f6riga tar emot ekonomiskt bist\u00e5nd. De genomsnittliga bidragen \u00e4r ca 500 kronor i m\u00e5naden per arbetskraftsinvandrare och anh\u00f6rig fr\u00e4mst f\u00f6r\u00e4ldrapenning och barnbidrag.<\/p>\n\n\n\n<p>Sammantaget \u00f6verstiger int\u00e4kterna fr\u00e5n arbetskraftsinvandringen kostnaderna f\u00f6r den offentliga service och de bidrag som arbetskraftsinvandrarna och deras anh\u00f6riga tar emot.<\/p>\n\n\n\n<p>\u2013 F\u00f6rsiktigt r\u00e4knat visar v\u00e5r kartl\u00e4ggning att de som kommer hit f\u00f6r att arbeta ger ett ekonomiskt \u00f6verskott till den offentliga sektorn p\u00e5 1,7 miljarder kronor. Arbetskraftsinvandrarna st\u00e5r allts\u00e5 inte bara f\u00f6r sina egna kostnader utan bidrar i h\u00f6gsta grad till v\u00e5r allm\u00e4nna v\u00e4lf\u00e4rd, s\u00e4ger Andreas \u00c5str\u00f6m.<\/p>\n\n\n\n<p>Rapporten visar \u00e4ven att enklare jobb som st\u00e4dare eller k\u00f6ks- och restaurangbitr\u00e4de genererar ekonomiska \u00f6verskott f\u00f6r samh\u00e4llet. Exempelvis genererar de st\u00e4dare som arbetskraftsinvandrat ett \u00f6verskott p\u00e5 15,5 miljoner kronor, anh\u00f6riga inkluderade.<\/p>\n\n\n\n<p>\u2013 Almegas rapport visar att arbetskraftsinvandrarna fyller viktiga luckor p\u00e5 arbetsmarknaden. De ger mycket mer till Sverige \u00e4n vad de tar emot. De bidrar till v\u00e5r v\u00e4lf\u00e4rd. Den som h\u00e4vdar motsatsen kan inte ha r\u00e4knat p\u00e5 saken, s\u00e4ger Andreas \u00c5str\u00f6m.<\/p>\n\n\n\n      <a href=\"https:\/\/www.almega.se\/app\/uploads\/2021\/01\/2021_01_arbetskraftsinvandring.pdf\" target=\"_blank\" class=\"Button is-button is-style-fill has-black-background-color has-black-border-color has-white-color Button--download white-space-nowrap\">\n      \n        L\u00e4s rapporten\n      \n      \n                <svg class='icon icon--download'  width=\"16\" height=\"16\" viewBox=\"0 0 16 16\" fill=\"none\" xmlns=\"http:\/\/www.w3.org\/2000\/svg\">\n<path d=\"M8 -2.18557e-07L8 10M8 10L13 5M8 10L3 5\" stroke=\"black\" stroke-width=\"2\" stroke-miterlimit=\"10\"\/>\n<path d=\"M15 11.5V15H1V11.5\" stroke=\"black\" stroke-width=\"2\" stroke-miterlimit=\"10\"\/>\n<\/svg>\n\n        \n    <\/a>\n  \n","protected":false},"excerpt":{"rendered":"<p>Den internationella konkurrensen mellan f\u00f6retag om talanger har h\u00e5rdnat de senaste \u00e5ren. F\u00f6r svensk del har dagens \u00f6ppna regelverk f\u00f6r arbetskraftsinvandring hittills varit en f\u00f6rdel i kampen om h\u00f6gkvalificerad arbetskraft. Kritiker menar dock att det &hellip;<\/p>\n","protected":false},"author":3,"featured_media":33732,"comment_status":"closed","ping_status":"closed","sticky":false,"template":"","format":"standard","meta":{"_acf_changed":false,"footnotes":""},"categories":[64,419,46],"tags":[543,610],"article_type":[56,42],"agreement":[],"class_list":["post-33728","post","type-post","status-publish","format-standard","has-post-thumbnail","hentry","category-arbetsmarknad","category-kompetensforsorjning","category-valfard","tag-arbetskraftsinvandring","tag-kompetensforsorjning","type-nyheter","type-rapporter"],"acf":[],"yoast_head":"<!-- This site is optimized with the Yoast SEO Premium plugin v26.8 (Yoast SEO v26.8) - https:\/\/yoast.com\/product\/yoast-seo-premium-wordpress\/ -->\n<title>Ny rapport \u2013 Sveriges v\u00e4lf\u00e4rd vinner p\u00e5 kompetensinvandring | Almega<\/title>\n<meta name=\"robots\" content=\"index, follow, max-snippet:-1, max-image-preview:large, max-video-preview:-1\" \/>\n<link rel=\"canonical\" href=\"https:\/\/www.almega.se\/2021\/01\/ny-rapport-sveriges-valfard-vinner-pa-kompetensinvandring\/\" \/>\n<meta property=\"og:locale\" content=\"sv_SE\" \/>\n<meta property=\"og:type\" content=\"article\" \/>\n<meta property=\"og:title\" content=\"Ny rapport \u2013 Sveriges v\u00e4lf\u00e4rd vinner p\u00e5 kompetensinvandring\" \/>\n<meta property=\"og:description\" content=\"Den internationella konkurrensen mellan f\u00f6retag om talanger har h\u00e5rdnat de senaste \u00e5ren. F\u00f6r svensk del har dagens \u00f6ppna regelverk f\u00f6r arbetskraftsinvandring hittills varit en f\u00f6rdel i kampen om h\u00f6gkvalificerad arbetskraft. Kritiker menar dock att det &hellip;\" \/>\n<meta property=\"og:url\" content=\"https:\/\/www.almega.se\/2021\/01\/ny-rapport-sveriges-valfard-vinner-pa-kompetensinvandring\/\" \/>\n<meta property=\"og:site_name\" content=\"Almega\" \/>\n<meta property=\"article:published_time\" content=\"2021-01-07T06:00:54+00:00\" \/>\n<meta property=\"article:modified_time\" content=\"2024-08-19T11:04:53+00:00\" \/>\n<meta property=\"og:image\" content=\"https:\/\/www.almega.se\/app\/uploads\/2021\/01\/namnlos-design-11.png\" \/>\n\t<meta property=\"og:image:width\" content=\"1000\" \/>\n\t<meta property=\"og:image:height\" content=\"600\" \/>\n\t<meta property=\"og:image:type\" content=\"image\/png\" \/>\n<meta name=\"author\" content=\"Julia Schwamberg\" \/>\n<meta name=\"twitter:card\" content=\"summary_large_image\" \/>\n<meta name=\"twitter:label1\" content=\"Skriven av\" \/>\n\t<meta name=\"twitter:data1\" content=\"Julia Schwamberg\" \/>\n\t<meta name=\"twitter:label2\" content=\"Ber\u00e4knad l\u00e4stid\" \/>\n\t<meta name=\"twitter:data2\" content=\"3 minuter\" \/>\n<!-- \/ Yoast SEO Premium plugin. -->","yoast_head_json":{"title":"Ny rapport \u2013 Sveriges v\u00e4lf\u00e4rd vinner p\u00e5 kompetensinvandring | Almega","robots":{"index":"index","follow":"follow","max-snippet":"max-snippet:-1","max-image-preview":"max-image-preview:large","max-video-preview":"max-video-preview:-1"},"canonical":"https:\/\/www.almega.se\/2021\/01\/ny-rapport-sveriges-valfard-vinner-pa-kompetensinvandring\/","og_locale":"sv_SE","og_type":"article","og_title":"Ny rapport \u2013 Sveriges v\u00e4lf\u00e4rd vinner p\u00e5 kompetensinvandring","og_description":"Den internationella konkurrensen mellan f\u00f6retag om talanger har h\u00e5rdnat de senaste \u00e5ren. F\u00f6r svensk del har dagens \u00f6ppna regelverk f\u00f6r arbetskraftsinvandring hittills varit en f\u00f6rdel i kampen om h\u00f6gkvalificerad arbetskraft. Kritiker menar dock att det &hellip;","og_url":"https:\/\/www.almega.se\/2021\/01\/ny-rapport-sveriges-valfard-vinner-pa-kompetensinvandring\/","og_site_name":"Almega","article_published_time":"2021-01-07T06:00:54+00:00","article_modified_time":"2024-08-19T11:04:53+00:00","og_image":[{"width":1000,"height":600,"url":"https:\/\/www.almega.se\/app\/uploads\/2021\/01\/namnlos-design-11.png","type":"image\/png"}],"author":"Julia Schwamberg","twitter_card":"summary_large_image","twitter_misc":{"Skriven av":"Julia Schwamberg","Ber\u00e4knad l\u00e4stid":"3 minuter"},"schema":{"@context":"https:\/\/schema.org","@graph":[{"@type":"NewsArticle","@id":"https:\/\/www.almega.se\/2021\/01\/ny-rapport-sveriges-valfard-vinner-pa-kompetensinvandring\/#article","isPartOf":{"@id":"https:\/\/www.almega.se\/2021\/01\/ny-rapport-sveriges-valfard-vinner-pa-kompetensinvandring\/"},"author":{"name":"Julia Schwamberg","@id":"https:\/\/www.almega.se\/#\/schema\/person\/efcc735e9c1ba0f9de79e69dc5be5f8a"},"headline":"Ny rapport \u2013 Sveriges v\u00e4lf\u00e4rd vinner p\u00e5 kompetens&shy;invandring","datePublished":"2021-01-07T06:00:54+00:00","dateModified":"2024-08-19T11:04:53+00:00","mainEntityOfPage":{"@id":"https:\/\/www.almega.se\/2021\/01\/ny-rapport-sveriges-valfard-vinner-pa-kompetensinvandring\/"},"wordCount":570,"image":{"@id":"https:\/\/www.almega.se\/2021\/01\/ny-rapport-sveriges-valfard-vinner-pa-kompetensinvandring\/#primaryimage"},"thumbnailUrl":"https:\/\/www.almega.se\/app\/uploads\/2021\/01\/namnlos-design-11.png","keywords":["Arbetskraftsinvandring","Kompetensf\u00f6rs\u00f6rjning"],"articleSection":["Arbetsmarknad","Kompetensf\u00f6rs\u00f6rjning","V\u00e4lf\u00e4rd"],"inLanguage":"sv-SE"},{"@type":"WebPage","@id":"https:\/\/www.almega.se\/2021\/01\/ny-rapport-sveriges-valfard-vinner-pa-kompetensinvandring\/","url":"https:\/\/www.almega.se\/2021\/01\/ny-rapport-sveriges-valfard-vinner-pa-kompetensinvandring\/","name":"Ny rapport \u2013 Sveriges v\u00e4lf\u00e4rd vinner p\u00e5 kompetensinvandring | Almega","isPartOf":{"@id":"https:\/\/www.almega.se\/#website"},"primaryImageOfPage":{"@id":"https:\/\/www.almega.se\/2021\/01\/ny-rapport-sveriges-valfard-vinner-pa-kompetensinvandring\/#primaryimage"},"image":{"@id":"https:\/\/www.almega.se\/2021\/01\/ny-rapport-sveriges-valfard-vinner-pa-kompetensinvandring\/#primaryimage"},"thumbnailUrl":"https:\/\/www.almega.se\/app\/uploads\/2021\/01\/namnlos-design-11.png","datePublished":"2021-01-07T06:00:54+00:00","dateModified":"2024-08-19T11:04:53+00:00","author":{"@id":"https:\/\/www.almega.se\/#\/schema\/person\/efcc735e9c1ba0f9de79e69dc5be5f8a"},"breadcrumb":{"@id":"https:\/\/www.almega.se\/2021\/01\/ny-rapport-sveriges-valfard-vinner-pa-kompetensinvandring\/#breadcrumb"},"inLanguage":"sv-SE","potentialAction":[{"@type":"ReadAction","target":["https:\/\/www.almega.se\/2021\/01\/ny-rapport-sveriges-valfard-vinner-pa-kompetensinvandring\/"]}]},{"@type":"ImageObject","inLanguage":"sv-SE","@id":"https:\/\/www.almega.se\/2021\/01\/ny-rapport-sveriges-valfard-vinner-pa-kompetensinvandring\/#primaryimage","url":"https:\/\/www.almega.se\/app\/uploads\/2021\/01\/namnlos-design-11.png","contentUrl":"https:\/\/www.almega.se\/app\/uploads\/2021\/01\/namnlos-design-11.png","width":1000,"height":600},{"@type":"BreadcrumbList","@id":"https:\/\/www.almega.se\/2021\/01\/ny-rapport-sveriges-valfard-vinner-pa-kompetensinvandring\/#breadcrumb","itemListElement":[{"@type":"ListItem","position":1,"name":"Home","item":"https:\/\/www.almega.se\/"},{"@type":"ListItem","position":2,"name":"Ny rapport \u2013 Sveriges v\u00e4lf\u00e4rd vinner p\u00e5 kompetens&shy;invandring"}]},{"@type":"WebSite","@id":"https:\/\/www.almega.se\/#website","url":"https:\/\/www.almega.se\/","name":"Almega","description":"","potentialAction":[{"@type":"SearchAction","target":{"@type":"EntryPoint","urlTemplate":"https:\/\/www.almega.se\/?s={search_term_string}"},"query-input":{"@type":"PropertyValueSpecification","valueRequired":true,"valueName":"search_term_string"}}],"inLanguage":"sv-SE"},{"@type":"Person","@id":"https:\/\/www.almega.se\/#\/schema\/person\/efcc735e9c1ba0f9de79e69dc5be5f8a","name":"Julia Schwamberg","image":{"@type":"ImageObject","inLanguage":"sv-SE","@id":"https:\/\/www.almega.se\/#\/schema\/person\/image\/","url":"https:\/\/secure.gravatar.com\/avatar\/60ee7d8b8e9aa9b036f4768c0d2e868d8f080bcf68689c0f64ab3b87b1c2f78b?s=96&d=mm&r=g","contentUrl":"https:\/\/secure.gravatar.com\/avatar\/60ee7d8b8e9aa9b036f4768c0d2e868d8f080bcf68689c0f64ab3b87b1c2f78b?s=96&d=mm&r=g","caption":"Julia Schwamberg"},"url":"https:\/\/www.almega.se\/person\/juliaschwamberg\/"}]}},"_links":{"self":[{"href":"https:\/\/www.almega.se\/api\/wp\/v2\/posts\/33728","targetHints":{"allow":["GET"]}}],"collection":[{"href":"https:\/\/www.almega.se\/api\/wp\/v2\/posts"}],"about":[{"href":"https:\/\/www.almega.se\/api\/wp\/v2\/types\/post"}],"author":[{"embeddable":true,"href":"https:\/\/www.almega.se\/api\/wp\/v2\/users\/3"}],"replies":[{"embeddable":true,"href":"https:\/\/www.almega.se\/api\/wp\/v2\/comments?post=33728"}],"version-history":[{"count":9,"href":"https:\/\/www.almega.se\/api\/wp\/v2\/posts\/33728\/revisions"}],"predecessor-version":[{"id":59045,"href":"https:\/\/www.almega.se\/api\/wp\/v2\/posts\/33728\/revisions\/59045"}],"wp:featuredmedia":[{"embeddable":true,"href":"https:\/\/www.almega.se\/api\/wp\/v2\/media\/33732"}],"wp:attachment":[{"href":"https:\/\/www.almega.se\/api\/wp\/v2\/media?parent=33728"}],"wp:term":[{"taxonomy":"category","embeddable":true,"href":"https:\/\/www.almega.se\/api\/wp\/v2\/categories?post=33728"},{"taxonomy":"post_tag","embeddable":true,"href":"https:\/\/www.almega.se\/api\/wp\/v2\/tags?post=33728"},{"taxonomy":"type","embeddable":true,"href":"https:\/\/www.almega.se\/api\/wp\/v2\/article_type?post=33728"},{"taxonomy":"agreement","embeddable":true,"href":"https:\/\/www.almega.se\/api\/wp\/v2\/agreement?post=33728"}],"curies":[{"name":"wp","href":"https:\/\/api.w.org\/{rel}","templated":true}]}}