{"id":33580,"date":"2020-12-22T13:00:00","date_gmt":"2020-12-22T12:00:00","guid":{"rendered":"https:\/\/www.almega.se\/2020\/12\/tjansteforbunden-tecknar-nya-kollektivavtal-inom-fastigheter\/"},"modified":"2020-12-22T13:00:00","modified_gmt":"2020-12-22T12:00:00","slug":"tjansteforbunden-tecknar-nya-kollektivavtal-inom-fastigheter","status":"publish","type":"post","link":"https:\/\/www.almega.se\/2020\/12\/tjansteforbunden-tecknar-nya-kollektivavtal-inom-fastigheter\/","title":{"rendered":"Tj\u00e4nste&shy;f\u00f6rbunden tecknar nya kollektivavtal inom fastigheter"},"content":{"rendered":"<p class=\"intro\">Almega Tj\u00e4nstef\u00f6rbunden Fastighetsarbetsgivarna har tecknat nya kollektivavtal med Ledarna, SEKO, Sveriges Ingenj\u00f6rer och Unionen. Det nya avtalet str\u00e4cker sig \u00f6ver 29 m\u00e5nader med en total l\u00f6ne\u00f6kningsniv\u00e5 p\u00e5 5,4 procent. Inom kostnadsramen ryms \u00e4ven pensionsavs\u00e4ttningar.<\/p>\n\n<p>\u2013 Det \u00e4r gl\u00e4djande att vi kommit \u00f6verens med samtliga motparter om nya kollektivavtal inom fastigheter. F\u00f6rhandlingarna har pr\u00e4glats av en vilja att uppn\u00e5 h\u00e5llbara villkor f\u00f6r b\u00e5de f\u00f6retag och medarbetare och vi \u00e4r n\u00f6jda med att samtliga delar i avtalet ryms inom de ramar arbetsmarknadens parter best\u00e4mt tillsammans i det s\u00e5 kallade m\u00e4rket, s\u00e4ger Stefan Lennstr\u00f6m, avtalsansvarig f\u00f6rhandlare f\u00f6r Almega Fastighetsarbetsgivarna.<\/p>\n\n\n\n<p>Avtalen omfattar tj\u00e4nstem\u00e4n i drygt 750 medlemsf\u00f6retag med totalt omkring 13 500 medarbetare.<\/p>\n\n\n\n<p>Almega Fastighetsarbetsgivarna \u00e4r en bransch inom Almega och en arbetsgivarorganisation f\u00f6r fastighets\u00e4gare, fastighetsbolag, f\u00f6rvaltare, entrepren\u00f6rer och bostadsr\u00e4ttsf\u00f6reningar.<\/p>\n\n\n\n<p><em>Almega str\u00e4var efter de b\u00e4sta f\u00f6ruts\u00e4ttningarna f\u00f6r b\u00e5de f\u00f6retagare och medarbetare. Att erbjuda attraktiva villkor \u00e4r avg\u00f6rande f\u00f6r tj\u00e4nstef\u00f6retagens framg\u00e5ng. Tillsammans skapar vi en bra arbetsmarknad: under avtalsf\u00f6rhandlingarna, men framf\u00f6rallt varje dag p\u00e5 arbetsplatserna i samtal mellan f\u00f6retagare och medarbetare. I avtalsr\u00f6relsen 2020 tecknar Almega sammanlagt 130 avtal, flest av alla arbetsgivarorganisationer.<\/em><\/p>\n","protected":false},"excerpt":{"rendered":"<p>Almega Tj\u00e4nstef\u00f6rbunden Fastighetsarbetsgivarna har tecknat nya kollektivavtal med Ledarna, SEKO, Sveriges Ingenj\u00f6rer och Unionen. Det nya avtalet str\u00e4cker sig \u00f6ver 29 m\u00e5nader med en total l\u00f6ne\u00f6kningsniv\u00e5 p\u00e5 5,4 procent. Inom kostnadsramen ryms \u00e4ven pensionsavs\u00e4ttningar.<\/p>\n","protected":false},"author":3,"featured_media":33581,"comment_status":"closed","ping_status":"closed","sticky":false,"template":"","format":"standard","meta":{"_acf_changed":false,"footnotes":""},"categories":[451],"tags":[76],"article_type":[93],"agreement":[],"class_list":["post-33580","post","type-post","status-publish","format-standard","has-post-thumbnail","hentry","category-arbetsgivarfragor","tag-kollektivavtal","type-pressmeddelanden"],"acf":[],"yoast_head":"<!-- This site is optimized with the Yoast SEO Premium plugin v26.8 (Yoast SEO v26.8) - https:\/\/yoast.com\/product\/yoast-seo-premium-wordpress\/ -->\n<title>Tj\u00e4nstef\u00f6rbunden tecknar nya kollektivavtal inom fastigheter | Almega<\/title>\n<meta name=\"robots\" content=\"index, follow, max-snippet:-1, max-image-preview:large, max-video-preview:-1\" \/>\n<link rel=\"canonical\" href=\"https:\/\/www.almega.se\/2020\/12\/tjansteforbunden-tecknar-nya-kollektivavtal-inom-fastigheter\/\" \/>\n<meta property=\"og:locale\" content=\"sv_SE\" \/>\n<meta property=\"og:type\" content=\"article\" \/>\n<meta property=\"og:title\" content=\"Tj\u00e4nstef\u00f6rbunden tecknar nya kollektivavtal inom fastigheter\" \/>\n<meta property=\"og:description\" content=\"Almega Tj\u00e4nstef\u00f6rbunden Fastighetsarbetsgivarna har tecknat nya kollektivavtal med Ledarna, SEKO, Sveriges Ingenj\u00f6rer och Unionen. Det nya avtalet str\u00e4cker sig \u00f6ver 29 m\u00e5nader med en total l\u00f6ne\u00f6kningsniv\u00e5 p\u00e5 5,4 procent. Inom kostnadsramen ryms \u00e4ven pensionsavs\u00e4ttningar.\" \/>\n<meta property=\"og:url\" content=\"https:\/\/www.almega.se\/2020\/12\/tjansteforbunden-tecknar-nya-kollektivavtal-inom-fastigheter\/\" \/>\n<meta property=\"og:site_name\" content=\"Almega\" \/>\n<meta property=\"article:published_time\" content=\"2020-12-22T12:00:00+00:00\" \/>\n<meta property=\"og:image\" content=\"https:\/\/www.almega.se\/app\/uploads\/2020\/12\/981ff8e2-817b-4c67-8418-0e602db1f24d-scaled.jpg\" \/>\n\t<meta property=\"og:image:width\" content=\"2560\" \/>\n\t<meta property=\"og:image:height\" content=\"1707\" \/>\n\t<meta property=\"og:image:type\" content=\"image\/jpeg\" \/>\n<meta name=\"author\" content=\"Julia Schwamberg\" \/>\n<meta name=\"twitter:card\" content=\"summary_large_image\" \/>\n<meta name=\"twitter:label1\" content=\"Skriven av\" \/>\n\t<meta name=\"twitter:data1\" content=\"Julia Schwamberg\" \/>\n\t<meta name=\"twitter:label2\" content=\"Ber\u00e4knad l\u00e4stid\" \/>\n\t<meta name=\"twitter:data2\" content=\"1 minut\" \/>\n<!-- \/ Yoast SEO Premium plugin. -->","yoast_head_json":{"title":"Tj\u00e4nstef\u00f6rbunden tecknar nya kollektivavtal inom fastigheter | Almega","robots":{"index":"index","follow":"follow","max-snippet":"max-snippet:-1","max-image-preview":"max-image-preview:large","max-video-preview":"max-video-preview:-1"},"canonical":"https:\/\/www.almega.se\/2020\/12\/tjansteforbunden-tecknar-nya-kollektivavtal-inom-fastigheter\/","og_locale":"sv_SE","og_type":"article","og_title":"Tj\u00e4nstef\u00f6rbunden tecknar nya kollektivavtal inom fastigheter","og_description":"Almega Tj\u00e4nstef\u00f6rbunden Fastighetsarbetsgivarna har tecknat nya kollektivavtal med Ledarna, SEKO, Sveriges Ingenj\u00f6rer och Unionen. Det nya avtalet str\u00e4cker sig \u00f6ver 29 m\u00e5nader med en total l\u00f6ne\u00f6kningsniv\u00e5 p\u00e5 5,4 procent. Inom kostnadsramen ryms \u00e4ven pensionsavs\u00e4ttningar.","og_url":"https:\/\/www.almega.se\/2020\/12\/tjansteforbunden-tecknar-nya-kollektivavtal-inom-fastigheter\/","og_site_name":"Almega","article_published_time":"2020-12-22T12:00:00+00:00","og_image":[{"width":2560,"height":1707,"url":"https:\/\/www.almega.se\/app\/uploads\/2020\/12\/981ff8e2-817b-4c67-8418-0e602db1f24d-scaled.jpg","type":"image\/jpeg"}],"author":"Julia Schwamberg","twitter_card":"summary_large_image","twitter_misc":{"Skriven av":"Julia Schwamberg","Ber\u00e4knad l\u00e4stid":"1 minut"},"schema":{"@context":"https:\/\/schema.org","@graph":[{"@type":"NewsArticle","@id":"https:\/\/www.almega.se\/2020\/12\/tjansteforbunden-tecknar-nya-kollektivavtal-inom-fastigheter\/#article","isPartOf":{"@id":"https:\/\/www.almega.se\/2020\/12\/tjansteforbunden-tecknar-nya-kollektivavtal-inom-fastigheter\/"},"author":{"name":"Julia Schwamberg","@id":"https:\/\/www.almega.se\/#\/schema\/person\/efcc735e9c1ba0f9de79e69dc5be5f8a"},"headline":"Tj\u00e4nste&shy;f\u00f6rbunden tecknar nya kollektivavtal inom fastigheter","datePublished":"2020-12-22T12:00:00+00:00","mainEntityOfPage":{"@id":"https:\/\/www.almega.se\/2020\/12\/tjansteforbunden-tecknar-nya-kollektivavtal-inom-fastigheter\/"},"wordCount":185,"image":{"@id":"https:\/\/www.almega.se\/2020\/12\/tjansteforbunden-tecknar-nya-kollektivavtal-inom-fastigheter\/#primaryimage"},"thumbnailUrl":"https:\/\/www.almega.se\/app\/uploads\/2020\/12\/981ff8e2-817b-4c67-8418-0e602db1f24d-scaled.jpg","keywords":["Kollektivavtal"],"articleSection":["Arbetsgivarfr\u00e5gor"],"inLanguage":"sv-SE"},{"@type":"WebPage","@id":"https:\/\/www.almega.se\/2020\/12\/tjansteforbunden-tecknar-nya-kollektivavtal-inom-fastigheter\/","url":"https:\/\/www.almega.se\/2020\/12\/tjansteforbunden-tecknar-nya-kollektivavtal-inom-fastigheter\/","name":"Tj\u00e4nstef\u00f6rbunden tecknar nya kollektivavtal inom fastigheter | Almega","isPartOf":{"@id":"https:\/\/www.almega.se\/#website"},"primaryImageOfPage":{"@id":"https:\/\/www.almega.se\/2020\/12\/tjansteforbunden-tecknar-nya-kollektivavtal-inom-fastigheter\/#primaryimage"},"image":{"@id":"https:\/\/www.almega.se\/2020\/12\/tjansteforbunden-tecknar-nya-kollektivavtal-inom-fastigheter\/#primaryimage"},"thumbnailUrl":"https:\/\/www.almega.se\/app\/uploads\/2020\/12\/981ff8e2-817b-4c67-8418-0e602db1f24d-scaled.jpg","datePublished":"2020-12-22T12:00:00+00:00","author":{"@id":"https:\/\/www.almega.se\/#\/schema\/person\/efcc735e9c1ba0f9de79e69dc5be5f8a"},"breadcrumb":{"@id":"https:\/\/www.almega.se\/2020\/12\/tjansteforbunden-tecknar-nya-kollektivavtal-inom-fastigheter\/#breadcrumb"},"inLanguage":"sv-SE","potentialAction":[{"@type":"ReadAction","target":["https:\/\/www.almega.se\/2020\/12\/tjansteforbunden-tecknar-nya-kollektivavtal-inom-fastigheter\/"]}]},{"@type":"ImageObject","inLanguage":"sv-SE","@id":"https:\/\/www.almega.se\/2020\/12\/tjansteforbunden-tecknar-nya-kollektivavtal-inom-fastigheter\/#primaryimage","url":"https:\/\/www.almega.se\/app\/uploads\/2020\/12\/981ff8e2-817b-4c67-8418-0e602db1f24d-scaled.jpg","contentUrl":"https:\/\/www.almega.se\/app\/uploads\/2020\/12\/981ff8e2-817b-4c67-8418-0e602db1f24d-scaled.jpg","width":2560,"height":1707,"caption":"Stefan Lennstr\u00f6m, avtalsansvarig f\u00f6rhandlare f\u00f6r Almega Fastighetsarbetsgivarna"},{"@type":"BreadcrumbList","@id":"https:\/\/www.almega.se\/2020\/12\/tjansteforbunden-tecknar-nya-kollektivavtal-inom-fastigheter\/#breadcrumb","itemListElement":[{"@type":"ListItem","position":1,"name":"Home","item":"https:\/\/www.almega.se\/"},{"@type":"ListItem","position":2,"name":"Tj\u00e4nste&shy;f\u00f6rbunden tecknar nya kollektivavtal inom fastigheter"}]},{"@type":"WebSite","@id":"https:\/\/www.almega.se\/#website","url":"https:\/\/www.almega.se\/","name":"Almega","description":"","potentialAction":[{"@type":"SearchAction","target":{"@type":"EntryPoint","urlTemplate":"https:\/\/www.almega.se\/?s={search_term_string}"},"query-input":{"@type":"PropertyValueSpecification","valueRequired":true,"valueName":"search_term_string"}}],"inLanguage":"sv-SE"},{"@type":"Person","@id":"https:\/\/www.almega.se\/#\/schema\/person\/efcc735e9c1ba0f9de79e69dc5be5f8a","name":"Julia Schwamberg","image":{"@type":"ImageObject","inLanguage":"sv-SE","@id":"https:\/\/www.almega.se\/#\/schema\/person\/image\/","url":"https:\/\/secure.gravatar.com\/avatar\/60ee7d8b8e9aa9b036f4768c0d2e868d8f080bcf68689c0f64ab3b87b1c2f78b?s=96&d=mm&r=g","contentUrl":"https:\/\/secure.gravatar.com\/avatar\/60ee7d8b8e9aa9b036f4768c0d2e868d8f080bcf68689c0f64ab3b87b1c2f78b?s=96&d=mm&r=g","caption":"Julia Schwamberg"},"url":"https:\/\/www.almega.se\/person\/juliaschwamberg\/"}]}},"_links":{"self":[{"href":"https:\/\/www.almega.se\/api\/wp\/v2\/posts\/33580","targetHints":{"allow":["GET"]}}],"collection":[{"href":"https:\/\/www.almega.se\/api\/wp\/v2\/posts"}],"about":[{"href":"https:\/\/www.almega.se\/api\/wp\/v2\/types\/post"}],"author":[{"embeddable":true,"href":"https:\/\/www.almega.se\/api\/wp\/v2\/users\/3"}],"replies":[{"embeddable":true,"href":"https:\/\/www.almega.se\/api\/wp\/v2\/comments?post=33580"}],"version-history":[{"count":2,"href":"https:\/\/www.almega.se\/api\/wp\/v2\/posts\/33580\/revisions"}],"predecessor-version":[{"id":54150,"href":"https:\/\/www.almega.se\/api\/wp\/v2\/posts\/33580\/revisions\/54150"}],"wp:featuredmedia":[{"embeddable":true,"href":"https:\/\/www.almega.se\/api\/wp\/v2\/media\/33581"}],"wp:attachment":[{"href":"https:\/\/www.almega.se\/api\/wp\/v2\/media?parent=33580"}],"wp:term":[{"taxonomy":"category","embeddable":true,"href":"https:\/\/www.almega.se\/api\/wp\/v2\/categories?post=33580"},{"taxonomy":"post_tag","embeddable":true,"href":"https:\/\/www.almega.se\/api\/wp\/v2\/tags?post=33580"},{"taxonomy":"type","embeddable":true,"href":"https:\/\/www.almega.se\/api\/wp\/v2\/article_type?post=33580"},{"taxonomy":"agreement","embeddable":true,"href":"https:\/\/www.almega.se\/api\/wp\/v2\/agreement?post=33580"}],"curies":[{"name":"wp","href":"https:\/\/api.w.org\/{rel}","templated":true}]}}