{"id":33449,"date":"2020-12-21T13:39:39","date_gmt":"2020-12-21T12:39:39","guid":{"rendered":"https:\/\/www.almega.se\/2020\/12\/fem-nya-kollektivavtal-for-lager-och-distribution\/"},"modified":"2020-12-21T13:39:39","modified_gmt":"2020-12-21T12:39:39","slug":"fem-nya-kollektivavtal-for-lager-och-distribution","status":"publish","type":"post","link":"https:\/\/www.almega.se\/2020\/12\/fem-nya-kollektivavtal-for-lager-och-distribution\/","title":{"rendered":"Fem nya kollektivavtal f\u00f6r lager och distribution"},"content":{"rendered":"<p class=\"intro\">Tj\u00e4nstef\u00f6rbunden, Tj\u00e4nstef\u00f6retagen och Medief\u00f6retagen inom Almega har tecknat nya kollektivavtal f\u00f6r lager och distribution med Handelsanst\u00e4lldas f\u00f6rbund och Unionen. De nya avtalen str\u00e4cker sig \u00f6ver 29 m\u00e5nader och har en total kostnadsram om 5,4 procent som inkluderar b\u00e5de l\u00f6ne\u00f6kningar och \u00f6kade pensionsavs\u00e4ttningar.<\/p>\n\n<p>\u2013 F\u00f6rhandlingarna har varit l\u00f6sningsorienterade och skett i en anda av samf\u00f6rst\u00e5nd mellan parterna. Det \u00e4r mycket gl\u00e4djande att vi kunnat teckna ytterligare avtal som ligger inom de ramar som arbetsmarknadens parter \u00e4r \u00f6verens om, s\u00e4ger Kenneth Lidgren som varit ansvarig f\u00f6rhandlare f\u00f6r de tre Almegaf\u00f6rbunden: Tj\u00e4nstef\u00f6rbunden, Tj\u00e4nstef\u00f6retagen och Medief\u00f6retagen.<\/p>\n\n\n\n<p>Avtalen str\u00e4cker sig \u00f6ver 29 m\u00e5nader och g\u00e4ller fr\u00e5n och med 1 november 2020 t o m 31 mars 2023.<\/p>\n\n\n\n<p>Avtalen som Almega Tj\u00e4nstef\u00f6rbunden och Medief\u00f6retagen har tecknat med Handelsanst\u00e4lldas f\u00f6rbund inneb\u00e4r l\u00f6ne\u00f6kningar med 718 kronor per m\u00e5nad fr\u00e5n den 1 november 2020 och 529 kronor per m\u00e5nad fr\u00e5n den 1 april 2022.<\/p>\n\n\n\n<p>Almega Tj\u00e4nstef\u00f6retagen har tecknat tv\u00e5 avtal med Handelsanst\u00e4lldas f\u00f6rbund, ett f\u00f6r lagerpersonal och chauff\u00f6rer samt ett f\u00f6r fryshus. Dessa avtal inneb\u00e4r l\u00f6ne\u00f6kningar med 794 respektive 841 kronor per m\u00e5nad fr\u00e5n den 1 november 2020 och 619 respektive 641 kronor per m\u00e5nad fr\u00e5n den 1 april 2022.&nbsp;<\/p>\n\n\n\n<p>F\u00f6r samtliga avtal g\u00e4ller avr\u00e4kning f\u00f6r \u00f6kade kostnader i och med en s\u00e4nkt \u00e5lder f\u00f6r intj\u00e4nande till tj\u00e4nstepension.<\/p>\n\n\n\n<p>F\u00f6r tj\u00e4nstem\u00e4n inom lager och distribution har Almega Tj\u00e4nstef\u00f6rbunden tecknat avtal med Unionen. Detta avtal inneb\u00e4r l\u00f6ne\u00f6kningar med 2,9 % fr\u00e5n den 1 december 2020 och 1,8 % fr\u00e5n den 1 maj 2022. \u00d6kade avs\u00e4ttningar till Flexpension sker d\u00e4rut\u00f6ver med 0,3 procent fr\u00e5n den 1 november 2020 och 0,4 procent fr\u00e5n den 1 maj 2022.<\/p>\n\n\n\n<p>Avtalen omfattar omkring 50 f\u00f6retag med drygt 3000 medarbetare.<\/p>\n\n\n\n<p><em>Almega str\u00e4var efter de b\u00e4sta f\u00f6ruts\u00e4ttningarna f\u00f6r b\u00e5de f\u00f6retagare och medarbetare. Att erbjuda attraktiva villkor \u00e4r avg\u00f6rande f\u00f6r tj\u00e4nstef\u00f6retagens framg\u00e5ng. Tillsammans skapar vi en bra arbetsmarknad: under avtalsf\u00f6rhandlingarna, men framf\u00f6rallt varje dag p\u00e5 arbetsplatserna i samtal mellan f\u00f6retagare och medarbetare. I avtalsr\u00f6relsen 2020 tecknar Almega sammanlagt 130 avtal, flest av alla arbetsgivarorganisationer.<\/em><\/p>\n","protected":false},"excerpt":{"rendered":"<p>Tj\u00e4nstef\u00f6rbunden, Tj\u00e4nstef\u00f6retagen och Medief\u00f6retagen inom Almega har tecknat nya kollektivavtal f\u00f6r lager och distribution med Handelsanst\u00e4lldas f\u00f6rbund och Unionen. De nya avtalen str\u00e4cker sig \u00f6ver 29 m\u00e5nader och har en total kostnadsram om 5,4 procent som inkluderar b\u00e5de l\u00f6ne\u00f6kningar och \u00f6kade pensionsavs\u00e4ttningar.<\/p>\n","protected":false},"author":3,"featured_media":33450,"comment_status":"closed","ping_status":"closed","sticky":false,"template":"","format":"standard","meta":{"_acf_changed":false,"footnotes":""},"categories":[451],"tags":[76],"article_type":[93],"agreement":[],"class_list":["post-33449","post","type-post","status-publish","format-standard","has-post-thumbnail","hentry","category-arbetsgivarfragor","tag-kollektivavtal","type-pressmeddelanden"],"acf":[],"yoast_head":"<!-- This site is optimized with the Yoast SEO Premium plugin v26.8 (Yoast SEO v26.8) - https:\/\/yoast.com\/product\/yoast-seo-premium-wordpress\/ -->\n<title>Fem nya kollektivavtal f\u00f6r lager och distribution | Almega<\/title>\n<meta name=\"robots\" content=\"index, follow, max-snippet:-1, max-image-preview:large, max-video-preview:-1\" \/>\n<link rel=\"canonical\" href=\"https:\/\/www.almega.se\/2020\/12\/fem-nya-kollektivavtal-for-lager-och-distribution\/\" \/>\n<meta property=\"og:locale\" content=\"sv_SE\" \/>\n<meta property=\"og:type\" content=\"article\" \/>\n<meta property=\"og:title\" content=\"Fem nya kollektivavtal f\u00f6r lager och distribution\" \/>\n<meta property=\"og:description\" content=\"Tj\u00e4nstef\u00f6rbunden, Tj\u00e4nstef\u00f6retagen och Medief\u00f6retagen inom Almega har tecknat nya kollektivavtal f\u00f6r lager och distribution med Handelsanst\u00e4lldas f\u00f6rbund och Unionen. De nya avtalen str\u00e4cker sig \u00f6ver 29 m\u00e5nader och har en total kostnadsram om 5,4 procent som inkluderar b\u00e5de l\u00f6ne\u00f6kningar och \u00f6kade pensionsavs\u00e4ttningar.\" \/>\n<meta property=\"og:url\" content=\"https:\/\/www.almega.se\/2020\/12\/fem-nya-kollektivavtal-for-lager-och-distribution\/\" \/>\n<meta property=\"og:site_name\" content=\"Almega\" \/>\n<meta property=\"article:published_time\" content=\"2020-12-21T12:39:39+00:00\" \/>\n<meta property=\"og:image\" content=\"https:\/\/www.almega.se\/app\/uploads\/2020\/12\/14970004-fee2-4b3a-b549-f9816a1798ea.jpg\" \/>\n\t<meta property=\"og:image:width\" content=\"500\" \/>\n\t<meta property=\"og:image:height\" content=\"544\" \/>\n\t<meta property=\"og:image:type\" content=\"image\/jpeg\" \/>\n<meta name=\"author\" content=\"Julia Schwamberg\" \/>\n<meta name=\"twitter:card\" content=\"summary_large_image\" \/>\n<meta name=\"twitter:label1\" content=\"Skriven av\" \/>\n\t<meta name=\"twitter:data1\" content=\"Julia Schwamberg\" \/>\n\t<meta name=\"twitter:label2\" content=\"Ber\u00e4knad l\u00e4stid\" \/>\n\t<meta name=\"twitter:data2\" content=\"2 minuter\" \/>\n<!-- \/ Yoast SEO Premium plugin. -->","yoast_head_json":{"title":"Fem nya kollektivavtal f\u00f6r lager och distribution | Almega","robots":{"index":"index","follow":"follow","max-snippet":"max-snippet:-1","max-image-preview":"max-image-preview:large","max-video-preview":"max-video-preview:-1"},"canonical":"https:\/\/www.almega.se\/2020\/12\/fem-nya-kollektivavtal-for-lager-och-distribution\/","og_locale":"sv_SE","og_type":"article","og_title":"Fem nya kollektivavtal f\u00f6r lager och distribution","og_description":"Tj\u00e4nstef\u00f6rbunden, Tj\u00e4nstef\u00f6retagen och Medief\u00f6retagen inom Almega har tecknat nya kollektivavtal f\u00f6r lager och distribution med Handelsanst\u00e4lldas f\u00f6rbund och Unionen. De nya avtalen str\u00e4cker sig \u00f6ver 29 m\u00e5nader och har en total kostnadsram om 5,4 procent som inkluderar b\u00e5de l\u00f6ne\u00f6kningar och \u00f6kade pensionsavs\u00e4ttningar.","og_url":"https:\/\/www.almega.se\/2020\/12\/fem-nya-kollektivavtal-for-lager-och-distribution\/","og_site_name":"Almega","article_published_time":"2020-12-21T12:39:39+00:00","og_image":[{"width":500,"height":544,"url":"https:\/\/www.almega.se\/app\/uploads\/2020\/12\/14970004-fee2-4b3a-b549-f9816a1798ea.jpg","type":"image\/jpeg"}],"author":"Julia Schwamberg","twitter_card":"summary_large_image","twitter_misc":{"Skriven av":"Julia Schwamberg","Ber\u00e4knad l\u00e4stid":"2 minuter"},"schema":{"@context":"https:\/\/schema.org","@graph":[{"@type":"NewsArticle","@id":"https:\/\/www.almega.se\/2020\/12\/fem-nya-kollektivavtal-for-lager-och-distribution\/#article","isPartOf":{"@id":"https:\/\/www.almega.se\/2020\/12\/fem-nya-kollektivavtal-for-lager-och-distribution\/"},"author":{"name":"Julia Schwamberg","@id":"https:\/\/www.almega.se\/#\/schema\/person\/efcc735e9c1ba0f9de79e69dc5be5f8a"},"headline":"Fem nya kollektivavtal f\u00f6r lager och distribution","datePublished":"2020-12-21T12:39:39+00:00","mainEntityOfPage":{"@id":"https:\/\/www.almega.se\/2020\/12\/fem-nya-kollektivavtal-for-lager-och-distribution\/"},"wordCount":338,"image":{"@id":"https:\/\/www.almega.se\/2020\/12\/fem-nya-kollektivavtal-for-lager-och-distribution\/#primaryimage"},"thumbnailUrl":"https:\/\/www.almega.se\/app\/uploads\/2020\/12\/14970004-fee2-4b3a-b549-f9816a1798ea.jpg","keywords":["Kollektivavtal"],"articleSection":["Arbetsgivarfr\u00e5gor"],"inLanguage":"sv-SE"},{"@type":"WebPage","@id":"https:\/\/www.almega.se\/2020\/12\/fem-nya-kollektivavtal-for-lager-och-distribution\/","url":"https:\/\/www.almega.se\/2020\/12\/fem-nya-kollektivavtal-for-lager-och-distribution\/","name":"Fem nya kollektivavtal f\u00f6r lager och distribution | Almega","isPartOf":{"@id":"https:\/\/www.almega.se\/#website"},"primaryImageOfPage":{"@id":"https:\/\/www.almega.se\/2020\/12\/fem-nya-kollektivavtal-for-lager-och-distribution\/#primaryimage"},"image":{"@id":"https:\/\/www.almega.se\/2020\/12\/fem-nya-kollektivavtal-for-lager-och-distribution\/#primaryimage"},"thumbnailUrl":"https:\/\/www.almega.se\/app\/uploads\/2020\/12\/14970004-fee2-4b3a-b549-f9816a1798ea.jpg","datePublished":"2020-12-21T12:39:39+00:00","author":{"@id":"https:\/\/www.almega.se\/#\/schema\/person\/efcc735e9c1ba0f9de79e69dc5be5f8a"},"breadcrumb":{"@id":"https:\/\/www.almega.se\/2020\/12\/fem-nya-kollektivavtal-for-lager-och-distribution\/#breadcrumb"},"inLanguage":"sv-SE","potentialAction":[{"@type":"ReadAction","target":["https:\/\/www.almega.se\/2020\/12\/fem-nya-kollektivavtal-for-lager-och-distribution\/"]}]},{"@type":"ImageObject","inLanguage":"sv-SE","@id":"https:\/\/www.almega.se\/2020\/12\/fem-nya-kollektivavtal-for-lager-och-distribution\/#primaryimage","url":"https:\/\/www.almega.se\/app\/uploads\/2020\/12\/14970004-fee2-4b3a-b549-f9816a1798ea.jpg","contentUrl":"https:\/\/www.almega.se\/app\/uploads\/2020\/12\/14970004-fee2-4b3a-b549-f9816a1798ea.jpg","width":500,"height":544,"caption":"Kenneth Lidgren, avtalsansvarig f\u00f6rhandlare f\u00f6r de tre Almegaf\u00f6rbunden."},{"@type":"BreadcrumbList","@id":"https:\/\/www.almega.se\/2020\/12\/fem-nya-kollektivavtal-for-lager-och-distribution\/#breadcrumb","itemListElement":[{"@type":"ListItem","position":1,"name":"Home","item":"https:\/\/www.almega.se\/"},{"@type":"ListItem","position":2,"name":"Fem nya kollektivavtal f\u00f6r lager och distribution"}]},{"@type":"WebSite","@id":"https:\/\/www.almega.se\/#website","url":"https:\/\/www.almega.se\/","name":"Almega","description":"","potentialAction":[{"@type":"SearchAction","target":{"@type":"EntryPoint","urlTemplate":"https:\/\/www.almega.se\/?s={search_term_string}"},"query-input":{"@type":"PropertyValueSpecification","valueRequired":true,"valueName":"search_term_string"}}],"inLanguage":"sv-SE"},{"@type":"Person","@id":"https:\/\/www.almega.se\/#\/schema\/person\/efcc735e9c1ba0f9de79e69dc5be5f8a","name":"Julia Schwamberg","image":{"@type":"ImageObject","inLanguage":"sv-SE","@id":"https:\/\/www.almega.se\/#\/schema\/person\/image\/","url":"https:\/\/secure.gravatar.com\/avatar\/60ee7d8b8e9aa9b036f4768c0d2e868d8f080bcf68689c0f64ab3b87b1c2f78b?s=96&d=mm&r=g","contentUrl":"https:\/\/secure.gravatar.com\/avatar\/60ee7d8b8e9aa9b036f4768c0d2e868d8f080bcf68689c0f64ab3b87b1c2f78b?s=96&d=mm&r=g","caption":"Julia Schwamberg"},"url":"https:\/\/www.almega.se\/person\/juliaschwamberg\/"}]}},"_links":{"self":[{"href":"https:\/\/www.almega.se\/api\/wp\/v2\/posts\/33449","targetHints":{"allow":["GET"]}}],"collection":[{"href":"https:\/\/www.almega.se\/api\/wp\/v2\/posts"}],"about":[{"href":"https:\/\/www.almega.se\/api\/wp\/v2\/types\/post"}],"author":[{"embeddable":true,"href":"https:\/\/www.almega.se\/api\/wp\/v2\/users\/3"}],"replies":[{"embeddable":true,"href":"https:\/\/www.almega.se\/api\/wp\/v2\/comments?post=33449"}],"version-history":[{"count":3,"href":"https:\/\/www.almega.se\/api\/wp\/v2\/posts\/33449\/revisions"}],"predecessor-version":[{"id":54142,"href":"https:\/\/www.almega.se\/api\/wp\/v2\/posts\/33449\/revisions\/54142"}],"wp:featuredmedia":[{"embeddable":true,"href":"https:\/\/www.almega.se\/api\/wp\/v2\/media\/33450"}],"wp:attachment":[{"href":"https:\/\/www.almega.se\/api\/wp\/v2\/media?parent=33449"}],"wp:term":[{"taxonomy":"category","embeddable":true,"href":"https:\/\/www.almega.se\/api\/wp\/v2\/categories?post=33449"},{"taxonomy":"post_tag","embeddable":true,"href":"https:\/\/www.almega.se\/api\/wp\/v2\/tags?post=33449"},{"taxonomy":"type","embeddable":true,"href":"https:\/\/www.almega.se\/api\/wp\/v2\/article_type?post=33449"},{"taxonomy":"agreement","embeddable":true,"href":"https:\/\/www.almega.se\/api\/wp\/v2\/agreement?post=33449"}],"curies":[{"name":"wp","href":"https:\/\/api.w.org\/{rel}","templated":true}]}}