{"id":33444,"date":"2022-10-13T21:20:58","date_gmt":"2022-10-13T19:20:58","guid":{"rendered":"https:\/\/www.almega.se\/?p=33444"},"modified":"2025-09-19T15:23:38","modified_gmt":"2025-09-19T13:23:38","slug":"sa-vassar-du-arbetsmiljoarbetet","status":"publish","type":"post","link":"https:\/\/www.almega.se\/2022\/10\/sa-vassar-du-arbetsmiljoarbetet\/","title":{"rendered":"S\u00e5 v\u00e4ssar du arbetsmilj\u00f6&shy;arbetet"},"content":{"rendered":"<p class=\"intro\">Som arbetsgivare har du ansvar f\u00f6r arbetsmilj\u00f6n, men ibland \u00e4r det sv\u00e5rt att veta vad ansvaret inneb\u00e4r och hur det ska oms\u00e4ttas i praktiken. Vi tipsar om n\u00e5gra gratis verktyg som underl\u00e4ttar arbetet.<\/p>\n\n<p>Almegas arbetsmilj\u00f6expert Maria Morberg sl\u00e5r ett slag f\u00f6r all den kunskap som finns att h\u00e4mta p\u00e5 sajterna Prevent.se och Suntarbetsliv.se, f\u00f6r den som vill utveckla sitt arbetsmilj\u00f6arbete:<\/p>\n\n\n\n<p>\u2013 D\u00e4r finns verktyg b\u00e5de f\u00f6r dig som vill ta ett helhetsgrepp och om du s\u00f6ker inspiration inom ett specifikt omr\u00e5de, till exempel i fr\u00e5ga om chefernas arbetsmilj\u00f6.<\/p>\n\n\n<a class='Share__link Share__link--url copy-text' href='#' rel='nofollow' data-text='prevent.se' title='Dela url' data-confirmation='L\u00e4nken kopierades till urklipp'><svg class='icon icon--link'  width='18' height='18' viewBox='0 0 18 18' fill='none' xmlns='http:\/\/www.w3.org\/2000\/svg'>\n            <path d='M10.4142 0.514721L6.87868 4.05025L8.29289 5.46447L11.1213 2.63604L15.364 6.87868L12.5355 9.70711L13.9497 11.1213L17.4853 7.58579C17.8763 7.19476 17.8763 6.5626 17.4853 6.17158L11.8284 0.514721C11.4374 0.123691 10.8052 0.123691 10.4142 0.514721Z' fill='black'\/>\n            <path d='M9.7071 12.5355L6.87868 15.364L2.63604 11.1213L5.46446 8.2929L4.05025 6.87868L0.514716 10.4142C0.123686 10.8052 0.123686 11.4374 0.514716 11.8284L6.17157 17.4853C6.5626 17.8763 7.19475 17.8763 7.58578 17.4853L11.1213 13.9497L9.7071 12.5355Z' fill='black'\/>\n            <path d='M6.17157 11.8284C6.5626 12.2195 7.19475 12.2195 7.58578 11.8284L11.8284 7.58579C12.2195 7.19476 12.2195 6.56261 11.8284 6.17158C11.4374 5.78055 10.8052 5.78055 10.4142 6.17158L6.17157 10.4142C5.78054 10.8052 5.78054 11.4374 6.17157 11.8284Z' fill='black'\/>\n            <\/svg> <\/a>\n<h2 class=\"wp-block-heading\">Prevent.se<\/h2>\n\n\n\n<p>P\u00e5 <a href=\"https:\/\/www.prevent.se\/\">prevent.se<\/a> finns bland annat checklistor och enk\u00e4ter som hj\u00e4lper dig som arbetsgivare att unders\u00f6ka arbetsmilj\u00f6n. I dagsl\u00e4get finns \u00f6ver 200 att v\u00e4lja p\u00e5 och bland de mest popul\u00e4ra \u00e5terfinns checklistor f\u00f6r allm\u00e4n skyddsrond och enk\u00e4ten om organisatorisk och social arbetsmilj\u00f6 (OSA).<\/p>\n\n\n\n<p>D\u00e4r finns ocks\u00e5 en rad <a href=\"https:\/\/www.prevent.se\/utbildningar-produkter\/webbverktyg\/\" target=\"_blank\" rel=\"noopener noreferrer\">webbverktyg,<\/a> till exempel ett <a href=\"https:\/\/www.prevent.se\/utbildningar-produkter\/webbverktyg\/inkludo--for-en-schysstare-arbetsplats-724e1212\/\" target=\"_blank\" rel=\"noopener noreferrer\">spel<\/a> f\u00f6r att uppn\u00e5 en schysstare arbetsplats och ett verktyg till hj\u00e4lp f\u00f6r den som m\u00f6ter <a href=\"https:\/\/www.prevent.se\/rehabverktyget\/\" target=\"_blank\" rel=\"noopener noreferrer\">rehabiliteringsfr\u00e5gor<\/a> i sitt arbete.<\/p>\n\n\n\n<p>Missa inte att prenumerera p\u00e5 <a href=\"https:\/\/www.prevent.se\/om-prevent\/prenumeration-pa-nyhetsbrev\/\" target=\"_blank\" rel=\"noopener noreferrer\">nyhetsbrevet <\/a>som ser till att du enkelt h\u00e5ller dig regelbundet uppdaterad inom arbetsmilj\u00f6omr\u00e5det.<\/p>\n\n\n\n<p>Prevent \u00e4r en \u00e4r en ideell organisation som \u00e4gs av Svenskt N\u00e4ringsliv, LO och PTK. Deras uppdrag \u00e4r att f\u00f6rmedla kunskap som syftar till att hj\u00e4lpa f\u00f6retag att f\u00f6rb\u00e4ttra sin arbetsmilj\u00f6.<\/p>\n\n\n<a class='Share__link Share__link--url copy-text' href='#' rel='nofollow' data-text='sunt-arbetsliv' title='Dela url' data-confirmation='L\u00e4nken kopierades till urklipp'><svg class='icon icon--link'  width='18' height='18' viewBox='0 0 18 18' fill='none' xmlns='http:\/\/www.w3.org\/2000\/svg'>\n            <path d='M10.4142 0.514721L6.87868 4.05025L8.29289 5.46447L11.1213 2.63604L15.364 6.87868L12.5355 9.70711L13.9497 11.1213L17.4853 7.58579C17.8763 7.19476 17.8763 6.5626 17.4853 6.17158L11.8284 0.514721C11.4374 0.123691 10.8052 0.123691 10.4142 0.514721Z' fill='black'\/>\n            <path d='M9.7071 12.5355L6.87868 15.364L2.63604 11.1213L5.46446 8.2929L4.05025 6.87868L0.514716 10.4142C0.123686 10.8052 0.123686 11.4374 0.514716 11.8284L6.17157 17.4853C6.5626 17.8763 7.19475 17.8763 7.58578 17.4853L11.1213 13.9497L9.7071 12.5355Z' fill='black'\/>\n            <path d='M6.17157 11.8284C6.5626 12.2195 7.19475 12.2195 7.58578 11.8284L11.8284 7.58579C12.2195 7.19476 12.2195 6.56261 11.8284 6.17158C11.4374 5.78055 10.8052 5.78055 10.4142 6.17158L6.17157 10.4142C5.78054 10.8052 5.78054 11.4374 6.17157 11.8284Z' fill='black'\/>\n            <\/svg> <\/a>\n<h2 class=\"wp-block-heading\">Sunt arbetsliv<\/h2>\n\n\n\n<p>Suntarbetsliv.se drivs av en rad fackliga organisationer tillsammans med Sveriges kommuner och regioner samt arbetsgivarorganisationen Sabona. Uppdraget \u00e4r att bidra till friska arbetsplatser inom kommun- och regionsektorn, men \u00e4ven den som verkar inom en annan bransch kan hitta bra inspiration h\u00e4r.<\/p>\n\n\n\n<p>Till exempel finns ett verktyg f\u00f6r den som vill f\u00e5 <a href=\"https:\/\/battremoten.suntarbetsliv.se\/\" target=\"_blank\" rel=\"noopener noreferrer\">b\u00e4ttre m\u00f6ten<\/a>, d\u00e4r checklistor och filmer hj\u00e4lper till att utveckla gruppen till att f\u00e5 ut mer av sina sammankomster. Kanske kan du f\u00e5 syn p\u00e5 om du \u00e4r en person som ofta kommer med utifr\u00e5nperspektivet eller om du snarare \u00e4r den som l\u00e4gger br\u00e4nsle p\u00e5 brasan?<\/p>\n\n\n\n<p>P\u00e5 sajten kan du \u00e4ven l\u00e5ta dig inspireras av hur andra arbetar med sitt arbetsmilj\u00f6arbete, till exempel hur <a href=\"https:\/\/www.suntarbetsliv.se\/artiklar\/sam\/corona-de-fann-losningar-i-avvikelserna\/\" target=\"_blank\" rel=\"noopener noreferrer\">Region V\u00e4stmanland<\/a> fann nya l\u00f6sningar under Corona-krisen eller hur <a href=\"https:\/\/www.suntarbetsliv.se\/artiklar\/sam\/friskvard-pa-jobbet-allt-fran-cykling-till-konst\/\" target=\"_blank\" rel=\"noopener noreferrer\">Kalmar l\u00e4ns museum<\/a> jobbar med friskv\u00e5rd.<\/p>\n\n\n<a class='Share__link Share__link--url copy-text' href='#' rel='nofollow' data-text='arbetsmiljoforskning' title='Dela url' data-confirmation='L\u00e4nken kopierades till urklipp'><svg class='icon icon--link'  width='18' height='18' viewBox='0 0 18 18' fill='none' xmlns='http:\/\/www.w3.org\/2000\/svg'>\n            <path d='M10.4142 0.514721L6.87868 4.05025L8.29289 5.46447L11.1213 2.63604L15.364 6.87868L12.5355 9.70711L13.9497 11.1213L17.4853 7.58579C17.8763 7.19476 17.8763 6.5626 17.4853 6.17158L11.8284 0.514721C11.4374 0.123691 10.8052 0.123691 10.4142 0.514721Z' fill='black'\/>\n            <path d='M9.7071 12.5355L6.87868 15.364L2.63604 11.1213L5.46446 8.2929L4.05025 6.87868L0.514716 10.4142C0.123686 10.8052 0.123686 11.4374 0.514716 11.8284L6.17157 17.4853C6.5626 17.8763 7.19475 17.8763 7.58578 17.4853L11.1213 13.9497L9.7071 12.5355Z' fill='black'\/>\n            <path d='M6.17157 11.8284C6.5626 12.2195 7.19475 12.2195 7.58578 11.8284L11.8284 7.58579C12.2195 7.19476 12.2195 6.56261 11.8284 6.17158C11.4374 5.78055 10.8052 5.78055 10.4142 6.17158L6.17157 10.4142C5.78054 10.8052 5.78054 11.4374 6.17157 11.8284Z' fill='black'\/>\n            <\/svg> <\/a>\n<h2 class=\"wp-block-heading\">Arbetsmilj\u00f6forskning<\/h2>\n\n\n\n<p>F\u00f6r den som vill \u00f6ka sin kunskap om forskning kring arbetsmilj\u00f6fr\u00e5gor finns det mycket att h\u00e4mta p\u00e5 sajten&nbsp;<a href=\"https:\/\/arbetsmiljoforskning.se\/\" target=\"_blank\" rel=\"noopener noreferrer\">arbetsmiljoforskning.se<\/a>. Sajten startades inom ramen f\u00f6r ett forskningsprogram finansierat av AFA F\u00f6rs\u00e4kring och finansieras f\u00f6r n\u00e4rvarande av Forte, forskningsr\u00e5det f\u00f6r h\u00e4lsa, arbetsliv och v\u00e4lf\u00e4rd.<\/p>\n","protected":false},"excerpt":{"rendered":"<p>Almegas arbetsmilj\u00f6expert Maria Morberg sl\u00e5r ett slag f\u00f6r all den kunskap som finns att h\u00e4mta p\u00e5 sajterna Prevent.se och Suntarbetsliv.se, f\u00f6r den som vill utveckla sitt arbetsmilj\u00f6arbete: \u2013 D\u00e4r finns verktyg b\u00e5de f\u00f6r dig som &hellip;<\/p>\n","protected":false},"author":3,"featured_media":32090,"comment_status":"closed","ping_status":"closed","sticky":false,"template":"","format":"standard","meta":{"_acf_changed":false,"footnotes":""},"categories":[451,753],"tags":[533],"article_type":[55],"agreement":[],"class_list":["post-33444","post","type-post","status-publish","format-standard","has-post-thumbnail","hentry","category-arbetsgivarfragor","category-arbetsmiljo","tag-arbetsmiljo","type-artiklar"],"acf":[],"yoast_head":"<!-- This site is optimized with the Yoast SEO Premium plugin v26.8 (Yoast SEO v26.8) - https:\/\/yoast.com\/product\/yoast-seo-premium-wordpress\/ -->\n<title>S\u00e5 v\u00e4ssar du arbetsmilj\u00f6arbetet | Almega<\/title>\n<meta name=\"robots\" content=\"index, follow, max-snippet:-1, max-image-preview:large, max-video-preview:-1\" \/>\n<link rel=\"canonical\" href=\"https:\/\/www.almega.se\/2022\/10\/sa-vassar-du-arbetsmiljoarbetet\/\" \/>\n<meta property=\"og:locale\" content=\"sv_SE\" \/>\n<meta property=\"og:type\" content=\"article\" \/>\n<meta property=\"og:title\" content=\"S\u00e5 v\u00e4ssar du arbetsmilj\u00f6arbetet\" \/>\n<meta property=\"og:description\" content=\"Almegas arbetsmilj\u00f6expert Maria Morberg sl\u00e5r ett slag f\u00f6r all den kunskap som finns att h\u00e4mta p\u00e5 sajterna Prevent.se och Suntarbetsliv.se, f\u00f6r den som vill utveckla sitt arbetsmilj\u00f6arbete: \u2013 D\u00e4r finns verktyg b\u00e5de f\u00f6r dig som &hellip;\" \/>\n<meta property=\"og:url\" content=\"https:\/\/www.almega.se\/2022\/10\/sa-vassar-du-arbetsmiljoarbetet\/\" \/>\n<meta property=\"og:site_name\" content=\"Almega\" \/>\n<meta property=\"article:published_time\" content=\"2022-10-13T19:20:58+00:00\" \/>\n<meta property=\"article:modified_time\" content=\"2025-09-19T13:23:38+00:00\" \/>\n<meta property=\"og:image\" content=\"https:\/\/www.almega.se\/app\/uploads\/2020\/11\/maria-morberg-1000x600-1.jpg\" \/>\n\t<meta property=\"og:image:width\" content=\"1000\" \/>\n\t<meta property=\"og:image:height\" content=\"600\" \/>\n\t<meta property=\"og:image:type\" content=\"image\/jpeg\" \/>\n<meta name=\"author\" content=\"Julia Schwamberg\" \/>\n<meta name=\"twitter:card\" content=\"summary_large_image\" \/>\n<meta name=\"twitter:label1\" content=\"Skriven av\" \/>\n\t<meta name=\"twitter:data1\" content=\"Julia Schwamberg\" \/>\n\t<meta name=\"twitter:label2\" content=\"Ber\u00e4knad l\u00e4stid\" \/>\n\t<meta name=\"twitter:data2\" content=\"2 minuter\" \/>\n<!-- \/ Yoast SEO Premium plugin. -->","yoast_head_json":{"title":"S\u00e5 v\u00e4ssar du arbetsmilj\u00f6arbetet | Almega","robots":{"index":"index","follow":"follow","max-snippet":"max-snippet:-1","max-image-preview":"max-image-preview:large","max-video-preview":"max-video-preview:-1"},"canonical":"https:\/\/www.almega.se\/2022\/10\/sa-vassar-du-arbetsmiljoarbetet\/","og_locale":"sv_SE","og_type":"article","og_title":"S\u00e5 v\u00e4ssar du arbetsmilj\u00f6arbetet","og_description":"Almegas arbetsmilj\u00f6expert Maria Morberg sl\u00e5r ett slag f\u00f6r all den kunskap som finns att h\u00e4mta p\u00e5 sajterna Prevent.se och Suntarbetsliv.se, f\u00f6r den som vill utveckla sitt arbetsmilj\u00f6arbete: \u2013 D\u00e4r finns verktyg b\u00e5de f\u00f6r dig som &hellip;","og_url":"https:\/\/www.almega.se\/2022\/10\/sa-vassar-du-arbetsmiljoarbetet\/","og_site_name":"Almega","article_published_time":"2022-10-13T19:20:58+00:00","article_modified_time":"2025-09-19T13:23:38+00:00","og_image":[{"width":1000,"height":600,"url":"https:\/\/www.almega.se\/app\/uploads\/2020\/11\/maria-morberg-1000x600-1.jpg","type":"image\/jpeg"}],"author":"Julia Schwamberg","twitter_card":"summary_large_image","twitter_misc":{"Skriven av":"Julia Schwamberg","Ber\u00e4knad l\u00e4stid":"2 minuter"},"schema":{"@context":"https:\/\/schema.org","@graph":[{"@type":"NewsArticle","@id":"https:\/\/www.almega.se\/2022\/10\/sa-vassar-du-arbetsmiljoarbetet\/#article","isPartOf":{"@id":"https:\/\/www.almega.se\/2022\/10\/sa-vassar-du-arbetsmiljoarbetet\/"},"author":{"name":"Julia Schwamberg","@id":"https:\/\/www.almega.se\/#\/schema\/person\/efcc735e9c1ba0f9de79e69dc5be5f8a"},"headline":"S\u00e5 v\u00e4ssar du arbetsmilj\u00f6&shy;arbetet","datePublished":"2022-10-13T19:20:58+00:00","dateModified":"2025-09-19T13:23:38+00:00","mainEntityOfPage":{"@id":"https:\/\/www.almega.se\/2022\/10\/sa-vassar-du-arbetsmiljoarbetet\/"},"wordCount":429,"image":{"@id":"https:\/\/www.almega.se\/2022\/10\/sa-vassar-du-arbetsmiljoarbetet\/#primaryimage"},"thumbnailUrl":"https:\/\/www.almega.se\/app\/uploads\/2020\/11\/maria-morberg-1000x600-1.jpg","keywords":["Arbetsmilj\u00f6"],"articleSection":["Arbetsgivarfr\u00e5gor","Arbetsmilj\u00f6"],"inLanguage":"sv-SE"},{"@type":"WebPage","@id":"https:\/\/www.almega.se\/2022\/10\/sa-vassar-du-arbetsmiljoarbetet\/","url":"https:\/\/www.almega.se\/2022\/10\/sa-vassar-du-arbetsmiljoarbetet\/","name":"S\u00e5 v\u00e4ssar du arbetsmilj\u00f6arbetet | Almega","isPartOf":{"@id":"https:\/\/www.almega.se\/#website"},"primaryImageOfPage":{"@id":"https:\/\/www.almega.se\/2022\/10\/sa-vassar-du-arbetsmiljoarbetet\/#primaryimage"},"image":{"@id":"https:\/\/www.almega.se\/2022\/10\/sa-vassar-du-arbetsmiljoarbetet\/#primaryimage"},"thumbnailUrl":"https:\/\/www.almega.se\/app\/uploads\/2020\/11\/maria-morberg-1000x600-1.jpg","datePublished":"2022-10-13T19:20:58+00:00","dateModified":"2025-09-19T13:23:38+00:00","author":{"@id":"https:\/\/www.almega.se\/#\/schema\/person\/efcc735e9c1ba0f9de79e69dc5be5f8a"},"breadcrumb":{"@id":"https:\/\/www.almega.se\/2022\/10\/sa-vassar-du-arbetsmiljoarbetet\/#breadcrumb"},"inLanguage":"sv-SE","potentialAction":[{"@type":"ReadAction","target":["https:\/\/www.almega.se\/2022\/10\/sa-vassar-du-arbetsmiljoarbetet\/"]}]},{"@type":"ImageObject","inLanguage":"sv-SE","@id":"https:\/\/www.almega.se\/2022\/10\/sa-vassar-du-arbetsmiljoarbetet\/#primaryimage","url":"https:\/\/www.almega.se\/app\/uploads\/2020\/11\/maria-morberg-1000x600-1.jpg","contentUrl":"https:\/\/www.almega.se\/app\/uploads\/2020\/11\/maria-morberg-1000x600-1.jpg","width":1000,"height":600,"caption":"Maria Morberg, arbetsmilj\u00f6expert p\u00e5 Almega"},{"@type":"BreadcrumbList","@id":"https:\/\/www.almega.se\/2022\/10\/sa-vassar-du-arbetsmiljoarbetet\/#breadcrumb","itemListElement":[{"@type":"ListItem","position":1,"name":"Home","item":"https:\/\/www.almega.se\/"},{"@type":"ListItem","position":2,"name":"S\u00e5 v\u00e4ssar du arbetsmilj\u00f6&shy;arbetet"}]},{"@type":"WebSite","@id":"https:\/\/www.almega.se\/#website","url":"https:\/\/www.almega.se\/","name":"Almega","description":"","potentialAction":[{"@type":"SearchAction","target":{"@type":"EntryPoint","urlTemplate":"https:\/\/www.almega.se\/?s={search_term_string}"},"query-input":{"@type":"PropertyValueSpecification","valueRequired":true,"valueName":"search_term_string"}}],"inLanguage":"sv-SE"},{"@type":"Person","@id":"https:\/\/www.almega.se\/#\/schema\/person\/efcc735e9c1ba0f9de79e69dc5be5f8a","name":"Julia Schwamberg","image":{"@type":"ImageObject","inLanguage":"sv-SE","@id":"https:\/\/www.almega.se\/#\/schema\/person\/image\/","url":"https:\/\/secure.gravatar.com\/avatar\/60ee7d8b8e9aa9b036f4768c0d2e868d8f080bcf68689c0f64ab3b87b1c2f78b?s=96&d=mm&r=g","contentUrl":"https:\/\/secure.gravatar.com\/avatar\/60ee7d8b8e9aa9b036f4768c0d2e868d8f080bcf68689c0f64ab3b87b1c2f78b?s=96&d=mm&r=g","caption":"Julia Schwamberg"},"url":"https:\/\/www.almega.se\/person\/juliaschwamberg\/"}]}},"_links":{"self":[{"href":"https:\/\/www.almega.se\/api\/wp\/v2\/posts\/33444","targetHints":{"allow":["GET"]}}],"collection":[{"href":"https:\/\/www.almega.se\/api\/wp\/v2\/posts"}],"about":[{"href":"https:\/\/www.almega.se\/api\/wp\/v2\/types\/post"}],"author":[{"embeddable":true,"href":"https:\/\/www.almega.se\/api\/wp\/v2\/users\/3"}],"replies":[{"embeddable":true,"href":"https:\/\/www.almega.se\/api\/wp\/v2\/comments?post=33444"}],"version-history":[{"count":2,"href":"https:\/\/www.almega.se\/api\/wp\/v2\/posts\/33444\/revisions"}],"predecessor-version":[{"id":52640,"href":"https:\/\/www.almega.se\/api\/wp\/v2\/posts\/33444\/revisions\/52640"}],"wp:featuredmedia":[{"embeddable":true,"href":"https:\/\/www.almega.se\/api\/wp\/v2\/media\/32090"}],"wp:attachment":[{"href":"https:\/\/www.almega.se\/api\/wp\/v2\/media?parent=33444"}],"wp:term":[{"taxonomy":"category","embeddable":true,"href":"https:\/\/www.almega.se\/api\/wp\/v2\/categories?post=33444"},{"taxonomy":"post_tag","embeddable":true,"href":"https:\/\/www.almega.se\/api\/wp\/v2\/tags?post=33444"},{"taxonomy":"type","embeddable":true,"href":"https:\/\/www.almega.se\/api\/wp\/v2\/article_type?post=33444"},{"taxonomy":"agreement","embeddable":true,"href":"https:\/\/www.almega.se\/api\/wp\/v2\/agreement?post=33444"}],"curies":[{"name":"wp","href":"https:\/\/api.w.org\/{rel}","templated":true}]}}