{"id":33421,"date":"2020-12-21T12:13:12","date_gmt":"2020-12-21T11:13:12","guid":{"rendered":"https:\/\/www.almega.se\/2020\/12\/tjansteforetagen-traffar-tre-nya-kollektivavtal-med-transport-2\/"},"modified":"2020-12-21T12:13:12","modified_gmt":"2020-12-21T11:13:12","slug":"tjansteforetagen-traffar-tre-nya-kollektivavtal-med-transport-2","status":"publish","type":"post","link":"https:\/\/www.almega.se\/2020\/12\/tjansteforetagen-traffar-tre-nya-kollektivavtal-med-transport-2\/","title":{"rendered":"Tj\u00e4nste&shy;f\u00f6retagen tr\u00e4ffar tre nya kollektivavtal med Transport"},"content":{"rendered":"<p class=\"intro\">Almega Tj\u00e4nstef\u00f6retagen har tecknat nya kollektivavtal med Transportarbetaref\u00f6rbundet inom omr\u00e5dena direktreklam, bilv\u00e5rd och terminal. De nya avtalen motsvarar l\u00f6ne\u00f6kningar och \u00f6kade pensionsavs\u00e4ttningar p\u00e5 totalt 5,4 procent.<\/p>\n\n<p>\u2013 Generellt har f\u00f6rhandlingarna varit l\u00f6sningsorienterade och konstruktiva. Det k\u00e4nns bra att ha l\u00e5ngsiktiga avtal p\u00e5 plats som \u00e4r v\u00e4l anpassade f\u00f6r branscherna och ryms inom de kostnadsramar som arbetsmarknadens parter tidigare har kommit \u00f6verens om, s\u00e4ger Nils Bergh, ansvarig avtalsf\u00f6rhandlare f\u00f6r Almega Tj\u00e4nstef\u00f6retagen.<\/p>\n\n\n\n<p>Avtalen f\u00f6r direktreklam samt bilv\u00e5rd l\u00f6per fr\u00e5n den 1 januari 2021 till den 30 juni 2023. F\u00f6r direktreklam g\u00e4ller l\u00f6ne- och ers\u00e4ttnings\u00f6kningar med 2,93 % fr\u00e5n den 1 februari 2021 och 2,3 % fr\u00e5n den 1 juli 2022, medan motsvarande procentsatser f\u00f6r bilv\u00e5rd \u00e4r 2,79 % fr\u00e5n den 1 februari 2021&nbsp;respektive 1,99 fr\u00e5n den&nbsp;1 juli 2022 .<\/p>\n\n\n\n<p>Avtalet f\u00f6r terminal l\u00f6per fr\u00e5n den 1 december 2020 till den 30 april 2023, och inneb\u00e4r l\u00f6ne- och ers\u00e4ttnings\u00f6kningar med 2,89 % fr\u00e5n den 1 december 2020 och 2,19 % fr\u00e5n den 1 maj 2022.<\/p>\n\n\n\n<p><em>Almega str\u00e4var efter de b\u00e4sta f\u00f6ruts\u00e4ttningarna f\u00f6r b\u00e5de f\u00f6retagare och medarbetare. Att erbjuda attraktiva villkor \u00e4r avg\u00f6rande f\u00f6r tj\u00e4nstef\u00f6retagens framg\u00e5ng. Tillsammans skapar vi en bra arbetsmarknad: under avtalsf\u00f6rhandlingarna, men framf\u00f6rallt varje dag p\u00e5 arbetsplatserna i samtal mellan f\u00f6retagare och medarbetare. I avtalsr\u00f6relsen 2020 tecknar Almega sammanlagt 130 avtal, flest av alla arbetsgivarorganisationer.<\/em><\/p>\n","protected":false},"excerpt":{"rendered":"<p>Almega Tj\u00e4nstef\u00f6retagen har idag tecknat nya kollektivavtal med Transportarbetaref\u00f6rbundet inom omr\u00e5dena direktreklam, bilv\u00e5rd och terminal. De nya avtalen motsvarar l\u00f6ne\u00f6kningar och \u00f6kade pensionsavs\u00e4ttningar p\u00e5 totalt 5,4 procent.<\/p>\n","protected":false},"author":3,"featured_media":33422,"comment_status":"closed","ping_status":"closed","sticky":false,"template":"","format":"standard","meta":{"_acf_changed":false,"footnotes":""},"categories":[451],"tags":[76],"article_type":[93],"agreement":[],"class_list":["post-33421","post","type-post","status-publish","format-standard","has-post-thumbnail","hentry","category-arbetsgivarfragor","tag-kollektivavtal","type-pressmeddelanden"],"acf":[],"yoast_head":"<!-- This site is optimized with the Yoast SEO Premium plugin v26.8 (Yoast SEO v26.8) - https:\/\/yoast.com\/product\/yoast-seo-premium-wordpress\/ -->\n<title>Tj\u00e4nstef\u00f6retagen tr\u00e4ffar tre nya kollektivavtal med Transport | Almega<\/title>\n<meta name=\"robots\" content=\"index, follow, max-snippet:-1, max-image-preview:large, max-video-preview:-1\" \/>\n<link rel=\"canonical\" href=\"https:\/\/www.almega.se\/2020\/12\/tjansteforetagen-traffar-tre-nya-kollektivavtal-med-transport-2\/\" \/>\n<meta property=\"og:locale\" content=\"sv_SE\" \/>\n<meta property=\"og:type\" content=\"article\" \/>\n<meta property=\"og:title\" content=\"Tj\u00e4nstef\u00f6retagen tr\u00e4ffar tre nya kollektivavtal med Transport\" \/>\n<meta property=\"og:description\" content=\"Almega Tj\u00e4nstef\u00f6retagen har idag tecknat nya kollektivavtal med Transportarbetaref\u00f6rbundet inom omr\u00e5dena direktreklam, bilv\u00e5rd och terminal. De nya avtalen motsvarar l\u00f6ne\u00f6kningar och \u00f6kade pensionsavs\u00e4ttningar p\u00e5 totalt 5,4 procent.\" \/>\n<meta property=\"og:url\" content=\"https:\/\/www.almega.se\/2020\/12\/tjansteforetagen-traffar-tre-nya-kollektivavtal-med-transport-2\/\" \/>\n<meta property=\"og:site_name\" content=\"Almega\" \/>\n<meta property=\"article:published_time\" content=\"2020-12-21T11:13:12+00:00\" \/>\n<meta property=\"og:image\" content=\"https:\/\/www.almega.se\/app\/uploads\/2020\/12\/c24f5244-bcab-48ab-a235-f91487bef7f6-scaled.jpg\" \/>\n\t<meta property=\"og:image:width\" content=\"2560\" \/>\n\t<meta property=\"og:image:height\" content=\"1707\" \/>\n\t<meta property=\"og:image:type\" content=\"image\/jpeg\" \/>\n<meta name=\"author\" content=\"Julia Schwamberg\" \/>\n<meta name=\"twitter:card\" content=\"summary_large_image\" \/>\n<meta name=\"twitter:label1\" content=\"Skriven av\" \/>\n\t<meta name=\"twitter:data1\" content=\"Julia Schwamberg\" \/>\n\t<meta name=\"twitter:label2\" content=\"Ber\u00e4knad l\u00e4stid\" \/>\n\t<meta name=\"twitter:data2\" content=\"1 minut\" \/>\n<!-- \/ Yoast SEO Premium plugin. -->","yoast_head_json":{"title":"Tj\u00e4nstef\u00f6retagen tr\u00e4ffar tre nya kollektivavtal med Transport | Almega","robots":{"index":"index","follow":"follow","max-snippet":"max-snippet:-1","max-image-preview":"max-image-preview:large","max-video-preview":"max-video-preview:-1"},"canonical":"https:\/\/www.almega.se\/2020\/12\/tjansteforetagen-traffar-tre-nya-kollektivavtal-med-transport-2\/","og_locale":"sv_SE","og_type":"article","og_title":"Tj\u00e4nstef\u00f6retagen tr\u00e4ffar tre nya kollektivavtal med Transport","og_description":"Almega Tj\u00e4nstef\u00f6retagen har idag tecknat nya kollektivavtal med Transportarbetaref\u00f6rbundet inom omr\u00e5dena direktreklam, bilv\u00e5rd och terminal. De nya avtalen motsvarar l\u00f6ne\u00f6kningar och \u00f6kade pensionsavs\u00e4ttningar p\u00e5 totalt 5,4 procent.","og_url":"https:\/\/www.almega.se\/2020\/12\/tjansteforetagen-traffar-tre-nya-kollektivavtal-med-transport-2\/","og_site_name":"Almega","article_published_time":"2020-12-21T11:13:12+00:00","og_image":[{"width":2560,"height":1707,"url":"https:\/\/www.almega.se\/app\/uploads\/2020\/12\/c24f5244-bcab-48ab-a235-f91487bef7f6-scaled.jpg","type":"image\/jpeg"}],"author":"Julia Schwamberg","twitter_card":"summary_large_image","twitter_misc":{"Skriven av":"Julia Schwamberg","Ber\u00e4knad l\u00e4stid":"1 minut"},"schema":{"@context":"https:\/\/schema.org","@graph":[{"@type":"NewsArticle","@id":"https:\/\/www.almega.se\/2020\/12\/tjansteforetagen-traffar-tre-nya-kollektivavtal-med-transport-2\/#article","isPartOf":{"@id":"https:\/\/www.almega.se\/2020\/12\/tjansteforetagen-traffar-tre-nya-kollektivavtal-med-transport-2\/"},"author":{"name":"Julia Schwamberg","@id":"https:\/\/www.almega.se\/#\/schema\/person\/efcc735e9c1ba0f9de79e69dc5be5f8a"},"headline":"Tj\u00e4nste&shy;f\u00f6retagen tr\u00e4ffar tre nya kollektivavtal med Transport","datePublished":"2020-12-21T11:13:12+00:00","mainEntityOfPage":{"@id":"https:\/\/www.almega.se\/2020\/12\/tjansteforetagen-traffar-tre-nya-kollektivavtal-med-transport-2\/"},"wordCount":218,"image":{"@id":"https:\/\/www.almega.se\/2020\/12\/tjansteforetagen-traffar-tre-nya-kollektivavtal-med-transport-2\/#primaryimage"},"thumbnailUrl":"https:\/\/www.almega.se\/app\/uploads\/2020\/12\/c24f5244-bcab-48ab-a235-f91487bef7f6-scaled.jpg","keywords":["Kollektivavtal"],"articleSection":["Arbetsgivarfr\u00e5gor"],"inLanguage":"sv-SE"},{"@type":"WebPage","@id":"https:\/\/www.almega.se\/2020\/12\/tjansteforetagen-traffar-tre-nya-kollektivavtal-med-transport-2\/","url":"https:\/\/www.almega.se\/2020\/12\/tjansteforetagen-traffar-tre-nya-kollektivavtal-med-transport-2\/","name":"Tj\u00e4nstef\u00f6retagen tr\u00e4ffar tre nya kollektivavtal med Transport | Almega","isPartOf":{"@id":"https:\/\/www.almega.se\/#website"},"primaryImageOfPage":{"@id":"https:\/\/www.almega.se\/2020\/12\/tjansteforetagen-traffar-tre-nya-kollektivavtal-med-transport-2\/#primaryimage"},"image":{"@id":"https:\/\/www.almega.se\/2020\/12\/tjansteforetagen-traffar-tre-nya-kollektivavtal-med-transport-2\/#primaryimage"},"thumbnailUrl":"https:\/\/www.almega.se\/app\/uploads\/2020\/12\/c24f5244-bcab-48ab-a235-f91487bef7f6-scaled.jpg","datePublished":"2020-12-21T11:13:12+00:00","author":{"@id":"https:\/\/www.almega.se\/#\/schema\/person\/efcc735e9c1ba0f9de79e69dc5be5f8a"},"breadcrumb":{"@id":"https:\/\/www.almega.se\/2020\/12\/tjansteforetagen-traffar-tre-nya-kollektivavtal-med-transport-2\/#breadcrumb"},"inLanguage":"sv-SE","potentialAction":[{"@type":"ReadAction","target":["https:\/\/www.almega.se\/2020\/12\/tjansteforetagen-traffar-tre-nya-kollektivavtal-med-transport-2\/"]}]},{"@type":"ImageObject","inLanguage":"sv-SE","@id":"https:\/\/www.almega.se\/2020\/12\/tjansteforetagen-traffar-tre-nya-kollektivavtal-med-transport-2\/#primaryimage","url":"https:\/\/www.almega.se\/app\/uploads\/2020\/12\/c24f5244-bcab-48ab-a235-f91487bef7f6-scaled.jpg","contentUrl":"https:\/\/www.almega.se\/app\/uploads\/2020\/12\/c24f5244-bcab-48ab-a235-f91487bef7f6-scaled.jpg","width":2560,"height":1707,"caption":"Nils Bergh, ansvarig avtalsf\u00f6rhandlare f\u00f6r Almega Tj\u00e4nstef\u00f6retagen"},{"@type":"BreadcrumbList","@id":"https:\/\/www.almega.se\/2020\/12\/tjansteforetagen-traffar-tre-nya-kollektivavtal-med-transport-2\/#breadcrumb","itemListElement":[{"@type":"ListItem","position":1,"name":"Home","item":"https:\/\/www.almega.se\/"},{"@type":"ListItem","position":2,"name":"Tj\u00e4nste&shy;f\u00f6retagen tr\u00e4ffar tre nya kollektivavtal med Transport"}]},{"@type":"WebSite","@id":"https:\/\/www.almega.se\/#website","url":"https:\/\/www.almega.se\/","name":"Almega","description":"","potentialAction":[{"@type":"SearchAction","target":{"@type":"EntryPoint","urlTemplate":"https:\/\/www.almega.se\/?s={search_term_string}"},"query-input":{"@type":"PropertyValueSpecification","valueRequired":true,"valueName":"search_term_string"}}],"inLanguage":"sv-SE"},{"@type":"Person","@id":"https:\/\/www.almega.se\/#\/schema\/person\/efcc735e9c1ba0f9de79e69dc5be5f8a","name":"Julia Schwamberg","image":{"@type":"ImageObject","inLanguage":"sv-SE","@id":"https:\/\/www.almega.se\/#\/schema\/person\/image\/","url":"https:\/\/secure.gravatar.com\/avatar\/60ee7d8b8e9aa9b036f4768c0d2e868d8f080bcf68689c0f64ab3b87b1c2f78b?s=96&d=mm&r=g","contentUrl":"https:\/\/secure.gravatar.com\/avatar\/60ee7d8b8e9aa9b036f4768c0d2e868d8f080bcf68689c0f64ab3b87b1c2f78b?s=96&d=mm&r=g","caption":"Julia Schwamberg"},"url":"https:\/\/www.almega.se\/person\/juliaschwamberg\/"}]}},"_links":{"self":[{"href":"https:\/\/www.almega.se\/api\/wp\/v2\/posts\/33421","targetHints":{"allow":["GET"]}}],"collection":[{"href":"https:\/\/www.almega.se\/api\/wp\/v2\/posts"}],"about":[{"href":"https:\/\/www.almega.se\/api\/wp\/v2\/types\/post"}],"author":[{"embeddable":true,"href":"https:\/\/www.almega.se\/api\/wp\/v2\/users\/3"}],"replies":[{"embeddable":true,"href":"https:\/\/www.almega.se\/api\/wp\/v2\/comments?post=33421"}],"version-history":[{"count":2,"href":"https:\/\/www.almega.se\/api\/wp\/v2\/posts\/33421\/revisions"}],"predecessor-version":[{"id":54136,"href":"https:\/\/www.almega.se\/api\/wp\/v2\/posts\/33421\/revisions\/54136"}],"wp:featuredmedia":[{"embeddable":true,"href":"https:\/\/www.almega.se\/api\/wp\/v2\/media\/33422"}],"wp:attachment":[{"href":"https:\/\/www.almega.se\/api\/wp\/v2\/media?parent=33421"}],"wp:term":[{"taxonomy":"category","embeddable":true,"href":"https:\/\/www.almega.se\/api\/wp\/v2\/categories?post=33421"},{"taxonomy":"post_tag","embeddable":true,"href":"https:\/\/www.almega.se\/api\/wp\/v2\/tags?post=33421"},{"taxonomy":"type","embeddable":true,"href":"https:\/\/www.almega.se\/api\/wp\/v2\/article_type?post=33421"},{"taxonomy":"agreement","embeddable":true,"href":"https:\/\/www.almega.se\/api\/wp\/v2\/agreement?post=33421"}],"curies":[{"name":"wp","href":"https:\/\/api.w.org\/{rel}","templated":true}]}}