{"id":33370,"date":"2020-12-21T07:00:30","date_gmt":"2020-12-21T06:00:30","guid":{"rendered":"https:\/\/www.almega.se\/?p=33370"},"modified":"2023-02-15T11:06:13","modified_gmt":"2023-02-15T10:06:13","slug":"ny-rapport-rekordsvart-lage-for-unga-pa-arbetsmarknaden","status":"publish","type":"post","link":"https:\/\/www.almega.se\/2020\/12\/ny-rapport-rekordsvart-lage-for-unga-pa-arbetsmarknaden\/","title":{"rendered":"Ny rapport: Rekordsv\u00e5rt l\u00e4ge f\u00f6r unga p\u00e5 arbetsmarknaden"},"content":{"rendered":"<p class=\"intro\">Arbetsl\u00f6sheten bland svenska ungdomar \u00e4r bland de h\u00f6gsta i EU. Klyftan mellan de som har ett jobb och de som st\u00e5r utanf\u00f6r arbetsmarknaden v\u00e4xer. Almegas nya rapport m\u00e5lar upp en dyster bild, men presenterar \u00e4ven l\u00f6sningar p\u00e5 problemen.<\/p>\n\n<p>Coronakrisen har med full kraft drabbat svensk ekonomi och arbetsmarknad. Tj\u00e4nstesektorn \u00e4r mycket h\u00e5rt drabbad vilket i sin tur sl\u00e5r direkt mot unga och utomeuropeiskt f\u00f6dda. Av n\u00e4rmare 500 000 arbetande unga \u00e4r omkring 200 000 anst\u00e4llda i branscher som brukar r\u00e4knas till tj\u00e4nstesektorn.<\/p>\n\n\n\n<p>Almegas rapport Var god dr\u00f6j visar att andelen arbetsl\u00f6sa unga har \u00f6kat med n\u00e4stan sex procentenheter sedan 2019 och uppgick under \u00e5rets tredje kvartal till hela 22,4 procent. Sveriges ungdomsarbetsl\u00f6shet \u00e4r p\u00e5 en alarmerande tredjeplats i EU efter Spanien och Grekland.<\/p>\n\n\n\n<p>\u2013 Den svenska arbetsmarknaden har dragits is\u00e4r. Det \u00e4r n\u00e4stan fem g\u00e5nger h\u00f6gre arbetsl\u00f6shet bland personer under 25 \u00e5r j\u00e4mf\u00f6rt med de som \u00e4r 25 \u00e5r eller \u00e4ldre, s\u00e4ger Andreas \u00c5str\u00f6m, n\u00e4ringspolitisk chef p\u00e5 Almega.<\/p>\n\n\n\n<p>De skadliga effekterna av en h\u00f6g ungdomsarbetsl\u00f6shet \u00e4r m\u00e5nga. Att vara utan jobb tidigt i yrkeslivet skapar en kedja av negativa konsekvenser.<\/p>\n\n\n\n<p>\u2013 Av rapporten framg\u00e5r att de som \u00e4r arbetsl\u00f6sa direkt efter avslutad utbildningen f\u00e5r betydligt l\u00e4gre inkomster genom livet \u00e4n de som f\u00e5r ett jobb direkt. V\u00e4rst \u00e4r det f\u00f6r de som l\u00e4mnar h\u00f6gskolan utan att f\u00e5 ett jobb, s\u00e4ger Andreas \u00c5str\u00f6m.<\/p>\n\n\n\n<p>Arbetsl\u00f6shet i anslutning till gymnasiet leder i genomsnitt till 17 procent l\u00e4gre \u00e5rsinkomst fem \u00e5r efter studenten j\u00e4mf\u00f6rt med de som f\u00e5r jobb direkt. Efter avslutad h\u00f6gskoleutbildning \u00e4r motsvarande inkomst i genomsnitt 30 procent l\u00e4gre.<\/p>\n\n\n\n<p>I rapporten presenteras \u00e4ven ett antal konkreta f\u00f6rslag som skulle gynna syssels\u00e4ttningen bland yngre:<\/p>\n\n\n\n<ul class=\"wp-block-list\">\n<li>1. S\u00e4nkt tj\u00e4nstemoms.<\/li>\n\n\n\n<li>2. Regeringens f\u00f6rslag om s\u00e4nkta arbetsgivaravgifter f\u00f6r unga m\u00e5ste ut\u00f6kas och tidigarel\u00e4ggas.<\/li>\n\n\n\n<li>3. Sverige m\u00e5ste dra l\u00e4rdom av Tyskland.<\/li>\n\n\n\n<li>4. Reformera Arbetsf\u00f6rmedlingen.<\/li>\n\n\n\n<li>5. St\u00e4rk st\u00f6det till nyf\u00f6retagande.<\/li>\n<\/ul>\n\n\n\n      <a href=\"https:\/\/www.almega.se\/app\/uploads\/2020\/12\/var-god-droj.pdf\" target=\"_blank\" class=\"Button is-button is-style-fill has-black-background-color has-black-border-color has-white-color Button--download\">\n      \n        L\u00e4s rapporten h\u00e4r\n      \n      \n                <svg class='icon icon--download'  width=\"16\" height=\"16\" viewBox=\"0 0 16 16\" fill=\"none\" xmlns=\"http:\/\/www.w3.org\/2000\/svg\">\n<path d=\"M8 -2.18557e-07L8 10M8 10L13 5M8 10L3 5\" stroke=\"black\" stroke-width=\"2\" stroke-miterlimit=\"10\"\/>\n<path d=\"M15 11.5V15H1V11.5\" stroke=\"black\" stroke-width=\"2\" stroke-miterlimit=\"10\"\/>\n<\/svg>\n\n        \n    <\/a>\n  \n","protected":false},"excerpt":{"rendered":"<p>Coronakrisen har med full kraft drabbat svensk ekonomi och arbetsmarknad. Tj\u00e4nstesektorn \u00e4r mycket h\u00e5rt drabbad vilket i sin tur sl\u00e5r direkt mot unga och utomeuropeiskt f\u00f6dda. Av n\u00e4rmare 500 000 arbetande unga \u00e4r omkring 200 &hellip;<\/p>\n","protected":false},"author":3,"featured_media":33373,"comment_status":"closed","ping_status":"closed","sticky":false,"template":"","format":"standard","meta":{"_acf_changed":false,"footnotes":""},"categories":[64],"tags":[65],"article_type":[56,42],"agreement":[],"class_list":["post-33370","post","type-post","status-publish","format-standard","has-post-thumbnail","hentry","category-arbetsmarknad","tag-arbetsloshet","type-nyheter","type-rapporter"],"acf":[],"yoast_head":"<!-- This site is optimized with the Yoast SEO Premium plugin v26.8 (Yoast SEO v26.8) - https:\/\/yoast.com\/product\/yoast-seo-premium-wordpress\/ -->\n<title>Ny rapport: Rekordsv\u00e5rt l\u00e4ge f\u00f6r unga p\u00e5 arbetsmarknaden | Almega<\/title>\n<meta name=\"robots\" content=\"index, follow, max-snippet:-1, max-image-preview:large, max-video-preview:-1\" \/>\n<link rel=\"canonical\" href=\"https:\/\/www.almega.se\/2020\/12\/ny-rapport-rekordsvart-lage-for-unga-pa-arbetsmarknaden\/\" \/>\n<meta property=\"og:locale\" content=\"sv_SE\" \/>\n<meta property=\"og:type\" content=\"article\" \/>\n<meta property=\"og:title\" content=\"Ny rapport: Rekordsv\u00e5rt l\u00e4ge f\u00f6r unga p\u00e5 arbetsmarknaden\" \/>\n<meta property=\"og:description\" content=\"Coronakrisen har med full kraft drabbat svensk ekonomi och arbetsmarknad. Tj\u00e4nstesektorn \u00e4r mycket h\u00e5rt drabbad vilket i sin tur sl\u00e5r direkt mot unga och utomeuropeiskt f\u00f6dda. Av n\u00e4rmare 500 000 arbetande unga \u00e4r omkring 200 &hellip;\" \/>\n<meta property=\"og:url\" content=\"https:\/\/www.almega.se\/2020\/12\/ny-rapport-rekordsvart-lage-for-unga-pa-arbetsmarknaden\/\" \/>\n<meta property=\"og:site_name\" content=\"Almega\" \/>\n<meta property=\"article:published_time\" content=\"2020-12-21T06:00:30+00:00\" \/>\n<meta property=\"article:modified_time\" content=\"2023-02-15T10:06:13+00:00\" \/>\n<meta property=\"og:image\" content=\"https:\/\/www.almega.se\/app\/uploads\/2020\/12\/ungdomsarbetsloshet-1-1180x787.png\" \/>\n\t<meta property=\"og:image:width\" content=\"1180\" \/>\n\t<meta property=\"og:image:height\" content=\"787\" \/>\n\t<meta property=\"og:image:type\" content=\"image\/png\" \/>\n<meta name=\"author\" content=\"Julia Schwamberg\" \/>\n<meta name=\"twitter:card\" content=\"summary_large_image\" \/>\n<meta name=\"twitter:label1\" content=\"Skriven av\" \/>\n\t<meta name=\"twitter:data1\" content=\"Julia Schwamberg\" \/>\n\t<meta name=\"twitter:label2\" content=\"Ber\u00e4knad l\u00e4stid\" \/>\n\t<meta name=\"twitter:data2\" content=\"2 minuter\" \/>\n<!-- \/ Yoast SEO Premium plugin. -->","yoast_head_json":{"title":"Ny rapport: Rekordsv\u00e5rt l\u00e4ge f\u00f6r unga p\u00e5 arbetsmarknaden | Almega","robots":{"index":"index","follow":"follow","max-snippet":"max-snippet:-1","max-image-preview":"max-image-preview:large","max-video-preview":"max-video-preview:-1"},"canonical":"https:\/\/www.almega.se\/2020\/12\/ny-rapport-rekordsvart-lage-for-unga-pa-arbetsmarknaden\/","og_locale":"sv_SE","og_type":"article","og_title":"Ny rapport: Rekordsv\u00e5rt l\u00e4ge f\u00f6r unga p\u00e5 arbetsmarknaden","og_description":"Coronakrisen har med full kraft drabbat svensk ekonomi och arbetsmarknad. Tj\u00e4nstesektorn \u00e4r mycket h\u00e5rt drabbad vilket i sin tur sl\u00e5r direkt mot unga och utomeuropeiskt f\u00f6dda. Av n\u00e4rmare 500 000 arbetande unga \u00e4r omkring 200 &hellip;","og_url":"https:\/\/www.almega.se\/2020\/12\/ny-rapport-rekordsvart-lage-for-unga-pa-arbetsmarknaden\/","og_site_name":"Almega","article_published_time":"2020-12-21T06:00:30+00:00","article_modified_time":"2023-02-15T10:06:13+00:00","og_image":[{"width":1180,"height":787,"url":"https:\/\/www.almega.se\/app\/uploads\/2020\/12\/ungdomsarbetsloshet-1-1180x787.png","type":"image\/png"}],"author":"Julia Schwamberg","twitter_card":"summary_large_image","twitter_misc":{"Skriven av":"Julia Schwamberg","Ber\u00e4knad l\u00e4stid":"2 minuter"},"schema":{"@context":"https:\/\/schema.org","@graph":[{"@type":"NewsArticle","@id":"https:\/\/www.almega.se\/2020\/12\/ny-rapport-rekordsvart-lage-for-unga-pa-arbetsmarknaden\/#article","isPartOf":{"@id":"https:\/\/www.almega.se\/2020\/12\/ny-rapport-rekordsvart-lage-for-unga-pa-arbetsmarknaden\/"},"author":{"name":"Julia Schwamberg","@id":"https:\/\/www.almega.se\/#\/schema\/person\/efcc735e9c1ba0f9de79e69dc5be5f8a"},"headline":"Ny rapport: Rekordsv\u00e5rt l\u00e4ge f\u00f6r unga p\u00e5 arbetsmarknaden","datePublished":"2020-12-21T06:00:30+00:00","dateModified":"2023-02-15T10:06:13+00:00","mainEntityOfPage":{"@id":"https:\/\/www.almega.se\/2020\/12\/ny-rapport-rekordsvart-lage-for-unga-pa-arbetsmarknaden\/"},"wordCount":316,"image":{"@id":"https:\/\/www.almega.se\/2020\/12\/ny-rapport-rekordsvart-lage-for-unga-pa-arbetsmarknaden\/#primaryimage"},"thumbnailUrl":"https:\/\/www.almega.se\/app\/uploads\/2020\/12\/ungdomsarbetsloshet-1.png","keywords":["Arbetsl\u00f6shet"],"articleSection":["Arbetsmarknad"],"inLanguage":"sv-SE"},{"@type":"WebPage","@id":"https:\/\/www.almega.se\/2020\/12\/ny-rapport-rekordsvart-lage-for-unga-pa-arbetsmarknaden\/","url":"https:\/\/www.almega.se\/2020\/12\/ny-rapport-rekordsvart-lage-for-unga-pa-arbetsmarknaden\/","name":"Ny rapport: Rekordsv\u00e5rt l\u00e4ge f\u00f6r unga p\u00e5 arbetsmarknaden | Almega","isPartOf":{"@id":"https:\/\/www.almega.se\/#website"},"primaryImageOfPage":{"@id":"https:\/\/www.almega.se\/2020\/12\/ny-rapport-rekordsvart-lage-for-unga-pa-arbetsmarknaden\/#primaryimage"},"image":{"@id":"https:\/\/www.almega.se\/2020\/12\/ny-rapport-rekordsvart-lage-for-unga-pa-arbetsmarknaden\/#primaryimage"},"thumbnailUrl":"https:\/\/www.almega.se\/app\/uploads\/2020\/12\/ungdomsarbetsloshet-1.png","datePublished":"2020-12-21T06:00:30+00:00","dateModified":"2023-02-15T10:06:13+00:00","author":{"@id":"https:\/\/www.almega.se\/#\/schema\/person\/efcc735e9c1ba0f9de79e69dc5be5f8a"},"breadcrumb":{"@id":"https:\/\/www.almega.se\/2020\/12\/ny-rapport-rekordsvart-lage-for-unga-pa-arbetsmarknaden\/#breadcrumb"},"inLanguage":"sv-SE","potentialAction":[{"@type":"ReadAction","target":["https:\/\/www.almega.se\/2020\/12\/ny-rapport-rekordsvart-lage-for-unga-pa-arbetsmarknaden\/"]}]},{"@type":"ImageObject","inLanguage":"sv-SE","@id":"https:\/\/www.almega.se\/2020\/12\/ny-rapport-rekordsvart-lage-for-unga-pa-arbetsmarknaden\/#primaryimage","url":"https:\/\/www.almega.se\/app\/uploads\/2020\/12\/ungdomsarbetsloshet-1.png","contentUrl":"https:\/\/www.almega.se\/app\/uploads\/2020\/12\/ungdomsarbetsloshet-1.png","width":3000,"height":2000},{"@type":"BreadcrumbList","@id":"https:\/\/www.almega.se\/2020\/12\/ny-rapport-rekordsvart-lage-for-unga-pa-arbetsmarknaden\/#breadcrumb","itemListElement":[{"@type":"ListItem","position":1,"name":"Home","item":"https:\/\/www.almega.se\/"},{"@type":"ListItem","position":2,"name":"Ny rapport: Rekordsv\u00e5rt l\u00e4ge f\u00f6r unga p\u00e5 arbetsmarknaden"}]},{"@type":"WebSite","@id":"https:\/\/www.almega.se\/#website","url":"https:\/\/www.almega.se\/","name":"Almega","description":"","potentialAction":[{"@type":"SearchAction","target":{"@type":"EntryPoint","urlTemplate":"https:\/\/www.almega.se\/?s={search_term_string}"},"query-input":{"@type":"PropertyValueSpecification","valueRequired":true,"valueName":"search_term_string"}}],"inLanguage":"sv-SE"},{"@type":"Person","@id":"https:\/\/www.almega.se\/#\/schema\/person\/efcc735e9c1ba0f9de79e69dc5be5f8a","name":"Julia Schwamberg","image":{"@type":"ImageObject","inLanguage":"sv-SE","@id":"https:\/\/www.almega.se\/#\/schema\/person\/image\/","url":"https:\/\/secure.gravatar.com\/avatar\/60ee7d8b8e9aa9b036f4768c0d2e868d8f080bcf68689c0f64ab3b87b1c2f78b?s=96&d=mm&r=g","contentUrl":"https:\/\/secure.gravatar.com\/avatar\/60ee7d8b8e9aa9b036f4768c0d2e868d8f080bcf68689c0f64ab3b87b1c2f78b?s=96&d=mm&r=g","caption":"Julia Schwamberg"},"url":"https:\/\/www.almega.se\/person\/juliaschwamberg\/"}]}},"_links":{"self":[{"href":"https:\/\/www.almega.se\/api\/wp\/v2\/posts\/33370","targetHints":{"allow":["GET"]}}],"collection":[{"href":"https:\/\/www.almega.se\/api\/wp\/v2\/posts"}],"about":[{"href":"https:\/\/www.almega.se\/api\/wp\/v2\/types\/post"}],"author":[{"embeddable":true,"href":"https:\/\/www.almega.se\/api\/wp\/v2\/users\/3"}],"replies":[{"embeddable":true,"href":"https:\/\/www.almega.se\/api\/wp\/v2\/comments?post=33370"}],"version-history":[{"count":12,"href":"https:\/\/www.almega.se\/api\/wp\/v2\/posts\/33370\/revisions"}],"predecessor-version":[{"id":59058,"href":"https:\/\/www.almega.se\/api\/wp\/v2\/posts\/33370\/revisions\/59058"}],"wp:featuredmedia":[{"embeddable":true,"href":"https:\/\/www.almega.se\/api\/wp\/v2\/media\/33373"}],"wp:attachment":[{"href":"https:\/\/www.almega.se\/api\/wp\/v2\/media?parent=33370"}],"wp:term":[{"taxonomy":"category","embeddable":true,"href":"https:\/\/www.almega.se\/api\/wp\/v2\/categories?post=33370"},{"taxonomy":"post_tag","embeddable":true,"href":"https:\/\/www.almega.se\/api\/wp\/v2\/tags?post=33370"},{"taxonomy":"type","embeddable":true,"href":"https:\/\/www.almega.se\/api\/wp\/v2\/article_type?post=33370"},{"taxonomy":"agreement","embeddable":true,"href":"https:\/\/www.almega.se\/api\/wp\/v2\/agreement?post=33370"}],"curies":[{"name":"wp","href":"https:\/\/api.w.org\/{rel}","templated":true}]}}