{"id":33368,"date":"2020-12-18T18:20:42","date_gmt":"2020-12-18T17:20:42","guid":{"rendered":"https:\/\/www.almega.se\/2020\/12\/nya-stadavtal-klart-med-fastighets-och-seko\/"},"modified":"2020-12-18T18:20:42","modified_gmt":"2020-12-18T17:20:42","slug":"nya-stadavtal-klart-med-fastighets-och-seko","status":"publish","type":"post","link":"https:\/\/www.almega.se\/2020\/12\/nya-stadavtal-klart-med-fastighets-och-seko\/","title":{"rendered":"Nya st\u00e4davtal klart med Fastighets och SEKO"},"content":{"rendered":"<p class=\"intro\">Almega St\u00e4df\u00f6retagen har idag tecknat ett nytt kollektivavtal med Fastighetsanst\u00e4lldas F\u00f6rbund och SEKO. Det nya st\u00e4davtalet str\u00e4cker sig \u00f6ver 29 m\u00e5nader.<\/p>\n\n<p>\u2013 Det har varit tuffa f\u00f6rhandlingar. Fr\u00e5n arbetsgivarh\u00e5ll har vi g\u00e5tt med p\u00e5 en l\u00e5gl\u00f6nesatsning som \u00e4r v\u00e4rd 0,3 procent, men vi har samtidigt uppn\u00e5tt flera viktiga f\u00f6rb\u00e4ttringar av de allm\u00e4nna villkoren, s\u00e4ger Marcus Lindstr\u00f6m, f\u00f6rhandlingschef p\u00e5 Almega St\u00e4df\u00f6retagen:<\/p>\n\n\n\n<p>\u2013 Bland annat har nattarbetsf\u00f6rbudet slopats och f\u00f6retagen f\u00e5r dessutom f\u00f6renklade regler kring korta visstidsanst\u00e4llningar och schema\u00e4ndringar. Det \u00e4r viktiga f\u00f6r\u00e4ndringar som underl\u00e4ttar f\u00f6retagens verksamhet, vilket i slut\u00e4ndan gynnar b\u00e5de f\u00f6retag och medarbetare<\/p>\n\n\n\n<p>Avtalen str\u00e4cker sig \u00f6ver 29 m\u00e5nader och har ett sammanv\u00e4gt avtalsv\u00e4rde om 5,4 procent, vilket \u00e4r vad arbetsmarknadens parter \u00e4r \u00f6verens om.<\/p>\n\n\n\n<p>\u2013 Som alltid i f\u00f6rhandlingar handlar det om ett givande och ett tagande, och summerar vi villkoren i det nya avtalet \u00e4r vi n\u00f6jda med resultatet, s\u00e4ger Marcus Lindstr\u00f6m.<\/p>\n\n\n\n<p>Avtalen omfattar n\u00e4rmare 1 000 f\u00f6retag med totalt omkring 35 000 medarbetare.<\/p>\n\n\n\n<p><em>Almega str\u00e4var efter de b\u00e4sta f\u00f6ruts\u00e4ttningarna f\u00f6r b\u00e5de f\u00f6retagare och medarbetare. Att erbjuda attraktiva villkor \u00e4r avg\u00f6rande f\u00f6r tj\u00e4nstef\u00f6retagens framg\u00e5ng. Tillsammans skapar vi en bra arbetsmarknad: under avtalsf\u00f6rhandlingarna, men framf\u00f6rallt varje dag p\u00e5 arbetsplatserna i samtal mellan f\u00f6retagare och medarbetare. I avtalsr\u00f6relsen 2020 tecknar Almega sammanlagt 130 avtal, flest av alla arbetsgivarorganisationer.<\/em><\/p>\n","protected":false},"excerpt":{"rendered":"<p>Almega St\u00e4df\u00f6retagen har idag tecknat ett nytt kollektivavtal med Fastighetsanst\u00e4lldas F\u00f6rbund och SEKO. Det nya st\u00e4davtalet str\u00e4cker sig \u00f6ver 29 m\u00e5nader.<\/p>\n","protected":false},"author":3,"featured_media":33369,"comment_status":"closed","ping_status":"closed","sticky":false,"template":"","format":"standard","meta":{"_acf_changed":false,"footnotes":""},"categories":[451],"tags":[76],"article_type":[93],"agreement":[],"class_list":["post-33368","post","type-post","status-publish","format-standard","has-post-thumbnail","hentry","category-arbetsgivarfragor","tag-kollektivavtal","type-pressmeddelanden"],"acf":[],"yoast_head":"<!-- This site is optimized with the Yoast SEO Premium plugin v26.8 (Yoast SEO v26.8) - https:\/\/yoast.com\/product\/yoast-seo-premium-wordpress\/ -->\n<title>Nya st\u00e4davtal klart med Fastighets och SEKO | Almega<\/title>\n<meta name=\"robots\" content=\"index, follow, max-snippet:-1, max-image-preview:large, max-video-preview:-1\" \/>\n<link rel=\"canonical\" href=\"https:\/\/www.almega.se\/2020\/12\/nya-stadavtal-klart-med-fastighets-och-seko\/\" \/>\n<meta property=\"og:locale\" content=\"sv_SE\" \/>\n<meta property=\"og:type\" content=\"article\" \/>\n<meta property=\"og:title\" content=\"Nya st\u00e4davtal klart med Fastighets och SEKO\" \/>\n<meta property=\"og:description\" content=\"Almega St\u00e4df\u00f6retagen har idag tecknat ett nytt kollektivavtal med Fastighetsanst\u00e4lldas F\u00f6rbund och SEKO. Det nya st\u00e4davtalet str\u00e4cker sig \u00f6ver 29 m\u00e5nader.\" \/>\n<meta property=\"og:url\" content=\"https:\/\/www.almega.se\/2020\/12\/nya-stadavtal-klart-med-fastighets-och-seko\/\" \/>\n<meta property=\"og:site_name\" content=\"Almega\" \/>\n<meta property=\"article:published_time\" content=\"2020-12-18T17:20:42+00:00\" \/>\n<meta property=\"og:image\" content=\"https:\/\/www.almega.se\/app\/uploads\/2020\/12\/6b0fd83d-38f3-4140-a409-666764a68431-scaled.jpg\" \/>\n\t<meta property=\"og:image:width\" content=\"2560\" \/>\n\t<meta property=\"og:image:height\" content=\"1707\" \/>\n\t<meta property=\"og:image:type\" content=\"image\/jpeg\" \/>\n<meta name=\"author\" content=\"Julia Schwamberg\" \/>\n<meta name=\"twitter:card\" content=\"summary_large_image\" \/>\n<meta name=\"twitter:label1\" content=\"Skriven av\" \/>\n\t<meta name=\"twitter:data1\" content=\"Julia Schwamberg\" \/>\n\t<meta name=\"twitter:label2\" content=\"Ber\u00e4knad l\u00e4stid\" \/>\n\t<meta name=\"twitter:data2\" content=\"1 minut\" \/>\n<!-- \/ Yoast SEO Premium plugin. -->","yoast_head_json":{"title":"Nya st\u00e4davtal klart med Fastighets och SEKO | Almega","robots":{"index":"index","follow":"follow","max-snippet":"max-snippet:-1","max-image-preview":"max-image-preview:large","max-video-preview":"max-video-preview:-1"},"canonical":"https:\/\/www.almega.se\/2020\/12\/nya-stadavtal-klart-med-fastighets-och-seko\/","og_locale":"sv_SE","og_type":"article","og_title":"Nya st\u00e4davtal klart med Fastighets och SEKO","og_description":"Almega St\u00e4df\u00f6retagen har idag tecknat ett nytt kollektivavtal med Fastighetsanst\u00e4lldas F\u00f6rbund och SEKO. Det nya st\u00e4davtalet str\u00e4cker sig \u00f6ver 29 m\u00e5nader.","og_url":"https:\/\/www.almega.se\/2020\/12\/nya-stadavtal-klart-med-fastighets-och-seko\/","og_site_name":"Almega","article_published_time":"2020-12-18T17:20:42+00:00","og_image":[{"width":2560,"height":1707,"url":"https:\/\/www.almega.se\/app\/uploads\/2020\/12\/6b0fd83d-38f3-4140-a409-666764a68431-scaled.jpg","type":"image\/jpeg"}],"author":"Julia Schwamberg","twitter_card":"summary_large_image","twitter_misc":{"Skriven av":"Julia Schwamberg","Ber\u00e4knad l\u00e4stid":"1 minut"},"schema":{"@context":"https:\/\/schema.org","@graph":[{"@type":"NewsArticle","@id":"https:\/\/www.almega.se\/2020\/12\/nya-stadavtal-klart-med-fastighets-och-seko\/#article","isPartOf":{"@id":"https:\/\/www.almega.se\/2020\/12\/nya-stadavtal-klart-med-fastighets-och-seko\/"},"author":{"name":"Julia Schwamberg","@id":"https:\/\/www.almega.se\/#\/schema\/person\/efcc735e9c1ba0f9de79e69dc5be5f8a"},"headline":"Nya st\u00e4davtal klart med Fastighets och SEKO","datePublished":"2020-12-18T17:20:42+00:00","mainEntityOfPage":{"@id":"https:\/\/www.almega.se\/2020\/12\/nya-stadavtal-klart-med-fastighets-och-seko\/"},"wordCount":238,"image":{"@id":"https:\/\/www.almega.se\/2020\/12\/nya-stadavtal-klart-med-fastighets-och-seko\/#primaryimage"},"thumbnailUrl":"https:\/\/www.almega.se\/app\/uploads\/2020\/12\/6b0fd83d-38f3-4140-a409-666764a68431-scaled.jpg","keywords":["Kollektivavtal"],"articleSection":["Arbetsgivarfr\u00e5gor"],"inLanguage":"sv-SE"},{"@type":"WebPage","@id":"https:\/\/www.almega.se\/2020\/12\/nya-stadavtal-klart-med-fastighets-och-seko\/","url":"https:\/\/www.almega.se\/2020\/12\/nya-stadavtal-klart-med-fastighets-och-seko\/","name":"Nya st\u00e4davtal klart med Fastighets och SEKO | Almega","isPartOf":{"@id":"https:\/\/www.almega.se\/#website"},"primaryImageOfPage":{"@id":"https:\/\/www.almega.se\/2020\/12\/nya-stadavtal-klart-med-fastighets-och-seko\/#primaryimage"},"image":{"@id":"https:\/\/www.almega.se\/2020\/12\/nya-stadavtal-klart-med-fastighets-och-seko\/#primaryimage"},"thumbnailUrl":"https:\/\/www.almega.se\/app\/uploads\/2020\/12\/6b0fd83d-38f3-4140-a409-666764a68431-scaled.jpg","datePublished":"2020-12-18T17:20:42+00:00","author":{"@id":"https:\/\/www.almega.se\/#\/schema\/person\/efcc735e9c1ba0f9de79e69dc5be5f8a"},"breadcrumb":{"@id":"https:\/\/www.almega.se\/2020\/12\/nya-stadavtal-klart-med-fastighets-och-seko\/#breadcrumb"},"inLanguage":"sv-SE","potentialAction":[{"@type":"ReadAction","target":["https:\/\/www.almega.se\/2020\/12\/nya-stadavtal-klart-med-fastighets-och-seko\/"]}]},{"@type":"ImageObject","inLanguage":"sv-SE","@id":"https:\/\/www.almega.se\/2020\/12\/nya-stadavtal-klart-med-fastighets-och-seko\/#primaryimage","url":"https:\/\/www.almega.se\/app\/uploads\/2020\/12\/6b0fd83d-38f3-4140-a409-666764a68431-scaled.jpg","contentUrl":"https:\/\/www.almega.se\/app\/uploads\/2020\/12\/6b0fd83d-38f3-4140-a409-666764a68431-scaled.jpg","width":2560,"height":1707,"caption":"Marcus Lindstr\u00f6m, f\u00f6rhandlingschef p\u00e5 Almega St\u00e4df\u00f6retagen"},{"@type":"BreadcrumbList","@id":"https:\/\/www.almega.se\/2020\/12\/nya-stadavtal-klart-med-fastighets-och-seko\/#breadcrumb","itemListElement":[{"@type":"ListItem","position":1,"name":"Home","item":"https:\/\/www.almega.se\/"},{"@type":"ListItem","position":2,"name":"Nya st\u00e4davtal klart med Fastighets och SEKO"}]},{"@type":"WebSite","@id":"https:\/\/www.almega.se\/#website","url":"https:\/\/www.almega.se\/","name":"Almega","description":"","potentialAction":[{"@type":"SearchAction","target":{"@type":"EntryPoint","urlTemplate":"https:\/\/www.almega.se\/?s={search_term_string}"},"query-input":{"@type":"PropertyValueSpecification","valueRequired":true,"valueName":"search_term_string"}}],"inLanguage":"sv-SE"},{"@type":"Person","@id":"https:\/\/www.almega.se\/#\/schema\/person\/efcc735e9c1ba0f9de79e69dc5be5f8a","name":"Julia Schwamberg","image":{"@type":"ImageObject","inLanguage":"sv-SE","@id":"https:\/\/www.almega.se\/#\/schema\/person\/image\/","url":"https:\/\/secure.gravatar.com\/avatar\/60ee7d8b8e9aa9b036f4768c0d2e868d8f080bcf68689c0f64ab3b87b1c2f78b?s=96&d=mm&r=g","contentUrl":"https:\/\/secure.gravatar.com\/avatar\/60ee7d8b8e9aa9b036f4768c0d2e868d8f080bcf68689c0f64ab3b87b1c2f78b?s=96&d=mm&r=g","caption":"Julia Schwamberg"},"url":"https:\/\/www.almega.se\/person\/juliaschwamberg\/"}]}},"_links":{"self":[{"href":"https:\/\/www.almega.se\/api\/wp\/v2\/posts\/33368","targetHints":{"allow":["GET"]}}],"collection":[{"href":"https:\/\/www.almega.se\/api\/wp\/v2\/posts"}],"about":[{"href":"https:\/\/www.almega.se\/api\/wp\/v2\/types\/post"}],"author":[{"embeddable":true,"href":"https:\/\/www.almega.se\/api\/wp\/v2\/users\/3"}],"replies":[{"embeddable":true,"href":"https:\/\/www.almega.se\/api\/wp\/v2\/comments?post=33368"}],"version-history":[{"count":2,"href":"https:\/\/www.almega.se\/api\/wp\/v2\/posts\/33368\/revisions"}],"predecessor-version":[{"id":54120,"href":"https:\/\/www.almega.se\/api\/wp\/v2\/posts\/33368\/revisions\/54120"}],"wp:featuredmedia":[{"embeddable":true,"href":"https:\/\/www.almega.se\/api\/wp\/v2\/media\/33369"}],"wp:attachment":[{"href":"https:\/\/www.almega.se\/api\/wp\/v2\/media?parent=33368"}],"wp:term":[{"taxonomy":"category","embeddable":true,"href":"https:\/\/www.almega.se\/api\/wp\/v2\/categories?post=33368"},{"taxonomy":"post_tag","embeddable":true,"href":"https:\/\/www.almega.se\/api\/wp\/v2\/tags?post=33368"},{"taxonomy":"type","embeddable":true,"href":"https:\/\/www.almega.se\/api\/wp\/v2\/article_type?post=33368"},{"taxonomy":"agreement","embeddable":true,"href":"https:\/\/www.almega.se\/api\/wp\/v2\/agreement?post=33368"}],"curies":[{"name":"wp","href":"https:\/\/api.w.org\/{rel}","templated":true}]}}