{"id":33349,"date":"2020-12-18T15:14:43","date_gmt":"2020-12-18T14:14:43","guid":{"rendered":"https:\/\/www.almega.se\/2020\/12\/nytt-avtal-for-tjansteman-inom-bemanning\/"},"modified":"2020-12-18T15:14:43","modified_gmt":"2020-12-18T14:14:43","slug":"nytt-avtal-for-tjansteman-inom-bemanning","status":"publish","type":"post","link":"https:\/\/www.almega.se\/2020\/12\/nytt-avtal-for-tjansteman-inom-bemanning\/","title":{"rendered":"Nytt avtal f\u00f6r tj\u00e4nstem\u00e4n inom bemanning"},"content":{"rendered":"<p class=\"intro\">Kompetensf\u00f6retagen inom Almega har idag tecknat nya kollektivavtal med Akademikerf\u00f6rbunden och med Unionen. De nya avtalen str\u00e4cker sig \u00f6ver 29 m\u00e5nader med en total l\u00f6ne\u00f6kningsniv\u00e5 p\u00e5 5,4 procent. Inom kostnadsramen ryms \u00e4ven pensionsavs\u00e4ttningar.<\/p>\n\n<p>&#8211; Vi har efter givande och konstruktiva f\u00f6rhandlingar, d\u00e4r alla parter tagit ansvar, tecknat avtal inom de ramar arbetsmarknadens parter \u00e4r \u00f6verens om, s\u00e4ger Adam Dobbertin, ansvarig avtalsf\u00f6rhandlare p\u00e5 Kompetensf\u00f6retagen.&nbsp;<\/p>\n\n\n\n<p>Avtalet med Akademikerf\u00f6rbunden inneb\u00e4r \u00e4ven att parterna kommer att tills\u00e4tta en arbetsgrupp f\u00f6r att p\u00e5skynda insteg p\u00e5 arbetsmarknaden f\u00f6r nyanl\u00e4nda akademiker.&nbsp;<\/p>\n\n\n\n<p>&#8211; V\u00e5ra medlemsf\u00f6retag \u00e4r viktiga integrationsmotorer. Det \u00e4r d\u00e4rf\u00f6r gl\u00e4djande att vi tillsammans med Akademikerf\u00f6rbunden tills\u00e4tter en arbetsgrupp med syfte att gemensamt hitta l\u00f6sningar f\u00f6r att ytterligare p\u00e5skynda och fr\u00e4mja insteg p\u00e5 arbetsmarknaden f\u00f6r nyanl\u00e4nda akademiker.&nbsp;<\/p>\n\n\n\n<p>Avtalen omfattar ca 27 400 tj\u00e4nstem\u00e4n inom rekrytering, omst\u00e4llning och bemanning.<\/p>\n\n\n\n<p><em>Almega str\u00e4var efter de b\u00e4sta f\u00f6ruts\u00e4ttningarna f\u00f6r b\u00e5de f\u00f6retagare och medarbetare. Att erbjuda attraktiva villkor \u00e4r avg\u00f6rande f\u00f6r tj\u00e4nstef\u00f6retagens framg\u00e5ng. Tillsammans skapar vi en bra arbetsmarknad: under avtalsf\u00f6rhandlingarna, men framf\u00f6rallt varje dag p\u00e5 arbetsplatserna i samtal mellan f\u00f6retagare och medarbetare. I avtalsr\u00f6relsen 2020 tecknar Almega sammanlagt 130 avtal, flest av alla arbetsgivarorganisationer.<\/em><\/p>\n","protected":false},"excerpt":{"rendered":"<p>Kompetensf\u00f6retagen inom Almega har idag tecknat nya kollektivavtal med Akademikerf\u00f6rbunden och med Unionen. De nya avtalen str\u00e4cker sig \u00f6ver 29 m\u00e5nader med en total l\u00f6ne\u00f6kningsniv\u00e5 p\u00e5 5,4 procent. Inom kostnadsramen ryms \u00e4ven pensionsavs\u00e4ttningar.<\/p>\n","protected":false},"author":14827,"featured_media":31472,"comment_status":"closed","ping_status":"closed","sticky":false,"template":"","format":"standard","meta":{"_acf_changed":false,"footnotes":""},"categories":[451],"tags":[76],"article_type":[93],"agreement":[],"class_list":["post-33349","post","type-post","status-publish","format-standard","has-post-thumbnail","hentry","category-arbetsgivarfragor","tag-kollektivavtal","type-pressmeddelanden"],"acf":[],"yoast_head":"<!-- This site is optimized with the Yoast SEO Premium plugin v26.8 (Yoast SEO v26.8) - https:\/\/yoast.com\/product\/yoast-seo-premium-wordpress\/ -->\n<title>Nytt avtal f\u00f6r tj\u00e4nstem\u00e4n inom bemanning | Almega<\/title>\n<meta name=\"description\" content=\"Kompetensf\u00f6retagen inom Almega har idag tecknat nya kollektivavtal med Akademikerf\u00f6rbunden och med Unionen.\" \/>\n<meta name=\"robots\" content=\"index, follow, max-snippet:-1, max-image-preview:large, max-video-preview:-1\" \/>\n<link rel=\"canonical\" href=\"https:\/\/www.almega.se\/2020\/12\/nytt-avtal-for-tjansteman-inom-bemanning\/\" \/>\n<meta property=\"og:locale\" content=\"sv_SE\" \/>\n<meta property=\"og:type\" content=\"article\" \/>\n<meta property=\"og:title\" content=\"Nytt avtal f\u00f6r tj\u00e4nstem\u00e4n inom bemanning\" \/>\n<meta property=\"og:description\" content=\"Kompetensf\u00f6retagen inom Almega har idag tecknat nya kollektivavtal med Akademikerf\u00f6rbunden och med Unionen.\" \/>\n<meta property=\"og:url\" content=\"https:\/\/www.almega.se\/2020\/12\/nytt-avtal-for-tjansteman-inom-bemanning\/\" \/>\n<meta property=\"og:site_name\" content=\"Almega\" \/>\n<meta property=\"article:published_time\" content=\"2020-12-18T14:14:43+00:00\" \/>\n<meta property=\"og:image\" content=\"https:\/\/www.almega.se\/app\/uploads\/2020\/09\/adam-dobbertin_foto-eg.jpg\" \/>\n\t<meta property=\"og:image:width\" content=\"1623\" \/>\n\t<meta property=\"og:image:height\" content=\"1623\" \/>\n\t<meta property=\"og:image:type\" content=\"image\/jpeg\" \/>\n<meta name=\"author\" content=\"emmaf\" \/>\n<meta name=\"twitter:card\" content=\"summary_large_image\" \/>\n<meta name=\"twitter:label1\" content=\"Skriven av\" \/>\n\t<meta name=\"twitter:data1\" content=\"emmaf\" \/>\n\t<meta name=\"twitter:label2\" content=\"Ber\u00e4knad l\u00e4stid\" \/>\n\t<meta name=\"twitter:data2\" content=\"1 minut\" \/>\n<!-- \/ Yoast SEO Premium plugin. -->","yoast_head_json":{"title":"Nytt avtal f\u00f6r tj\u00e4nstem\u00e4n inom bemanning | Almega","description":"Kompetensf\u00f6retagen inom Almega har idag tecknat nya kollektivavtal med Akademikerf\u00f6rbunden och med Unionen.","robots":{"index":"index","follow":"follow","max-snippet":"max-snippet:-1","max-image-preview":"max-image-preview:large","max-video-preview":"max-video-preview:-1"},"canonical":"https:\/\/www.almega.se\/2020\/12\/nytt-avtal-for-tjansteman-inom-bemanning\/","og_locale":"sv_SE","og_type":"article","og_title":"Nytt avtal f\u00f6r tj\u00e4nstem\u00e4n inom bemanning","og_description":"Kompetensf\u00f6retagen inom Almega har idag tecknat nya kollektivavtal med Akademikerf\u00f6rbunden och med Unionen.","og_url":"https:\/\/www.almega.se\/2020\/12\/nytt-avtal-for-tjansteman-inom-bemanning\/","og_site_name":"Almega","article_published_time":"2020-12-18T14:14:43+00:00","og_image":[{"width":1623,"height":1623,"url":"https:\/\/www.almega.se\/app\/uploads\/2020\/09\/adam-dobbertin_foto-eg.jpg","type":"image\/jpeg"}],"author":"emmaf","twitter_card":"summary_large_image","twitter_misc":{"Skriven av":"emmaf","Ber\u00e4knad l\u00e4stid":"1 minut"},"schema":{"@context":"https:\/\/schema.org","@graph":[{"@type":"NewsArticle","@id":"https:\/\/www.almega.se\/2020\/12\/nytt-avtal-for-tjansteman-inom-bemanning\/#article","isPartOf":{"@id":"https:\/\/www.almega.se\/2020\/12\/nytt-avtal-for-tjansteman-inom-bemanning\/"},"author":{"name":"emmaf","@id":"https:\/\/www.almega.se\/#\/schema\/person\/7dcd85c42437215aafce170ec28e2fac"},"headline":"Nytt avtal f\u00f6r tj\u00e4nstem\u00e4n inom bemanning","datePublished":"2020-12-18T14:14:43+00:00","mainEntityOfPage":{"@id":"https:\/\/www.almega.se\/2020\/12\/nytt-avtal-for-tjansteman-inom-bemanning\/"},"wordCount":202,"image":{"@id":"https:\/\/www.almega.se\/2020\/12\/nytt-avtal-for-tjansteman-inom-bemanning\/#primaryimage"},"thumbnailUrl":"https:\/\/www.almega.se\/app\/uploads\/2020\/09\/adam-dobbertin_foto-eg.jpg","keywords":["Kollektivavtal"],"articleSection":["Arbetsgivarfr\u00e5gor"],"inLanguage":"sv-SE"},{"@type":"WebPage","@id":"https:\/\/www.almega.se\/2020\/12\/nytt-avtal-for-tjansteman-inom-bemanning\/","url":"https:\/\/www.almega.se\/2020\/12\/nytt-avtal-for-tjansteman-inom-bemanning\/","name":"Nytt avtal f\u00f6r tj\u00e4nstem\u00e4n inom bemanning | Almega","isPartOf":{"@id":"https:\/\/www.almega.se\/#website"},"primaryImageOfPage":{"@id":"https:\/\/www.almega.se\/2020\/12\/nytt-avtal-for-tjansteman-inom-bemanning\/#primaryimage"},"image":{"@id":"https:\/\/www.almega.se\/2020\/12\/nytt-avtal-for-tjansteman-inom-bemanning\/#primaryimage"},"thumbnailUrl":"https:\/\/www.almega.se\/app\/uploads\/2020\/09\/adam-dobbertin_foto-eg.jpg","datePublished":"2020-12-18T14:14:43+00:00","author":{"@id":"https:\/\/www.almega.se\/#\/schema\/person\/7dcd85c42437215aafce170ec28e2fac"},"description":"Kompetensf\u00f6retagen inom Almega har idag tecknat nya kollektivavtal med Akademikerf\u00f6rbunden och med Unionen.","breadcrumb":{"@id":"https:\/\/www.almega.se\/2020\/12\/nytt-avtal-for-tjansteman-inom-bemanning\/#breadcrumb"},"inLanguage":"sv-SE","potentialAction":[{"@type":"ReadAction","target":["https:\/\/www.almega.se\/2020\/12\/nytt-avtal-for-tjansteman-inom-bemanning\/"]}]},{"@type":"ImageObject","inLanguage":"sv-SE","@id":"https:\/\/www.almega.se\/2020\/12\/nytt-avtal-for-tjansteman-inom-bemanning\/#primaryimage","url":"https:\/\/www.almega.se\/app\/uploads\/2020\/09\/adam-dobbertin_foto-eg.jpg","contentUrl":"https:\/\/www.almega.se\/app\/uploads\/2020\/09\/adam-dobbertin_foto-eg.jpg","width":1623,"height":1623},{"@type":"BreadcrumbList","@id":"https:\/\/www.almega.se\/2020\/12\/nytt-avtal-for-tjansteman-inom-bemanning\/#breadcrumb","itemListElement":[{"@type":"ListItem","position":1,"name":"Home","item":"https:\/\/www.almega.se\/"},{"@type":"ListItem","position":2,"name":"Nytt avtal f\u00f6r tj\u00e4nstem\u00e4n inom bemanning"}]},{"@type":"WebSite","@id":"https:\/\/www.almega.se\/#website","url":"https:\/\/www.almega.se\/","name":"Almega","description":"","potentialAction":[{"@type":"SearchAction","target":{"@type":"EntryPoint","urlTemplate":"https:\/\/www.almega.se\/?s={search_term_string}"},"query-input":{"@type":"PropertyValueSpecification","valueRequired":true,"valueName":"search_term_string"}}],"inLanguage":"sv-SE"},{"@type":"Person","@id":"https:\/\/www.almega.se\/#\/schema\/person\/7dcd85c42437215aafce170ec28e2fac","name":"emmaf","image":{"@type":"ImageObject","inLanguage":"sv-SE","@id":"https:\/\/www.almega.se\/#\/schema\/person\/image\/","url":"https:\/\/secure.gravatar.com\/avatar\/7d7de2d34f664967395b2486fe4409bcc5db61c29c5fe0dfca5e5be04df31c34?s=96&d=mm&r=g","contentUrl":"https:\/\/secure.gravatar.com\/avatar\/7d7de2d34f664967395b2486fe4409bcc5db61c29c5fe0dfca5e5be04df31c34?s=96&d=mm&r=g","caption":"emmaf"},"url":"https:\/\/www.almega.se\/person\/emmaf\/"}]}},"_links":{"self":[{"href":"https:\/\/www.almega.se\/api\/wp\/v2\/posts\/33349","targetHints":{"allow":["GET"]}}],"collection":[{"href":"https:\/\/www.almega.se\/api\/wp\/v2\/posts"}],"about":[{"href":"https:\/\/www.almega.se\/api\/wp\/v2\/types\/post"}],"author":[{"embeddable":true,"href":"https:\/\/www.almega.se\/api\/wp\/v2\/users\/14827"}],"replies":[{"embeddable":true,"href":"https:\/\/www.almega.se\/api\/wp\/v2\/comments?post=33349"}],"version-history":[{"count":2,"href":"https:\/\/www.almega.se\/api\/wp\/v2\/posts\/33349\/revisions"}],"predecessor-version":[{"id":54118,"href":"https:\/\/www.almega.se\/api\/wp\/v2\/posts\/33349\/revisions\/54118"}],"wp:featuredmedia":[{"embeddable":true,"href":"https:\/\/www.almega.se\/api\/wp\/v2\/media\/31472"}],"wp:attachment":[{"href":"https:\/\/www.almega.se\/api\/wp\/v2\/media?parent=33349"}],"wp:term":[{"taxonomy":"category","embeddable":true,"href":"https:\/\/www.almega.se\/api\/wp\/v2\/categories?post=33349"},{"taxonomy":"post_tag","embeddable":true,"href":"https:\/\/www.almega.se\/api\/wp\/v2\/tags?post=33349"},{"taxonomy":"type","embeddable":true,"href":"https:\/\/www.almega.se\/api\/wp\/v2\/article_type?post=33349"},{"taxonomy":"agreement","embeddable":true,"href":"https:\/\/www.almega.se\/api\/wp\/v2\/agreement?post=33349"}],"curies":[{"name":"wp","href":"https:\/\/api.w.org\/{rel}","templated":true}]}}