{"id":33285,"date":"2020-12-17T19:25:39","date_gmt":"2020-12-17T18:25:39","guid":{"rendered":"https:\/\/www.almega.se\/2020\/12\/kompetensforetagen-valkomnar-det-nya-bemanningsavtalet\/"},"modified":"2020-12-17T19:25:39","modified_gmt":"2020-12-17T18:25:39","slug":"kompetensforetagen-valkomnar-det-nya-bemanningsavtalet","status":"publish","type":"post","link":"https:\/\/www.almega.se\/2020\/12\/kompetensforetagen-valkomnar-det-nya-bemanningsavtalet\/","title":{"rendered":"Kompetens&shy;f\u00f6retagen v\u00e4lkomnar det nya bemannings&shy;avtalet"},"content":{"rendered":"<p class=\"intro\">Kompetensf\u00f6retagen inom Almega och LO har idag b\u00e5da tackat ja till medlarnas bud och tecknat avtal f\u00f6r bemanningsbranschen. Det betyder att den varslade konflikt som skulle brutit ut i morgon fredag samt den 7 januari nu st\u00e4lls in.<\/p>\n\n<p>\u2013 Jag \u00e4r glad att vi kom \u00f6verens till slut och jag upplever att b\u00e5da parter bidragit konstruktivt under medlingen, s\u00e4ger Patrik Eidfelt, f\u00f6rbundsdirekt\u00f6r f\u00f6r Komeptensf\u00f6retagen.<\/p>\n\n\n\n<p>Det nya avtalet \u00e4r inom ramen f\u00f6r industrins m\u00e4rke och inneh\u00e5ller en f\u00f6rst\u00e4rkning av Avtalspension SAF-LO och flera partarbeten under den kommande avtalsperioden.<\/p>\n\n\n\n<p>\u2013\u00a0Framf\u00f6rallt \u00e4r jag n\u00f6jd med att det inte blir n\u00e5gon konflikt och att v\u00e5ra medlemsf\u00f6retag i bemanningsbranschen kan forts\u00e4tta leverera sina viktiga tj\u00e4nster\u00a0p\u00e5 hela den svenska arbetsmarknaden, avslutar Patrik Eidfelt.\u00a0<\/p>\n","protected":false},"excerpt":{"rendered":"<p>Kompetensf\u00f6retagen inom Almega och LO har idag b\u00e5da tackat ja till medlarnas bud och tecknat avtal f\u00f6r bemanningsbranschen. Det betyder att den varslade konflikt som skulle brutit ut i morgon fredag samt den 7 januari nu st\u00e4lls in.<\/p>\n","protected":false},"author":3,"featured_media":33286,"comment_status":"closed","ping_status":"closed","sticky":false,"template":"","format":"standard","meta":{"_acf_changed":false,"footnotes":""},"categories":[451],"tags":[76],"article_type":[93],"agreement":[],"class_list":["post-33285","post","type-post","status-publish","format-standard","has-post-thumbnail","hentry","category-arbetsgivarfragor","tag-kollektivavtal","type-pressmeddelanden"],"acf":[],"yoast_head":"<!-- This site is optimized with the Yoast SEO Premium plugin v26.8 (Yoast SEO v26.8) - https:\/\/yoast.com\/product\/yoast-seo-premium-wordpress\/ -->\n<title>Kompetensf\u00f6retagen v\u00e4lkomnar det nya bemanningsavtalet | Almega<\/title>\n<meta name=\"robots\" content=\"index, follow, max-snippet:-1, max-image-preview:large, max-video-preview:-1\" \/>\n<link rel=\"canonical\" href=\"https:\/\/www.almega.se\/2020\/12\/kompetensforetagen-valkomnar-det-nya-bemanningsavtalet\/\" \/>\n<meta property=\"og:locale\" content=\"sv_SE\" \/>\n<meta property=\"og:type\" content=\"article\" \/>\n<meta property=\"og:title\" content=\"Kompetensf\u00f6retagen v\u00e4lkomnar det nya bemanningsavtalet\" \/>\n<meta property=\"og:description\" content=\"Kompetensf\u00f6retagen inom Almega och LO har idag b\u00e5da tackat ja till medlarnas bud och tecknat avtal f\u00f6r bemanningsbranschen. Det betyder att den varslade konflikt som skulle brutit ut i morgon fredag samt den 7 januari nu st\u00e4lls in.\" \/>\n<meta property=\"og:url\" content=\"https:\/\/www.almega.se\/2020\/12\/kompetensforetagen-valkomnar-det-nya-bemanningsavtalet\/\" \/>\n<meta property=\"og:site_name\" content=\"Almega\" \/>\n<meta property=\"article:published_time\" content=\"2020-12-17T18:25:39+00:00\" \/>\n<meta property=\"og:image\" content=\"https:\/\/www.almega.se\/app\/uploads\/2020\/12\/95f82657-a037-4d06-965e-ca9c7ce11487-scaled.jpg\" \/>\n\t<meta property=\"og:image:width\" content=\"2560\" \/>\n\t<meta property=\"og:image:height\" content=\"1707\" \/>\n\t<meta property=\"og:image:type\" content=\"image\/jpeg\" \/>\n<meta name=\"author\" content=\"Julia Schwamberg\" \/>\n<meta name=\"twitter:card\" content=\"summary_large_image\" \/>\n<meta name=\"twitter:label1\" content=\"Skriven av\" \/>\n\t<meta name=\"twitter:data1\" content=\"Julia Schwamberg\" \/>\n\t<meta name=\"twitter:label2\" content=\"Ber\u00e4knad l\u00e4stid\" \/>\n\t<meta name=\"twitter:data2\" content=\"1 minut\" \/>\n<!-- \/ Yoast SEO Premium plugin. -->","yoast_head_json":{"title":"Kompetensf\u00f6retagen v\u00e4lkomnar det nya bemanningsavtalet | Almega","robots":{"index":"index","follow":"follow","max-snippet":"max-snippet:-1","max-image-preview":"max-image-preview:large","max-video-preview":"max-video-preview:-1"},"canonical":"https:\/\/www.almega.se\/2020\/12\/kompetensforetagen-valkomnar-det-nya-bemanningsavtalet\/","og_locale":"sv_SE","og_type":"article","og_title":"Kompetensf\u00f6retagen v\u00e4lkomnar det nya bemanningsavtalet","og_description":"Kompetensf\u00f6retagen inom Almega och LO har idag b\u00e5da tackat ja till medlarnas bud och tecknat avtal f\u00f6r bemanningsbranschen. Det betyder att den varslade konflikt som skulle brutit ut i morgon fredag samt den 7 januari nu st\u00e4lls in.","og_url":"https:\/\/www.almega.se\/2020\/12\/kompetensforetagen-valkomnar-det-nya-bemanningsavtalet\/","og_site_name":"Almega","article_published_time":"2020-12-17T18:25:39+00:00","og_image":[{"width":2560,"height":1707,"url":"https:\/\/www.almega.se\/app\/uploads\/2020\/12\/95f82657-a037-4d06-965e-ca9c7ce11487-scaled.jpg","type":"image\/jpeg"}],"author":"Julia Schwamberg","twitter_card":"summary_large_image","twitter_misc":{"Skriven av":"Julia Schwamberg","Ber\u00e4knad l\u00e4stid":"1 minut"},"schema":{"@context":"https:\/\/schema.org","@graph":[{"@type":"NewsArticle","@id":"https:\/\/www.almega.se\/2020\/12\/kompetensforetagen-valkomnar-det-nya-bemanningsavtalet\/#article","isPartOf":{"@id":"https:\/\/www.almega.se\/2020\/12\/kompetensforetagen-valkomnar-det-nya-bemanningsavtalet\/"},"author":{"name":"Julia Schwamberg","@id":"https:\/\/www.almega.se\/#\/schema\/person\/efcc735e9c1ba0f9de79e69dc5be5f8a"},"headline":"Kompetens&shy;f\u00f6retagen v\u00e4lkomnar det nya bemannings&shy;avtalet","datePublished":"2020-12-17T18:25:39+00:00","mainEntityOfPage":{"@id":"https:\/\/www.almega.se\/2020\/12\/kompetensforetagen-valkomnar-det-nya-bemanningsavtalet\/"},"wordCount":104,"image":{"@id":"https:\/\/www.almega.se\/2020\/12\/kompetensforetagen-valkomnar-det-nya-bemanningsavtalet\/#primaryimage"},"thumbnailUrl":"https:\/\/www.almega.se\/app\/uploads\/2020\/12\/95f82657-a037-4d06-965e-ca9c7ce11487-scaled.jpg","keywords":["Kollektivavtal"],"articleSection":["Arbetsgivarfr\u00e5gor"],"inLanguage":"sv-SE"},{"@type":"WebPage","@id":"https:\/\/www.almega.se\/2020\/12\/kompetensforetagen-valkomnar-det-nya-bemanningsavtalet\/","url":"https:\/\/www.almega.se\/2020\/12\/kompetensforetagen-valkomnar-det-nya-bemanningsavtalet\/","name":"Kompetensf\u00f6retagen v\u00e4lkomnar det nya bemanningsavtalet | Almega","isPartOf":{"@id":"https:\/\/www.almega.se\/#website"},"primaryImageOfPage":{"@id":"https:\/\/www.almega.se\/2020\/12\/kompetensforetagen-valkomnar-det-nya-bemanningsavtalet\/#primaryimage"},"image":{"@id":"https:\/\/www.almega.se\/2020\/12\/kompetensforetagen-valkomnar-det-nya-bemanningsavtalet\/#primaryimage"},"thumbnailUrl":"https:\/\/www.almega.se\/app\/uploads\/2020\/12\/95f82657-a037-4d06-965e-ca9c7ce11487-scaled.jpg","datePublished":"2020-12-17T18:25:39+00:00","author":{"@id":"https:\/\/www.almega.se\/#\/schema\/person\/efcc735e9c1ba0f9de79e69dc5be5f8a"},"breadcrumb":{"@id":"https:\/\/www.almega.se\/2020\/12\/kompetensforetagen-valkomnar-det-nya-bemanningsavtalet\/#breadcrumb"},"inLanguage":"sv-SE","potentialAction":[{"@type":"ReadAction","target":["https:\/\/www.almega.se\/2020\/12\/kompetensforetagen-valkomnar-det-nya-bemanningsavtalet\/"]}]},{"@type":"ImageObject","inLanguage":"sv-SE","@id":"https:\/\/www.almega.se\/2020\/12\/kompetensforetagen-valkomnar-det-nya-bemanningsavtalet\/#primaryimage","url":"https:\/\/www.almega.se\/app\/uploads\/2020\/12\/95f82657-a037-4d06-965e-ca9c7ce11487-scaled.jpg","contentUrl":"https:\/\/www.almega.se\/app\/uploads\/2020\/12\/95f82657-a037-4d06-965e-ca9c7ce11487-scaled.jpg","width":2560,"height":1707,"caption":"Patrik Eidfelt, f\u00f6rbundsdirekt\u00f6r Kompetensf\u00f6retagen"},{"@type":"BreadcrumbList","@id":"https:\/\/www.almega.se\/2020\/12\/kompetensforetagen-valkomnar-det-nya-bemanningsavtalet\/#breadcrumb","itemListElement":[{"@type":"ListItem","position":1,"name":"Home","item":"https:\/\/www.almega.se\/"},{"@type":"ListItem","position":2,"name":"Kompetens&shy;f\u00f6retagen v\u00e4lkomnar det nya bemannings&shy;avtalet"}]},{"@type":"WebSite","@id":"https:\/\/www.almega.se\/#website","url":"https:\/\/www.almega.se\/","name":"Almega","description":"","potentialAction":[{"@type":"SearchAction","target":{"@type":"EntryPoint","urlTemplate":"https:\/\/www.almega.se\/?s={search_term_string}"},"query-input":{"@type":"PropertyValueSpecification","valueRequired":true,"valueName":"search_term_string"}}],"inLanguage":"sv-SE"},{"@type":"Person","@id":"https:\/\/www.almega.se\/#\/schema\/person\/efcc735e9c1ba0f9de79e69dc5be5f8a","name":"Julia Schwamberg","image":{"@type":"ImageObject","inLanguage":"sv-SE","@id":"https:\/\/www.almega.se\/#\/schema\/person\/image\/","url":"https:\/\/secure.gravatar.com\/avatar\/60ee7d8b8e9aa9b036f4768c0d2e868d8f080bcf68689c0f64ab3b87b1c2f78b?s=96&d=mm&r=g","contentUrl":"https:\/\/secure.gravatar.com\/avatar\/60ee7d8b8e9aa9b036f4768c0d2e868d8f080bcf68689c0f64ab3b87b1c2f78b?s=96&d=mm&r=g","caption":"Julia Schwamberg"},"url":"https:\/\/www.almega.se\/person\/juliaschwamberg\/"}]}},"_links":{"self":[{"href":"https:\/\/www.almega.se\/api\/wp\/v2\/posts\/33285","targetHints":{"allow":["GET"]}}],"collection":[{"href":"https:\/\/www.almega.se\/api\/wp\/v2\/posts"}],"about":[{"href":"https:\/\/www.almega.se\/api\/wp\/v2\/types\/post"}],"author":[{"embeddable":true,"href":"https:\/\/www.almega.se\/api\/wp\/v2\/users\/3"}],"replies":[{"embeddable":true,"href":"https:\/\/www.almega.se\/api\/wp\/v2\/comments?post=33285"}],"version-history":[{"count":2,"href":"https:\/\/www.almega.se\/api\/wp\/v2\/posts\/33285\/revisions"}],"predecessor-version":[{"id":54111,"href":"https:\/\/www.almega.se\/api\/wp\/v2\/posts\/33285\/revisions\/54111"}],"wp:featuredmedia":[{"embeddable":true,"href":"https:\/\/www.almega.se\/api\/wp\/v2\/media\/33286"}],"wp:attachment":[{"href":"https:\/\/www.almega.se\/api\/wp\/v2\/media?parent=33285"}],"wp:term":[{"taxonomy":"category","embeddable":true,"href":"https:\/\/www.almega.se\/api\/wp\/v2\/categories?post=33285"},{"taxonomy":"post_tag","embeddable":true,"href":"https:\/\/www.almega.se\/api\/wp\/v2\/tags?post=33285"},{"taxonomy":"type","embeddable":true,"href":"https:\/\/www.almega.se\/api\/wp\/v2\/article_type?post=33285"},{"taxonomy":"agreement","embeddable":true,"href":"https:\/\/www.almega.se\/api\/wp\/v2\/agreement?post=33285"}],"curies":[{"name":"wp","href":"https:\/\/api.w.org\/{rel}","templated":true}]}}