{"id":33262,"date":"2020-12-16T16:30:00","date_gmt":"2020-12-16T15:30:00","guid":{"rendered":"https:\/\/www.almega.se\/2020\/12\/nytt-avtal-for-tjansteman-pa-dagstidningar\/"},"modified":"2020-12-16T16:30:00","modified_gmt":"2020-12-16T15:30:00","slug":"nytt-avtal-for-tjansteman-pa-dagstidningar","status":"publish","type":"post","link":"https:\/\/www.almega.se\/2020\/12\/nytt-avtal-for-tjansteman-pa-dagstidningar\/","title":{"rendered":"Nytt avtal f\u00f6r tj\u00e4nstem\u00e4n p\u00e5 dagstidningar"},"content":{"rendered":"<p class=\"intro\">Medief\u00f6retagen har f\u00f6rhandlat fram ett nytt kollektivavtal med Unionen. Avtalet g\u00e4ller f\u00f6r tj\u00e4nstem\u00e4n vid dagstidningar och str\u00e4cker sig \u00f6ver 29 m\u00e5nader (1 december 2020 \u2013 30 april 2023) med en total l\u00f6ne\u00f6kningsniv\u00e5 p\u00e5 5,4 procent. Inom kostnadsramen ryms \u00e4ven pensionsavs\u00e4ttningar.<\/p>\n\n<p>\u2013&nbsp;Vi har, tillsammans med v\u00e5r fackliga motpart, efter konstruktiva f\u00f6rhandlingar, tecknat avtal inom de ramar arbetsmarknadens parter \u00e4r \u00f6verens om, s\u00e4ger&nbsp;Gabriella Forssell, ansvarig f\u00f6rhandlare p\u00e5 Medief\u00f6retagen.&nbsp;<\/p>\n\n\n\n<p><em>Almega str\u00e4var efter de b\u00e4sta f\u00f6ruts\u00e4ttningarna f\u00f6r b\u00e5de f\u00f6retagare och medarbetare. Att erbjuda attraktiva villkor \u00e4r avg\u00f6rande f\u00f6r tj\u00e4nstef\u00f6retagens framg\u00e5ng. Tillsammans skapar vi en bra arbetsmarknad: under avtalsf\u00f6rhandlingarna, men framf\u00f6rallt varje dag p\u00e5 arbetsplatserna i samtal mellan f\u00f6retagare och medarbetare. I avtalsr\u00f6relsen 2020 tecknar Almega sammanlagt 130 avtal, flest av alla arbetsgivarorganisationer.<\/em><\/p>\n","protected":false},"excerpt":{"rendered":"<p>Medief\u00f6retagen har f\u00f6rhandlat fram ett nytt kollektivavtal med Unionen. Avtalet g\u00e4ller f\u00f6r tj\u00e4nstem\u00e4n vid dagstidningar och str\u00e4cker sig \u00f6ver 29 m\u00e5nader (1 december 2020 \u2013 30 april 2023) med en total l\u00f6ne\u00f6kningsniv\u00e5 p\u00e5 5,4 procent. Inom kostnadsramen ryms \u00e4ven pensionsavs\u00e4ttningar.<\/p>\n","protected":false},"author":3,"featured_media":33263,"comment_status":"closed","ping_status":"closed","sticky":false,"template":"","format":"standard","meta":{"_acf_changed":false,"footnotes":""},"categories":[451],"tags":[76],"article_type":[93],"agreement":[],"class_list":["post-33262","post","type-post","status-publish","format-standard","has-post-thumbnail","hentry","category-arbetsgivarfragor","tag-kollektivavtal","type-pressmeddelanden"],"acf":[],"yoast_head":"<!-- This site is optimized with the Yoast SEO Premium plugin v26.8 (Yoast SEO v26.8) - https:\/\/yoast.com\/product\/yoast-seo-premium-wordpress\/ -->\n<title>Nytt avtal f\u00f6r tj\u00e4nstem\u00e4n p\u00e5 dagstidningar | Almega<\/title>\n<meta name=\"robots\" content=\"index, follow, max-snippet:-1, max-image-preview:large, max-video-preview:-1\" \/>\n<link rel=\"canonical\" href=\"https:\/\/www.almega.se\/2020\/12\/nytt-avtal-for-tjansteman-pa-dagstidningar\/\" \/>\n<meta property=\"og:locale\" content=\"sv_SE\" \/>\n<meta property=\"og:type\" content=\"article\" \/>\n<meta property=\"og:title\" content=\"Nytt avtal f\u00f6r tj\u00e4nstem\u00e4n p\u00e5 dagstidningar\" \/>\n<meta property=\"og:description\" content=\"Medief\u00f6retagen har f\u00f6rhandlat fram ett nytt kollektivavtal med Unionen. Avtalet g\u00e4ller f\u00f6r tj\u00e4nstem\u00e4n vid dagstidningar och str\u00e4cker sig \u00f6ver 29 m\u00e5nader (1 december 2020 \u2013 30 april 2023) med en total l\u00f6ne\u00f6kningsniv\u00e5 p\u00e5 5,4 procent. Inom kostnadsramen ryms \u00e4ven pensionsavs\u00e4ttningar.\" \/>\n<meta property=\"og:url\" content=\"https:\/\/www.almega.se\/2020\/12\/nytt-avtal-for-tjansteman-pa-dagstidningar\/\" \/>\n<meta property=\"og:site_name\" content=\"Almega\" \/>\n<meta property=\"article:published_time\" content=\"2020-12-16T15:30:00+00:00\" \/>\n<meta property=\"og:image\" content=\"https:\/\/www.almega.se\/app\/uploads\/2020\/12\/40a51f68-ba60-4c4f-a8ca-ac43afa4bb36.jpg\" \/>\n\t<meta property=\"og:image:width\" content=\"2404\" \/>\n\t<meta property=\"og:image:height\" content=\"2403\" \/>\n\t<meta property=\"og:image:type\" content=\"image\/jpeg\" \/>\n<meta name=\"author\" content=\"Julia Schwamberg\" \/>\n<meta name=\"twitter:card\" content=\"summary_large_image\" \/>\n<meta name=\"twitter:label1\" content=\"Skriven av\" \/>\n\t<meta name=\"twitter:data1\" content=\"Julia Schwamberg\" \/>\n\t<meta name=\"twitter:label2\" content=\"Ber\u00e4knad l\u00e4stid\" \/>\n\t<meta name=\"twitter:data2\" content=\"1 minut\" \/>\n<!-- \/ Yoast SEO Premium plugin. -->","yoast_head_json":{"title":"Nytt avtal f\u00f6r tj\u00e4nstem\u00e4n p\u00e5 dagstidningar | Almega","robots":{"index":"index","follow":"follow","max-snippet":"max-snippet:-1","max-image-preview":"max-image-preview:large","max-video-preview":"max-video-preview:-1"},"canonical":"https:\/\/www.almega.se\/2020\/12\/nytt-avtal-for-tjansteman-pa-dagstidningar\/","og_locale":"sv_SE","og_type":"article","og_title":"Nytt avtal f\u00f6r tj\u00e4nstem\u00e4n p\u00e5 dagstidningar","og_description":"Medief\u00f6retagen har f\u00f6rhandlat fram ett nytt kollektivavtal med Unionen. Avtalet g\u00e4ller f\u00f6r tj\u00e4nstem\u00e4n vid dagstidningar och str\u00e4cker sig \u00f6ver 29 m\u00e5nader (1 december 2020 \u2013 30 april 2023) med en total l\u00f6ne\u00f6kningsniv\u00e5 p\u00e5 5,4 procent. Inom kostnadsramen ryms \u00e4ven pensionsavs\u00e4ttningar.","og_url":"https:\/\/www.almega.se\/2020\/12\/nytt-avtal-for-tjansteman-pa-dagstidningar\/","og_site_name":"Almega","article_published_time":"2020-12-16T15:30:00+00:00","og_image":[{"width":2404,"height":2403,"url":"https:\/\/www.almega.se\/app\/uploads\/2020\/12\/40a51f68-ba60-4c4f-a8ca-ac43afa4bb36.jpg","type":"image\/jpeg"}],"author":"Julia Schwamberg","twitter_card":"summary_large_image","twitter_misc":{"Skriven av":"Julia Schwamberg","Ber\u00e4knad l\u00e4stid":"1 minut"},"schema":{"@context":"https:\/\/schema.org","@graph":[{"@type":"NewsArticle","@id":"https:\/\/www.almega.se\/2020\/12\/nytt-avtal-for-tjansteman-pa-dagstidningar\/#article","isPartOf":{"@id":"https:\/\/www.almega.se\/2020\/12\/nytt-avtal-for-tjansteman-pa-dagstidningar\/"},"author":{"name":"Julia Schwamberg","@id":"https:\/\/www.almega.se\/#\/schema\/person\/efcc735e9c1ba0f9de79e69dc5be5f8a"},"headline":"Nytt avtal f\u00f6r tj\u00e4nstem\u00e4n p\u00e5 dagstidningar","datePublished":"2020-12-16T15:30:00+00:00","mainEntityOfPage":{"@id":"https:\/\/www.almega.se\/2020\/12\/nytt-avtal-for-tjansteman-pa-dagstidningar\/"},"wordCount":110,"image":{"@id":"https:\/\/www.almega.se\/2020\/12\/nytt-avtal-for-tjansteman-pa-dagstidningar\/#primaryimage"},"thumbnailUrl":"https:\/\/www.almega.se\/app\/uploads\/2020\/12\/40a51f68-ba60-4c4f-a8ca-ac43afa4bb36.jpg","keywords":["Kollektivavtal"],"articleSection":["Arbetsgivarfr\u00e5gor"],"inLanguage":"sv-SE"},{"@type":"WebPage","@id":"https:\/\/www.almega.se\/2020\/12\/nytt-avtal-for-tjansteman-pa-dagstidningar\/","url":"https:\/\/www.almega.se\/2020\/12\/nytt-avtal-for-tjansteman-pa-dagstidningar\/","name":"Nytt avtal f\u00f6r tj\u00e4nstem\u00e4n p\u00e5 dagstidningar | Almega","isPartOf":{"@id":"https:\/\/www.almega.se\/#website"},"primaryImageOfPage":{"@id":"https:\/\/www.almega.se\/2020\/12\/nytt-avtal-for-tjansteman-pa-dagstidningar\/#primaryimage"},"image":{"@id":"https:\/\/www.almega.se\/2020\/12\/nytt-avtal-for-tjansteman-pa-dagstidningar\/#primaryimage"},"thumbnailUrl":"https:\/\/www.almega.se\/app\/uploads\/2020\/12\/40a51f68-ba60-4c4f-a8ca-ac43afa4bb36.jpg","datePublished":"2020-12-16T15:30:00+00:00","author":{"@id":"https:\/\/www.almega.se\/#\/schema\/person\/efcc735e9c1ba0f9de79e69dc5be5f8a"},"breadcrumb":{"@id":"https:\/\/www.almega.se\/2020\/12\/nytt-avtal-for-tjansteman-pa-dagstidningar\/#breadcrumb"},"inLanguage":"sv-SE","potentialAction":[{"@type":"ReadAction","target":["https:\/\/www.almega.se\/2020\/12\/nytt-avtal-for-tjansteman-pa-dagstidningar\/"]}]},{"@type":"ImageObject","inLanguage":"sv-SE","@id":"https:\/\/www.almega.se\/2020\/12\/nytt-avtal-for-tjansteman-pa-dagstidningar\/#primaryimage","url":"https:\/\/www.almega.se\/app\/uploads\/2020\/12\/40a51f68-ba60-4c4f-a8ca-ac43afa4bb36.jpg","contentUrl":"https:\/\/www.almega.se\/app\/uploads\/2020\/12\/40a51f68-ba60-4c4f-a8ca-ac43afa4bb36.jpg","width":2404,"height":2403,"caption":"40a51f68-ba60-4c4f-a8ca-ac43afa4bb36.jpg"},{"@type":"BreadcrumbList","@id":"https:\/\/www.almega.se\/2020\/12\/nytt-avtal-for-tjansteman-pa-dagstidningar\/#breadcrumb","itemListElement":[{"@type":"ListItem","position":1,"name":"Home","item":"https:\/\/www.almega.se\/"},{"@type":"ListItem","position":2,"name":"Nytt avtal f\u00f6r tj\u00e4nstem\u00e4n p\u00e5 dagstidningar"}]},{"@type":"WebSite","@id":"https:\/\/www.almega.se\/#website","url":"https:\/\/www.almega.se\/","name":"Almega","description":"","potentialAction":[{"@type":"SearchAction","target":{"@type":"EntryPoint","urlTemplate":"https:\/\/www.almega.se\/?s={search_term_string}"},"query-input":{"@type":"PropertyValueSpecification","valueRequired":true,"valueName":"search_term_string"}}],"inLanguage":"sv-SE"},{"@type":"Person","@id":"https:\/\/www.almega.se\/#\/schema\/person\/efcc735e9c1ba0f9de79e69dc5be5f8a","name":"Julia Schwamberg","image":{"@type":"ImageObject","inLanguage":"sv-SE","@id":"https:\/\/www.almega.se\/#\/schema\/person\/image\/","url":"https:\/\/secure.gravatar.com\/avatar\/60ee7d8b8e9aa9b036f4768c0d2e868d8f080bcf68689c0f64ab3b87b1c2f78b?s=96&d=mm&r=g","contentUrl":"https:\/\/secure.gravatar.com\/avatar\/60ee7d8b8e9aa9b036f4768c0d2e868d8f080bcf68689c0f64ab3b87b1c2f78b?s=96&d=mm&r=g","caption":"Julia Schwamberg"},"url":"https:\/\/www.almega.se\/person\/juliaschwamberg\/"}]}},"_links":{"self":[{"href":"https:\/\/www.almega.se\/api\/wp\/v2\/posts\/33262","targetHints":{"allow":["GET"]}}],"collection":[{"href":"https:\/\/www.almega.se\/api\/wp\/v2\/posts"}],"about":[{"href":"https:\/\/www.almega.se\/api\/wp\/v2\/types\/post"}],"author":[{"embeddable":true,"href":"https:\/\/www.almega.se\/api\/wp\/v2\/users\/3"}],"replies":[{"embeddable":true,"href":"https:\/\/www.almega.se\/api\/wp\/v2\/comments?post=33262"}],"version-history":[{"count":2,"href":"https:\/\/www.almega.se\/api\/wp\/v2\/posts\/33262\/revisions"}],"predecessor-version":[{"id":54103,"href":"https:\/\/www.almega.se\/api\/wp\/v2\/posts\/33262\/revisions\/54103"}],"wp:featuredmedia":[{"embeddable":true,"href":"https:\/\/www.almega.se\/api\/wp\/v2\/media\/33263"}],"wp:attachment":[{"href":"https:\/\/www.almega.se\/api\/wp\/v2\/media?parent=33262"}],"wp:term":[{"taxonomy":"category","embeddable":true,"href":"https:\/\/www.almega.se\/api\/wp\/v2\/categories?post=33262"},{"taxonomy":"post_tag","embeddable":true,"href":"https:\/\/www.almega.se\/api\/wp\/v2\/tags?post=33262"},{"taxonomy":"type","embeddable":true,"href":"https:\/\/www.almega.se\/api\/wp\/v2\/article_type?post=33262"},{"taxonomy":"agreement","embeddable":true,"href":"https:\/\/www.almega.se\/api\/wp\/v2\/agreement?post=33262"}],"curies":[{"name":"wp","href":"https:\/\/api.w.org\/{rel}","templated":true}]}}