{"id":33204,"date":"2020-12-15T16:48:34","date_gmt":"2020-12-15T15:48:34","guid":{"rendered":"https:\/\/www.almega.se\/2020\/12\/nya-avtal-inom-medieforetagen\/"},"modified":"2020-12-15T16:48:34","modified_gmt":"2020-12-15T15:48:34","slug":"nya-avtal-inom-medieforetagen","status":"publish","type":"post","link":"https:\/\/www.almega.se\/2020\/12\/nya-avtal-inom-medieforetagen\/","title":{"rendered":"Nya avtal inom Medie&shy;f\u00f6retagen"},"content":{"rendered":"<p class=\"intro\">Medief\u00f6retagen inom Almega har idag tecknat tv\u00e5 nya kollektivavtal med Teaterf\u00f6rbundet som g\u00e4ller f\u00f6r biografanst\u00e4llda och inl\u00e4sare av talb\u00f6cker f\u00f6r personer med l\u00e4sneds\u00e4ttning. B\u00e5da avtalen l\u00f6per p\u00e5 29 m\u00e5nader och har en kostnads\u00f6kningsniv\u00e5 p\u00e5 5,4 procent. Inom kostnadsramen ryms \u00e4ven pensionsavs\u00e4ttningar.<\/p>\n\n<p>\u2013 V\u00e5ra f\u00f6rhandlingar med motparten har varit konstruktiva med en gemensam vilja att komma \u00f6verens. Vi har tagit ansvar och tecknat avtal inom de ramar arbetsmarknadens parter \u00e4r \u00f6verens om. Inom biografavtalet har vi dessutom inf\u00f6rt flexiblare arbetstidsregler anpassade f\u00f6r branschen, s\u00e4ger Louise Bjarnestam, ansvarig avtalsf\u00f6rhandlare p\u00e5 Almega Medief\u00f6retagen.<\/p>\n\n\n\n<p><em>Almega str\u00e4var efter de b\u00e4sta f\u00f6ruts\u00e4ttningarna f\u00f6r b\u00e5de f\u00f6retagare och medarbetare. Att erbjuda attraktiva villkor \u00e4r avg\u00f6rande f\u00f6r tj\u00e4nstef\u00f6retagens framg\u00e5ng. Tillsammans skapar vi en bra arbetsmarknad: under avtalsf\u00f6rhandlingarna, men framf\u00f6rallt varje dag p\u00e5 arbetsplatserna i samtal mellan f\u00f6retagare och medarbetare. I avtalsr\u00f6relsen 2020 tecknar Almega sammanlagt 130 avtal, flest av alla arbetsgivarorganisationer.<\/em><\/p>\n","protected":false},"excerpt":{"rendered":"<p>Medief\u00f6retagen inom Almega har idag tecknat tv\u00e5 nya kollektivavtal med Teaterf\u00f6rbundet som g\u00e4ller f\u00f6r biografanst\u00e4llda och inl\u00e4sare av talb\u00f6cker f\u00f6r personer med l\u00e4sneds\u00e4ttning. B\u00e5da avtalen l\u00f6per p\u00e5 29 m\u00e5nader och har en kostnads\u00f6kningsniv\u00e5 p\u00e5 5,4 procent. Inom kostnadsramen ryms \u00e4ven pensionsavs\u00e4ttningar.<\/p>\n","protected":false},"author":14827,"featured_media":0,"comment_status":"closed","ping_status":"closed","sticky":false,"template":"","format":"standard","meta":{"_acf_changed":false,"footnotes":""},"categories":[451],"tags":[76],"article_type":[93],"agreement":[],"class_list":["post-33204","post","type-post","status-publish","format-standard","hentry","category-arbetsgivarfragor","tag-kollektivavtal","type-pressmeddelanden"],"acf":[],"yoast_head":"<!-- This site is optimized with the Yoast SEO Premium plugin v26.8 (Yoast SEO v26.8) - https:\/\/yoast.com\/product\/yoast-seo-premium-wordpress\/ -->\n<title>Nya avtal inom Medief\u00f6retagen | Almega<\/title>\n<meta name=\"robots\" content=\"index, follow, max-snippet:-1, max-image-preview:large, max-video-preview:-1\" \/>\n<link rel=\"canonical\" href=\"https:\/\/www.almega.se\/2020\/12\/nya-avtal-inom-medieforetagen\/\" \/>\n<meta property=\"og:locale\" content=\"sv_SE\" \/>\n<meta property=\"og:type\" content=\"article\" \/>\n<meta property=\"og:title\" content=\"Nya avtal inom Medief\u00f6retagen\" \/>\n<meta property=\"og:description\" content=\"Medief\u00f6retagen inom Almega har idag tecknat tv\u00e5 nya kollektivavtal med Teaterf\u00f6rbundet som g\u00e4ller f\u00f6r biografanst\u00e4llda och inl\u00e4sare av talb\u00f6cker f\u00f6r personer med l\u00e4sneds\u00e4ttning. B\u00e5da avtalen l\u00f6per p\u00e5 29 m\u00e5nader och har en kostnads\u00f6kningsniv\u00e5 p\u00e5 5,4 procent. Inom kostnadsramen ryms \u00e4ven pensionsavs\u00e4ttningar.\" \/>\n<meta property=\"og:url\" content=\"https:\/\/www.almega.se\/2020\/12\/nya-avtal-inom-medieforetagen\/\" \/>\n<meta property=\"og:site_name\" content=\"Almega\" \/>\n<meta property=\"article:published_time\" content=\"2020-12-15T15:48:34+00:00\" \/>\n<meta property=\"og:image\" content=\"https:\/\/www.almega.se\/app\/uploads\/2020\/12\/almega-share-logo.png\" \/>\n\t<meta property=\"og:image:width\" content=\"1200\" \/>\n\t<meta property=\"og:image:height\" content=\"630\" \/>\n\t<meta property=\"og:image:type\" content=\"image\/png\" \/>\n<meta name=\"author\" content=\"emmaf\" \/>\n<meta name=\"twitter:card\" content=\"summary_large_image\" \/>\n<meta name=\"twitter:label1\" content=\"Skriven av\" \/>\n\t<meta name=\"twitter:data1\" content=\"emmaf\" \/>\n\t<meta name=\"twitter:label2\" content=\"Ber\u00e4knad l\u00e4stid\" \/>\n\t<meta name=\"twitter:data2\" content=\"1 minut\" \/>\n<!-- \/ Yoast SEO Premium plugin. -->","yoast_head_json":{"title":"Nya avtal inom Medief\u00f6retagen | Almega","robots":{"index":"index","follow":"follow","max-snippet":"max-snippet:-1","max-image-preview":"max-image-preview:large","max-video-preview":"max-video-preview:-1"},"canonical":"https:\/\/www.almega.se\/2020\/12\/nya-avtal-inom-medieforetagen\/","og_locale":"sv_SE","og_type":"article","og_title":"Nya avtal inom Medief\u00f6retagen","og_description":"Medief\u00f6retagen inom Almega har idag tecknat tv\u00e5 nya kollektivavtal med Teaterf\u00f6rbundet som g\u00e4ller f\u00f6r biografanst\u00e4llda och inl\u00e4sare av talb\u00f6cker f\u00f6r personer med l\u00e4sneds\u00e4ttning. B\u00e5da avtalen l\u00f6per p\u00e5 29 m\u00e5nader och har en kostnads\u00f6kningsniv\u00e5 p\u00e5 5,4 procent. Inom kostnadsramen ryms \u00e4ven pensionsavs\u00e4ttningar.","og_url":"https:\/\/www.almega.se\/2020\/12\/nya-avtal-inom-medieforetagen\/","og_site_name":"Almega","article_published_time":"2020-12-15T15:48:34+00:00","og_image":[{"width":1200,"height":630,"url":"https:\/\/www.almega.se\/app\/uploads\/2020\/12\/almega-share-logo.png","type":"image\/png"}],"author":"emmaf","twitter_card":"summary_large_image","twitter_misc":{"Skriven av":"emmaf","Ber\u00e4knad l\u00e4stid":"1 minut"},"schema":{"@context":"https:\/\/schema.org","@graph":[{"@type":"NewsArticle","@id":"https:\/\/www.almega.se\/2020\/12\/nya-avtal-inom-medieforetagen\/#article","isPartOf":{"@id":"https:\/\/www.almega.se\/2020\/12\/nya-avtal-inom-medieforetagen\/"},"author":{"name":"emmaf","@id":"https:\/\/www.almega.se\/#\/schema\/person\/7dcd85c42437215aafce170ec28e2fac"},"headline":"Nya avtal inom Medie&shy;f\u00f6retagen","datePublished":"2020-12-15T15:48:34+00:00","mainEntityOfPage":{"@id":"https:\/\/www.almega.se\/2020\/12\/nya-avtal-inom-medieforetagen\/"},"wordCount":126,"keywords":["Kollektivavtal"],"articleSection":["Arbetsgivarfr\u00e5gor"],"inLanguage":"sv-SE"},{"@type":"WebPage","@id":"https:\/\/www.almega.se\/2020\/12\/nya-avtal-inom-medieforetagen\/","url":"https:\/\/www.almega.se\/2020\/12\/nya-avtal-inom-medieforetagen\/","name":"Nya avtal inom Medief\u00f6retagen | Almega","isPartOf":{"@id":"https:\/\/www.almega.se\/#website"},"datePublished":"2020-12-15T15:48:34+00:00","author":{"@id":"https:\/\/www.almega.se\/#\/schema\/person\/7dcd85c42437215aafce170ec28e2fac"},"breadcrumb":{"@id":"https:\/\/www.almega.se\/2020\/12\/nya-avtal-inom-medieforetagen\/#breadcrumb"},"inLanguage":"sv-SE","potentialAction":[{"@type":"ReadAction","target":["https:\/\/www.almega.se\/2020\/12\/nya-avtal-inom-medieforetagen\/"]}]},{"@type":"BreadcrumbList","@id":"https:\/\/www.almega.se\/2020\/12\/nya-avtal-inom-medieforetagen\/#breadcrumb","itemListElement":[{"@type":"ListItem","position":1,"name":"Home","item":"https:\/\/www.almega.se\/"},{"@type":"ListItem","position":2,"name":"Nya avtal inom Medie&shy;f\u00f6retagen"}]},{"@type":"WebSite","@id":"https:\/\/www.almega.se\/#website","url":"https:\/\/www.almega.se\/","name":"Almega","description":"","potentialAction":[{"@type":"SearchAction","target":{"@type":"EntryPoint","urlTemplate":"https:\/\/www.almega.se\/?s={search_term_string}"},"query-input":{"@type":"PropertyValueSpecification","valueRequired":true,"valueName":"search_term_string"}}],"inLanguage":"sv-SE"},{"@type":"Person","@id":"https:\/\/www.almega.se\/#\/schema\/person\/7dcd85c42437215aafce170ec28e2fac","name":"emmaf","image":{"@type":"ImageObject","inLanguage":"sv-SE","@id":"https:\/\/www.almega.se\/#\/schema\/person\/image\/","url":"https:\/\/secure.gravatar.com\/avatar\/7d7de2d34f664967395b2486fe4409bcc5db61c29c5fe0dfca5e5be04df31c34?s=96&d=mm&r=g","contentUrl":"https:\/\/secure.gravatar.com\/avatar\/7d7de2d34f664967395b2486fe4409bcc5db61c29c5fe0dfca5e5be04df31c34?s=96&d=mm&r=g","caption":"emmaf"},"url":"https:\/\/www.almega.se\/person\/emmaf\/"}]}},"_links":{"self":[{"href":"https:\/\/www.almega.se\/api\/wp\/v2\/posts\/33204","targetHints":{"allow":["GET"]}}],"collection":[{"href":"https:\/\/www.almega.se\/api\/wp\/v2\/posts"}],"about":[{"href":"https:\/\/www.almega.se\/api\/wp\/v2\/types\/post"}],"author":[{"embeddable":true,"href":"https:\/\/www.almega.se\/api\/wp\/v2\/users\/14827"}],"replies":[{"embeddable":true,"href":"https:\/\/www.almega.se\/api\/wp\/v2\/comments?post=33204"}],"version-history":[{"count":2,"href":"https:\/\/www.almega.se\/api\/wp\/v2\/posts\/33204\/revisions"}],"predecessor-version":[{"id":54099,"href":"https:\/\/www.almega.se\/api\/wp\/v2\/posts\/33204\/revisions\/54099"}],"wp:attachment":[{"href":"https:\/\/www.almega.se\/api\/wp\/v2\/media?parent=33204"}],"wp:term":[{"taxonomy":"category","embeddable":true,"href":"https:\/\/www.almega.se\/api\/wp\/v2\/categories?post=33204"},{"taxonomy":"post_tag","embeddable":true,"href":"https:\/\/www.almega.se\/api\/wp\/v2\/tags?post=33204"},{"taxonomy":"type","embeddable":true,"href":"https:\/\/www.almega.se\/api\/wp\/v2\/article_type?post=33204"},{"taxonomy":"agreement","embeddable":true,"href":"https:\/\/www.almega.se\/api\/wp\/v2\/agreement?post=33204"}],"curies":[{"name":"wp","href":"https:\/\/api.w.org\/{rel}","templated":true}]}}