{"id":33158,"date":"2020-12-16T09:00:58","date_gmt":"2020-12-16T08:00:58","guid":{"rendered":"https:\/\/www.almega.se\/?p=33158"},"modified":"2020-12-16T09:00:58","modified_gmt":"2020-12-16T08:00:58","slug":"omsorgshjaltarna-i-fokus","status":"publish","type":"post","link":"https:\/\/www.almega.se\/2020\/12\/omsorgshjaltarna-i-fokus\/","title":{"rendered":"Omsorgshj\u00e4ltarna i fokus\u00a0\u00a0"},"content":{"rendered":"<p class=\"intro\">Som en av Sveriges st\u00f6rsta v\u00e5rdgivare har Attendo haft ett intensivt \u00e5r. I det tuffa l\u00e4ge som pandemin medf\u00f6r \u00e4r f\u00f6retagets prioritering \u00e4nd\u00e5 tydlig: medarbetarna \u00e4r alltid i fokus.<\/p>\n\n<p>Omsorgshj\u00e4ltarna som brinner f\u00f6r att g\u00f6ra skillnad i vardagen \u00e4r Attendos st\u00f6rsta tillg\u00e5ng och k\u00e4rnan i verksamheten. Tillsammans hanterar man b\u00e5de pandemins utmaningar och den dagliga verksamheten.<\/p>\n\n\n\n<p>\u2013 Vi har s\u00e5 m\u00e5nga hj\u00e4ltar hos oss som alla drar sitt str\u00e5 till stacken. V\u00e5r st\u00f6rsta tillg\u00e5ng \u00e4r v\u00e5ra medarbetare och det \u00e4r det vi investerar i, m\u00e4nniskor, inte maskiner s\u00e4ger Lena Liepe som \u00e4r HR-chef p\u00e5 Attendo.<\/p>\n\n\n\n<p>Attendos verksamhet finns framf\u00f6r allt inom \u00e4ldreomsorgen, men de driver ocks\u00e5 LSS verksamhet och verksamhet inom IOF. Trots st\u00f6dpaket \u00e4r det ekonomiska l\u00e4get bekymmersamt f\u00f6r v\u00e5rdsektorn. Ink\u00f6p av stora m\u00e4ngder skyddsmaterial och en viss tveksamhet att flytta in p\u00e5 boendena n\u00e4r det blir en ledig plats g\u00f6r l\u00e4get anstr\u00e4ngt.<\/p>\n\n\n\n<p>Under coronapandemin har medarbetarna hamnat i extra fokus. Attendo jobbar aktivt med insatser f\u00f6r att medarbetare ska vara friska och att viruset h\u00e5lls borta fr\u00e5n boenden.<\/p>\n\n\n\n<p>\u2013 Korrekt skyddsutrustning, utbildning och tydliga rutiner och riktlinjer \u00e4r givna \u00e5tg\u00e4rder. Det ger trygghet att veta exakt vad det \u00e4r som g\u00e4ller. \u00c4ven om vi \u00e4r ett stort f\u00f6retag s\u00e5 ska det vara n\u00e4ra till dialog, f\u00f6rklarar Lena Liepe.<\/p>\n\n\n\n<p>Delaktighet och utvecklingspotential \u00e4r viktigt inom hela organisationen oavsett Covid-19. Bland annat uppmuntras medarbetare att ta specialuppdrag, som att till exempel bli kvalitetsombudsman, v\u00e4rderingscoach, kostombud med mera. Ett annat s\u00e4tt att uppm\u00e4rksamma medarbetare \u00e4r genom att\u202f utse omsorgshj\u00e4ltar och utdela ett \u00e5rligt stipendium till den medarbetare som kommer med id\u00e9er att utveckla sin egen verksamhet.<\/p>\n\n\n\n<p>\u2013 Engagemanget hos v\u00e5ra medarbetare \u00e4r v\u00e5r st\u00f6rsta potential att utveckla f\u00f6retaget. Utan dem \u00e4r vi inget. D\u00e4rf\u00f6r vill vi\u202f ocks\u00e5 uppm\u00e4rksamma v\u00e5ra omsorgshj\u00e4ltar. Det kan till exempel\u202f vara en hel verksamhet som f\u00e5r\u202fekonomiskt st\u00f6d f\u00f6r att g\u00f6ra n\u00e5got f\u00f6r\u202f gruppen, eller en individ som f\u00e5r\u202f st\u00f6d \u202fi form av extra kompetensutveckling, s\u00e4ger Lena Liepe.<\/p>\n\n\n\n<p>Attendo utnyttjar \u00e4ven digitalisering f\u00f6r att komma n\u00e4rmre sina medarbetare. Bland annat har f\u00f6retaget utvecklat en medarbetarapp som ska underl\u00e4tta kommunikation, kompetensutveckling och administration. Det ska till exempel bli l\u00e4ttare att rapportera b\u00e5de positiva och negativa upplevelser, utf\u00f6ra utbildningar och ha en st\u00e4ndig dialog med sina n\u00e4ra kollegor och n\u00e4rmsta chef.<\/p>\n\n\n\n<p>\u2013 Vi hoppas att appen g\u00f6r kommunikationen smidigare f\u00f6r v\u00e5ra medarbetare och f\u00f6renklar vardagen f\u00f6r b\u00e5de dem och oss som arbetsgivare, s\u00e4ger Lena Liepe.<\/p>\n","protected":false},"excerpt":{"rendered":"<p>Omsorgshj\u00e4ltarna som brinner f\u00f6r att g\u00f6ra skillnad i vardagen \u00e4r Attendos st\u00f6rsta tillg\u00e5ng och k\u00e4rnan i verksamheten. Tillsammans hanterar man b\u00e5de pandemins utmaningar och den dagliga verksamheten. \u2013 Vi har s\u00e5 m\u00e5nga hj\u00e4ltar hos oss &hellip;<\/p>\n","protected":false},"author":3,"featured_media":33159,"comment_status":"closed","ping_status":"closed","sticky":false,"template":"","format":"standard","meta":{"_acf_changed":false,"footnotes":""},"categories":[603,451,46],"tags":[527,548,62],"article_type":[55],"agreement":[],"class_list":["post-33158","post","type-post","status-publish","format-standard","has-post-thumbnail","hentry","category-almega","category-arbetsgivarfragor","category-valfard","tag-framtidens-arbetsliv","tag-medlemsroster","tag-vard-och-omsorg","type-artiklar"],"acf":[],"yoast_head":"<!-- This site is optimized with the Yoast SEO Premium plugin v26.8 (Yoast SEO v26.8) - https:\/\/yoast.com\/product\/yoast-seo-premium-wordpress\/ -->\n<title>Omsorgshj\u00e4ltarna i fokus\u00a0\u00a0 | Almega<\/title>\n<meta name=\"robots\" content=\"index, follow, max-snippet:-1, max-image-preview:large, max-video-preview:-1\" \/>\n<link rel=\"canonical\" href=\"https:\/\/www.almega.se\/2020\/12\/omsorgshjaltarna-i-fokus\/\" \/>\n<meta property=\"og:locale\" content=\"sv_SE\" \/>\n<meta property=\"og:type\" content=\"article\" \/>\n<meta property=\"og:title\" content=\"Omsorgshj\u00e4ltarna i fokus\u00a0\u00a0\" \/>\n<meta property=\"og:description\" content=\"Omsorgshj\u00e4ltarna som brinner f\u00f6r att g\u00f6ra skillnad i vardagen \u00e4r Attendos st\u00f6rsta tillg\u00e5ng och k\u00e4rnan i verksamheten. Tillsammans hanterar man b\u00e5de pandemins utmaningar och den dagliga verksamheten. \u2013 Vi har s\u00e5 m\u00e5nga hj\u00e4ltar hos oss &hellip;\" \/>\n<meta property=\"og:url\" content=\"https:\/\/www.almega.se\/2020\/12\/omsorgshjaltarna-i-fokus\/\" \/>\n<meta property=\"og:site_name\" content=\"Almega\" \/>\n<meta property=\"article:published_time\" content=\"2020-12-16T08:00:58+00:00\" \/>\n<meta property=\"og:image\" content=\"https:\/\/www.almega.se\/app\/uploads\/2020\/12\/lena-liepe-hr-chef-pa-attendo.jpg\" \/>\n\t<meta property=\"og:image:width\" content=\"1000\" \/>\n\t<meta property=\"og:image:height\" content=\"600\" \/>\n\t<meta property=\"og:image:type\" content=\"image\/jpeg\" \/>\n<meta name=\"author\" content=\"Julia Schwamberg\" \/>\n<meta name=\"twitter:card\" content=\"summary_large_image\" \/>\n<meta name=\"twitter:label1\" content=\"Skriven av\" \/>\n\t<meta name=\"twitter:data1\" content=\"Julia Schwamberg\" \/>\n\t<meta name=\"twitter:label2\" content=\"Ber\u00e4knad l\u00e4stid\" \/>\n\t<meta name=\"twitter:data2\" content=\"2 minuter\" \/>\n<!-- \/ Yoast SEO Premium plugin. -->","yoast_head_json":{"title":"Omsorgshj\u00e4ltarna i fokus\u00a0\u00a0 | Almega","robots":{"index":"index","follow":"follow","max-snippet":"max-snippet:-1","max-image-preview":"max-image-preview:large","max-video-preview":"max-video-preview:-1"},"canonical":"https:\/\/www.almega.se\/2020\/12\/omsorgshjaltarna-i-fokus\/","og_locale":"sv_SE","og_type":"article","og_title":"Omsorgshj\u00e4ltarna i fokus\u00a0\u00a0","og_description":"Omsorgshj\u00e4ltarna som brinner f\u00f6r att g\u00f6ra skillnad i vardagen \u00e4r Attendos st\u00f6rsta tillg\u00e5ng och k\u00e4rnan i verksamheten. Tillsammans hanterar man b\u00e5de pandemins utmaningar och den dagliga verksamheten. \u2013 Vi har s\u00e5 m\u00e5nga hj\u00e4ltar hos oss &hellip;","og_url":"https:\/\/www.almega.se\/2020\/12\/omsorgshjaltarna-i-fokus\/","og_site_name":"Almega","article_published_time":"2020-12-16T08:00:58+00:00","og_image":[{"width":1000,"height":600,"url":"https:\/\/www.almega.se\/app\/uploads\/2020\/12\/lena-liepe-hr-chef-pa-attendo.jpg","type":"image\/jpeg"}],"author":"Julia Schwamberg","twitter_card":"summary_large_image","twitter_misc":{"Skriven av":"Julia Schwamberg","Ber\u00e4knad l\u00e4stid":"2 minuter"},"schema":{"@context":"https:\/\/schema.org","@graph":[{"@type":"NewsArticle","@id":"https:\/\/www.almega.se\/2020\/12\/omsorgshjaltarna-i-fokus\/#article","isPartOf":{"@id":"https:\/\/www.almega.se\/2020\/12\/omsorgshjaltarna-i-fokus\/"},"author":{"name":"Julia Schwamberg","@id":"https:\/\/www.almega.se\/#\/schema\/person\/efcc735e9c1ba0f9de79e69dc5be5f8a"},"headline":"Omsorgshj\u00e4ltarna i fokus\u00a0\u00a0","datePublished":"2020-12-16T08:00:58+00:00","mainEntityOfPage":{"@id":"https:\/\/www.almega.se\/2020\/12\/omsorgshjaltarna-i-fokus\/"},"wordCount":441,"image":{"@id":"https:\/\/www.almega.se\/2020\/12\/omsorgshjaltarna-i-fokus\/#primaryimage"},"thumbnailUrl":"https:\/\/www.almega.se\/app\/uploads\/2020\/12\/lena-liepe-hr-chef-pa-attendo.jpg","keywords":["Framtidens arbetsliv","Medlemsr\u00f6ster","V\u00e5rd och omsorg"],"articleSection":["Almega","Arbetsgivarfr\u00e5gor","V\u00e4lf\u00e4rd"],"inLanguage":"sv-SE"},{"@type":"WebPage","@id":"https:\/\/www.almega.se\/2020\/12\/omsorgshjaltarna-i-fokus\/","url":"https:\/\/www.almega.se\/2020\/12\/omsorgshjaltarna-i-fokus\/","name":"Omsorgshj\u00e4ltarna i fokus\u00a0\u00a0 | Almega","isPartOf":{"@id":"https:\/\/www.almega.se\/#website"},"primaryImageOfPage":{"@id":"https:\/\/www.almega.se\/2020\/12\/omsorgshjaltarna-i-fokus\/#primaryimage"},"image":{"@id":"https:\/\/www.almega.se\/2020\/12\/omsorgshjaltarna-i-fokus\/#primaryimage"},"thumbnailUrl":"https:\/\/www.almega.se\/app\/uploads\/2020\/12\/lena-liepe-hr-chef-pa-attendo.jpg","datePublished":"2020-12-16T08:00:58+00:00","author":{"@id":"https:\/\/www.almega.se\/#\/schema\/person\/efcc735e9c1ba0f9de79e69dc5be5f8a"},"breadcrumb":{"@id":"https:\/\/www.almega.se\/2020\/12\/omsorgshjaltarna-i-fokus\/#breadcrumb"},"inLanguage":"sv-SE","potentialAction":[{"@type":"ReadAction","target":["https:\/\/www.almega.se\/2020\/12\/omsorgshjaltarna-i-fokus\/"]}]},{"@type":"ImageObject","inLanguage":"sv-SE","@id":"https:\/\/www.almega.se\/2020\/12\/omsorgshjaltarna-i-fokus\/#primaryimage","url":"https:\/\/www.almega.se\/app\/uploads\/2020\/12\/lena-liepe-hr-chef-pa-attendo.jpg","contentUrl":"https:\/\/www.almega.se\/app\/uploads\/2020\/12\/lena-liepe-hr-chef-pa-attendo.jpg","width":1000,"height":600},{"@type":"BreadcrumbList","@id":"https:\/\/www.almega.se\/2020\/12\/omsorgshjaltarna-i-fokus\/#breadcrumb","itemListElement":[{"@type":"ListItem","position":1,"name":"Home","item":"https:\/\/www.almega.se\/"},{"@type":"ListItem","position":2,"name":"Omsorgshj\u00e4ltarna i fokus\u00a0\u00a0"}]},{"@type":"WebSite","@id":"https:\/\/www.almega.se\/#website","url":"https:\/\/www.almega.se\/","name":"Almega","description":"","potentialAction":[{"@type":"SearchAction","target":{"@type":"EntryPoint","urlTemplate":"https:\/\/www.almega.se\/?s={search_term_string}"},"query-input":{"@type":"PropertyValueSpecification","valueRequired":true,"valueName":"search_term_string"}}],"inLanguage":"sv-SE"},{"@type":"Person","@id":"https:\/\/www.almega.se\/#\/schema\/person\/efcc735e9c1ba0f9de79e69dc5be5f8a","name":"Julia Schwamberg","image":{"@type":"ImageObject","inLanguage":"sv-SE","@id":"https:\/\/www.almega.se\/#\/schema\/person\/image\/","url":"https:\/\/secure.gravatar.com\/avatar\/60ee7d8b8e9aa9b036f4768c0d2e868d8f080bcf68689c0f64ab3b87b1c2f78b?s=96&d=mm&r=g","contentUrl":"https:\/\/secure.gravatar.com\/avatar\/60ee7d8b8e9aa9b036f4768c0d2e868d8f080bcf68689c0f64ab3b87b1c2f78b?s=96&d=mm&r=g","caption":"Julia Schwamberg"},"url":"https:\/\/www.almega.se\/person\/juliaschwamberg\/"}]}},"_links":{"self":[{"href":"https:\/\/www.almega.se\/api\/wp\/v2\/posts\/33158","targetHints":{"allow":["GET"]}}],"collection":[{"href":"https:\/\/www.almega.se\/api\/wp\/v2\/posts"}],"about":[{"href":"https:\/\/www.almega.se\/api\/wp\/v2\/types\/post"}],"author":[{"embeddable":true,"href":"https:\/\/www.almega.se\/api\/wp\/v2\/users\/3"}],"replies":[{"embeddable":true,"href":"https:\/\/www.almega.se\/api\/wp\/v2\/comments?post=33158"}],"version-history":[{"count":2,"href":"https:\/\/www.almega.se\/api\/wp\/v2\/posts\/33158\/revisions"}],"predecessor-version":[{"id":54101,"href":"https:\/\/www.almega.se\/api\/wp\/v2\/posts\/33158\/revisions\/54101"}],"wp:featuredmedia":[{"embeddable":true,"href":"https:\/\/www.almega.se\/api\/wp\/v2\/media\/33159"}],"wp:attachment":[{"href":"https:\/\/www.almega.se\/api\/wp\/v2\/media?parent=33158"}],"wp:term":[{"taxonomy":"category","embeddable":true,"href":"https:\/\/www.almega.se\/api\/wp\/v2\/categories?post=33158"},{"taxonomy":"post_tag","embeddable":true,"href":"https:\/\/www.almega.se\/api\/wp\/v2\/tags?post=33158"},{"taxonomy":"type","embeddable":true,"href":"https:\/\/www.almega.se\/api\/wp\/v2\/article_type?post=33158"},{"taxonomy":"agreement","embeddable":true,"href":"https:\/\/www.almega.se\/api\/wp\/v2\/agreement?post=33158"}],"curies":[{"name":"wp","href":"https:\/\/api.w.org\/{rel}","templated":true}]}}