{"id":32965,"date":"2020-12-10T11:30:00","date_gmt":"2020-12-10T10:30:00","guid":{"rendered":"https:\/\/www.almega.se\/2020\/12\/almega-tagforetagen-tecknar-nytt-avtal-for-spartrafik\/"},"modified":"2020-12-10T11:30:00","modified_gmt":"2020-12-10T10:30:00","slug":"almega-tagforetagen-tecknar-nytt-avtal-for-spartrafik","status":"publish","type":"post","link":"https:\/\/www.almega.se\/2020\/12\/almega-tagforetagen-tecknar-nytt-avtal-for-spartrafik\/","title":{"rendered":"Almega T\u00e5g&shy;f\u00f6retagen tecknar nytt avtal f\u00f6r Sp\u00e5rtrafik"},"content":{"rendered":"<p class=\"intro\">T\u00e5gf\u00f6retagen inom Almega har idag tillsammans med SEKO, ST, SRAT och Sveriges Ingenj\u00f6rer kommit \u00f6verens om ett nytt kollektivavtal f\u00f6r Sp\u00e5rtrafik. Det nya avtalet str\u00e4cker sig \u00f6ver 29 m\u00e5nader med en total kostnads\u00f6kningsniv\u00e5 p\u00e5 5,4 procent. Inom kostnadsramen ryms \u00e4ven l\u00e5gl\u00f6nesatsning och pensionsavs\u00e4ttningar.<\/p>\n\n<p>\u2013 Jag \u00e4r glad \u00f6ver att vi nu har kommit \u00f6verens om ett avtal som \u00e4r bra f\u00f6r b\u00e5de medarbetare och f\u00f6retag. V\u00e5ra f\u00f6rhandlingar med facken har varit b\u00e5de konstruktiva och l\u00f6sningsorienterade. Tillsammans har vi bland annat identifierat och tagit fram l\u00f6sningar kring lokala kollektivavtal och verksamhets\u00f6verg\u00e5ngar och kommit fram till ett h\u00e5llbart s\u00e4tt att hantera detta, s\u00e4ger Pierre Sandberg, F\u00f6rbundsdirekt\u00f6r T\u00e5gf\u00f6retagen.<\/p>\n\n\n\n<p>Parterna har ocks\u00e5 beslutat att tills\u00e4tta en arbetsmilj\u00f6grupp f\u00f6r att forts\u00e4tta att diskutera relevanta arbetsmilj\u00f6fr\u00e5gor. I gruppen finns representanter fr\u00e5n b\u00e5de fack och arbetsgivare och den kommer att arbeta under hela avtalsperioden.<\/p>\n\n\n\n<p>\u2013 Vi har under flera \u00e5r haft f\u00f6rh\u00e5llandevis tuffa f\u00f6rhandlingar inom Sp\u00e5romr\u00e5det som ofta slutat med b\u00e5de varsel om konflikt och medling. Detta \u00e4r f\u00f6rsta g\u00e5ngen p\u00e5 l\u00e4nge som vi slipper detta, n\u00e5got jag tror att b\u00e5de vi och v\u00e5r motpart \u00e4r stolta \u00f6ver. Jag ser fram emot att forts\u00e4tta det konstruktiva och samverkansinriktade arbete som vi nu har inlett med samtliga fackf\u00f6rbund, s\u00e4ger Pierre Sandberg.<\/p>\n\n\n\n<p>Avtalet g\u00e4ller drygt 17.000 medarbetare p\u00e5 70 medlemsf\u00f6retag.<\/p>\n\n\n\n<p><em>Almega str\u00e4var efter de b\u00e4sta f\u00f6ruts\u00e4ttningarna f\u00f6r b\u00e5de f\u00f6retagare och medarbetare. Att erbjuda attraktiva villkor \u00e4r avg\u00f6rande f\u00f6r tj\u00e4nstef\u00f6retagens framg\u00e5ng. Tillsammans skapar vi en bra arbetsmarknad: under avtalsf\u00f6rhandlingarna, men framf\u00f6rallt varje dag p\u00e5 arbetsplatserna i samtal mellan f\u00f6retagare och medarbetare. I avtalsr\u00f6relsen 2020 tecknar Almega sammanlagt 130 avtal, flest av alla arbetsgivarorganisationer.<\/em><\/p>\n","protected":false},"excerpt":{"rendered":"<p>T\u00e5gf\u00f6retagen inom Almega har idag tillsammans med SEKO, ST, SRAT och Sveriges Ingenj\u00f6rer kommit \u00f6verens om ett nytt kollektivavtal f\u00f6r Sp\u00e5rtrafik. Det nya avtalet str\u00e4cker sig \u00f6ver 29 m\u00e5nader med en total kostnads\u00f6kningsniv\u00e5 p\u00e5 5,4 procent. Inom kostnadsramen ryms \u00e4ven l\u00e5gl\u00f6nesatsning och pensionsavs\u00e4ttningar.<\/p>\n","protected":false},"author":3,"featured_media":32966,"comment_status":"closed","ping_status":"closed","sticky":false,"template":"","format":"standard","meta":{"_acf_changed":false,"footnotes":""},"categories":[451],"tags":[76],"article_type":[93],"agreement":[],"class_list":["post-32965","post","type-post","status-publish","format-standard","has-post-thumbnail","hentry","category-arbetsgivarfragor","tag-kollektivavtal","type-pressmeddelanden"],"acf":[],"yoast_head":"<!-- This site is optimized with the Yoast SEO Premium plugin v26.8 (Yoast SEO v26.8) - https:\/\/yoast.com\/product\/yoast-seo-premium-wordpress\/ -->\n<title>Almega T\u00e5gf\u00f6retagen tecknar nytt avtal f\u00f6r Sp\u00e5rtrafik | Almega<\/title>\n<meta name=\"robots\" content=\"index, follow, max-snippet:-1, max-image-preview:large, max-video-preview:-1\" \/>\n<link rel=\"canonical\" href=\"https:\/\/www.almega.se\/2020\/12\/almega-tagforetagen-tecknar-nytt-avtal-for-spartrafik\/\" \/>\n<meta property=\"og:locale\" content=\"sv_SE\" \/>\n<meta property=\"og:type\" content=\"article\" \/>\n<meta property=\"og:title\" content=\"Almega T\u00e5gf\u00f6retagen tecknar nytt avtal f\u00f6r Sp\u00e5rtrafik\" \/>\n<meta property=\"og:description\" content=\"T\u00e5gf\u00f6retagen inom Almega har idag tillsammans med SEKO, ST, SRAT och Sveriges Ingenj\u00f6rer kommit \u00f6verens om ett nytt kollektivavtal f\u00f6r Sp\u00e5rtrafik. Det nya avtalet str\u00e4cker sig \u00f6ver 29 m\u00e5nader med en total kostnads\u00f6kningsniv\u00e5 p\u00e5 5,4 procent. Inom kostnadsramen ryms \u00e4ven l\u00e5gl\u00f6nesatsning och pensionsavs\u00e4ttningar.\" \/>\n<meta property=\"og:url\" content=\"https:\/\/www.almega.se\/2020\/12\/almega-tagforetagen-tecknar-nytt-avtal-for-spartrafik\/\" \/>\n<meta property=\"og:site_name\" content=\"Almega\" \/>\n<meta property=\"article:published_time\" content=\"2020-12-10T10:30:00+00:00\" \/>\n<meta property=\"og:image\" content=\"https:\/\/www.almega.se\/app\/uploads\/2020\/12\/56170d07-d4fe-4a5d-aad2-57f566ee657e-scaled.jpg\" \/>\n\t<meta property=\"og:image:width\" content=\"2560\" \/>\n\t<meta property=\"og:image:height\" content=\"1707\" \/>\n\t<meta property=\"og:image:type\" content=\"image\/jpeg\" \/>\n<meta name=\"author\" content=\"Julia Schwamberg\" \/>\n<meta name=\"twitter:card\" content=\"summary_large_image\" \/>\n<meta name=\"twitter:label1\" content=\"Skriven av\" \/>\n\t<meta name=\"twitter:data1\" content=\"Julia Schwamberg\" \/>\n\t<meta name=\"twitter:label2\" content=\"Ber\u00e4knad l\u00e4stid\" \/>\n\t<meta name=\"twitter:data2\" content=\"2 minuter\" \/>\n<!-- \/ Yoast SEO Premium plugin. -->","yoast_head_json":{"title":"Almega T\u00e5gf\u00f6retagen tecknar nytt avtal f\u00f6r Sp\u00e5rtrafik | Almega","robots":{"index":"index","follow":"follow","max-snippet":"max-snippet:-1","max-image-preview":"max-image-preview:large","max-video-preview":"max-video-preview:-1"},"canonical":"https:\/\/www.almega.se\/2020\/12\/almega-tagforetagen-tecknar-nytt-avtal-for-spartrafik\/","og_locale":"sv_SE","og_type":"article","og_title":"Almega T\u00e5gf\u00f6retagen tecknar nytt avtal f\u00f6r Sp\u00e5rtrafik","og_description":"T\u00e5gf\u00f6retagen inom Almega har idag tillsammans med SEKO, ST, SRAT och Sveriges Ingenj\u00f6rer kommit \u00f6verens om ett nytt kollektivavtal f\u00f6r Sp\u00e5rtrafik. Det nya avtalet str\u00e4cker sig \u00f6ver 29 m\u00e5nader med en total kostnads\u00f6kningsniv\u00e5 p\u00e5 5,4 procent. Inom kostnadsramen ryms \u00e4ven l\u00e5gl\u00f6nesatsning och pensionsavs\u00e4ttningar.","og_url":"https:\/\/www.almega.se\/2020\/12\/almega-tagforetagen-tecknar-nytt-avtal-for-spartrafik\/","og_site_name":"Almega","article_published_time":"2020-12-10T10:30:00+00:00","og_image":[{"width":2560,"height":1707,"url":"https:\/\/www.almega.se\/app\/uploads\/2020\/12\/56170d07-d4fe-4a5d-aad2-57f566ee657e-scaled.jpg","type":"image\/jpeg"}],"author":"Julia Schwamberg","twitter_card":"summary_large_image","twitter_misc":{"Skriven av":"Julia Schwamberg","Ber\u00e4knad l\u00e4stid":"2 minuter"},"schema":{"@context":"https:\/\/schema.org","@graph":[{"@type":"NewsArticle","@id":"https:\/\/www.almega.se\/2020\/12\/almega-tagforetagen-tecknar-nytt-avtal-for-spartrafik\/#article","isPartOf":{"@id":"https:\/\/www.almega.se\/2020\/12\/almega-tagforetagen-tecknar-nytt-avtal-for-spartrafik\/"},"author":{"name":"Julia Schwamberg","@id":"https:\/\/www.almega.se\/#\/schema\/person\/efcc735e9c1ba0f9de79e69dc5be5f8a"},"headline":"Almega T\u00e5g&shy;f\u00f6retagen tecknar nytt avtal f\u00f6r Sp\u00e5rtrafik","datePublished":"2020-12-10T10:30:00+00:00","mainEntityOfPage":{"@id":"https:\/\/www.almega.se\/2020\/12\/almega-tagforetagen-tecknar-nytt-avtal-for-spartrafik\/"},"wordCount":283,"image":{"@id":"https:\/\/www.almega.se\/2020\/12\/almega-tagforetagen-tecknar-nytt-avtal-for-spartrafik\/#primaryimage"},"thumbnailUrl":"https:\/\/www.almega.se\/app\/uploads\/2020\/12\/56170d07-d4fe-4a5d-aad2-57f566ee657e-scaled.jpg","keywords":["Kollektivavtal"],"articleSection":["Arbetsgivarfr\u00e5gor"],"inLanguage":"sv-SE"},{"@type":"WebPage","@id":"https:\/\/www.almega.se\/2020\/12\/almega-tagforetagen-tecknar-nytt-avtal-for-spartrafik\/","url":"https:\/\/www.almega.se\/2020\/12\/almega-tagforetagen-tecknar-nytt-avtal-for-spartrafik\/","name":"Almega T\u00e5gf\u00f6retagen tecknar nytt avtal f\u00f6r Sp\u00e5rtrafik | Almega","isPartOf":{"@id":"https:\/\/www.almega.se\/#website"},"primaryImageOfPage":{"@id":"https:\/\/www.almega.se\/2020\/12\/almega-tagforetagen-tecknar-nytt-avtal-for-spartrafik\/#primaryimage"},"image":{"@id":"https:\/\/www.almega.se\/2020\/12\/almega-tagforetagen-tecknar-nytt-avtal-for-spartrafik\/#primaryimage"},"thumbnailUrl":"https:\/\/www.almega.se\/app\/uploads\/2020\/12\/56170d07-d4fe-4a5d-aad2-57f566ee657e-scaled.jpg","datePublished":"2020-12-10T10:30:00+00:00","author":{"@id":"https:\/\/www.almega.se\/#\/schema\/person\/efcc735e9c1ba0f9de79e69dc5be5f8a"},"breadcrumb":{"@id":"https:\/\/www.almega.se\/2020\/12\/almega-tagforetagen-tecknar-nytt-avtal-for-spartrafik\/#breadcrumb"},"inLanguage":"sv-SE","potentialAction":[{"@type":"ReadAction","target":["https:\/\/www.almega.se\/2020\/12\/almega-tagforetagen-tecknar-nytt-avtal-for-spartrafik\/"]}]},{"@type":"ImageObject","inLanguage":"sv-SE","@id":"https:\/\/www.almega.se\/2020\/12\/almega-tagforetagen-tecknar-nytt-avtal-for-spartrafik\/#primaryimage","url":"https:\/\/www.almega.se\/app\/uploads\/2020\/12\/56170d07-d4fe-4a5d-aad2-57f566ee657e-scaled.jpg","contentUrl":"https:\/\/www.almega.se\/app\/uploads\/2020\/12\/56170d07-d4fe-4a5d-aad2-57f566ee657e-scaled.jpg","width":2560,"height":1707,"caption":"Pierre Sandberg, F\u00f6rbundsdirekt\u00f6r Almega T\u00e5gf\u00f6retagen"},{"@type":"BreadcrumbList","@id":"https:\/\/www.almega.se\/2020\/12\/almega-tagforetagen-tecknar-nytt-avtal-for-spartrafik\/#breadcrumb","itemListElement":[{"@type":"ListItem","position":1,"name":"Home","item":"https:\/\/www.almega.se\/"},{"@type":"ListItem","position":2,"name":"Almega T\u00e5g&shy;f\u00f6retagen tecknar nytt avtal f\u00f6r Sp\u00e5rtrafik"}]},{"@type":"WebSite","@id":"https:\/\/www.almega.se\/#website","url":"https:\/\/www.almega.se\/","name":"Almega","description":"","potentialAction":[{"@type":"SearchAction","target":{"@type":"EntryPoint","urlTemplate":"https:\/\/www.almega.se\/?s={search_term_string}"},"query-input":{"@type":"PropertyValueSpecification","valueRequired":true,"valueName":"search_term_string"}}],"inLanguage":"sv-SE"},{"@type":"Person","@id":"https:\/\/www.almega.se\/#\/schema\/person\/efcc735e9c1ba0f9de79e69dc5be5f8a","name":"Julia Schwamberg","image":{"@type":"ImageObject","inLanguage":"sv-SE","@id":"https:\/\/www.almega.se\/#\/schema\/person\/image\/","url":"https:\/\/secure.gravatar.com\/avatar\/60ee7d8b8e9aa9b036f4768c0d2e868d8f080bcf68689c0f64ab3b87b1c2f78b?s=96&d=mm&r=g","contentUrl":"https:\/\/secure.gravatar.com\/avatar\/60ee7d8b8e9aa9b036f4768c0d2e868d8f080bcf68689c0f64ab3b87b1c2f78b?s=96&d=mm&r=g","caption":"Julia Schwamberg"},"url":"https:\/\/www.almega.se\/person\/juliaschwamberg\/"}]}},"_links":{"self":[{"href":"https:\/\/www.almega.se\/api\/wp\/v2\/posts\/32965","targetHints":{"allow":["GET"]}}],"collection":[{"href":"https:\/\/www.almega.se\/api\/wp\/v2\/posts"}],"about":[{"href":"https:\/\/www.almega.se\/api\/wp\/v2\/types\/post"}],"author":[{"embeddable":true,"href":"https:\/\/www.almega.se\/api\/wp\/v2\/users\/3"}],"replies":[{"embeddable":true,"href":"https:\/\/www.almega.se\/api\/wp\/v2\/comments?post=32965"}],"version-history":[{"count":2,"href":"https:\/\/www.almega.se\/api\/wp\/v2\/posts\/32965\/revisions"}],"predecessor-version":[{"id":54088,"href":"https:\/\/www.almega.se\/api\/wp\/v2\/posts\/32965\/revisions\/54088"}],"wp:featuredmedia":[{"embeddable":true,"href":"https:\/\/www.almega.se\/api\/wp\/v2\/media\/32966"}],"wp:attachment":[{"href":"https:\/\/www.almega.se\/api\/wp\/v2\/media?parent=32965"}],"wp:term":[{"taxonomy":"category","embeddable":true,"href":"https:\/\/www.almega.se\/api\/wp\/v2\/categories?post=32965"},{"taxonomy":"post_tag","embeddable":true,"href":"https:\/\/www.almega.se\/api\/wp\/v2\/tags?post=32965"},{"taxonomy":"type","embeddable":true,"href":"https:\/\/www.almega.se\/api\/wp\/v2\/article_type?post=32965"},{"taxonomy":"agreement","embeddable":true,"href":"https:\/\/www.almega.se\/api\/wp\/v2\/agreement?post=32965"}],"curies":[{"name":"wp","href":"https:\/\/api.w.org\/{rel}","templated":true}]}}