{"id":32909,"date":"2020-12-09T16:00:00","date_gmt":"2020-12-09T15:00:00","guid":{"rendered":"https:\/\/www.almega.se\/2020\/12\/nytt-kollektivavtal-for-bok-och-tidskriftsforlag\/"},"modified":"2023-06-15T13:02:10","modified_gmt":"2023-06-15T11:02:10","slug":"nytt-kollektivavtal-for-bok-och-tidskriftsforlag","status":"publish","type":"post","link":"https:\/\/www.almega.se\/2020\/12\/nytt-kollektivavtal-for-bok-och-tidskriftsforlag\/","title":{"rendered":"Nytt kollektivavtal f\u00f6r bok- och tidskriftsf\u00f6rlag"},"content":{"rendered":"<p class=\"intro\">Medief\u00f6retagen har f\u00f6rhandlat fram nytt kollektivavtal (Gr\u00e5 avtalet) med Sveriges Ingenj\u00f6rer och Unionen. Bland de som omfattas av kollektivavtalet finns tj\u00e4nstem\u00e4n inom till exempel bok- och tidskriftsf\u00f6rlag. Det nya avtalet str\u00e4cker sig \u00f6ver 29 m\u00e5nader (1 december 2020 \u2013 30 april 2023) med en total l\u00f6ne\u00f6kningsniv\u00e5 p\u00e5 5,4 procent. Inom kostnadsramen ryms \u00e4ven pensionsavs\u00e4ttningar.<\/p>\n\n<p>\u2013 F\u00f6rhandlingarna har varit konstruktiva och parterna har haft som tydlig m\u00e5ls\u00e4ttning att i komma i m\u00e5l i samf\u00f6rst\u00e5nd. Det \u00e4r ocks\u00e5 mycket tillfredsst\u00e4llande att vi har landat p\u00e5 ett avtal som ligger inom de ramar arbetsmarknadens parter \u00e4r \u00f6verens om, s\u00e4ger Gabriella Forssell, ansvarig f\u00f6rhandlare p\u00e5 Medief\u00f6retagen.<\/p>\n\n\n\n<p><em>Almega str\u00e4var efter de b\u00e4sta f\u00f6ruts\u00e4ttningarna f\u00f6r b\u00e5de f\u00f6retagare och medarbetare. Att erbjuda attraktiva villkor \u00e4r avg\u00f6rande f\u00f6r tj\u00e4nstef\u00f6retagens framg\u00e5ng. Tillsammans skapar vi en bra arbetsmarknad: under avtalsf\u00f6rhandlingarna, men framf\u00f6rallt varje dag p\u00e5 arbetsplatserna i samtal mellan f\u00f6retagare och medarbetare. I avtalsr\u00f6relsen 2020 tecknar Almega sammanlagt 130 avtal, flest av alla arbetsgivarorganisationer.<\/em><\/p>\n","protected":false},"excerpt":{"rendered":"<p>Medief\u00f6retagen har f\u00f6rhandlat fram nytt kollektivavtal (Gr\u00e5 avtalet) med Sveriges Ingenj\u00f6rer och Unionen. Bland de som omfattas av kollektivavtalet finns tj\u00e4nstem\u00e4n inom till exempel bok- och tidskriftsf\u00f6rlag. Det nya avtalet str\u00e4cker sig \u00f6ver 29 m\u00e5nader (1 december 2020 \u2013 30 april 2023) med en total l\u00f6ne\u00f6kningsniv\u00e5 p\u00e5 5,4 procent. Inom kostnadsramen ryms \u00e4ven pensionsavs\u00e4ttningar.<\/p>\n","protected":false},"author":3,"featured_media":0,"comment_status":"closed","ping_status":"closed","sticky":false,"template":"","format":"standard","meta":{"_acf_changed":false,"footnotes":""},"categories":[451],"tags":[76],"article_type":[93],"agreement":[],"class_list":["post-32909","post","type-post","status-publish","format-standard","hentry","category-arbetsgivarfragor","tag-kollektivavtal","type-pressmeddelanden"],"acf":[],"yoast_head":"<!-- This site is optimized with the Yoast SEO Premium plugin v26.8 (Yoast SEO v26.8) - https:\/\/yoast.com\/product\/yoast-seo-premium-wordpress\/ -->\n<title>Nytt kollektivavtal f\u00f6r bok- och tidskriftsf\u00f6rlag | Almega<\/title>\n<meta name=\"robots\" content=\"index, follow, max-snippet:-1, max-image-preview:large, max-video-preview:-1\" \/>\n<link rel=\"canonical\" href=\"https:\/\/www.almega.se\/2020\/12\/nytt-kollektivavtal-for-bok-och-tidskriftsforlag\/\" \/>\n<meta property=\"og:locale\" content=\"sv_SE\" \/>\n<meta property=\"og:type\" content=\"article\" \/>\n<meta property=\"og:title\" content=\"Nytt kollektivavtal f\u00f6r bok- och tidskriftsf\u00f6rlag\" \/>\n<meta property=\"og:description\" content=\"Medief\u00f6retagen har f\u00f6rhandlat fram nytt kollektivavtal (Gr\u00e5 avtalet) med Sveriges Ingenj\u00f6rer och Unionen. Bland de som omfattas av kollektivavtalet finns tj\u00e4nstem\u00e4n inom till exempel bok- och tidskriftsf\u00f6rlag. Det nya avtalet str\u00e4cker sig \u00f6ver 29 m\u00e5nader (1 december 2020 \u2013 30 april 2023) med en total l\u00f6ne\u00f6kningsniv\u00e5 p\u00e5 5,4 procent. Inom kostnadsramen ryms \u00e4ven pensionsavs\u00e4ttningar.\" \/>\n<meta property=\"og:url\" content=\"https:\/\/www.almega.se\/2020\/12\/nytt-kollektivavtal-for-bok-och-tidskriftsforlag\/\" \/>\n<meta property=\"og:site_name\" content=\"Almega\" \/>\n<meta property=\"article:published_time\" content=\"2020-12-09T15:00:00+00:00\" \/>\n<meta property=\"article:modified_time\" content=\"2023-06-15T11:02:10+00:00\" \/>\n<meta property=\"og:image\" content=\"https:\/\/www.almega.se\/app\/uploads\/2020\/12\/almega-share-logo.png\" \/>\n\t<meta property=\"og:image:width\" content=\"1200\" \/>\n\t<meta property=\"og:image:height\" content=\"630\" \/>\n\t<meta property=\"og:image:type\" content=\"image\/png\" \/>\n<meta name=\"author\" content=\"Julia Schwamberg\" \/>\n<meta name=\"twitter:card\" content=\"summary_large_image\" \/>\n<meta name=\"twitter:label1\" content=\"Skriven av\" \/>\n\t<meta name=\"twitter:data1\" content=\"Julia Schwamberg\" \/>\n\t<meta name=\"twitter:label2\" content=\"Ber\u00e4knad l\u00e4stid\" \/>\n\t<meta name=\"twitter:data2\" content=\"1 minut\" \/>\n<!-- \/ Yoast SEO Premium plugin. -->","yoast_head_json":{"title":"Nytt kollektivavtal f\u00f6r bok- och tidskriftsf\u00f6rlag | Almega","robots":{"index":"index","follow":"follow","max-snippet":"max-snippet:-1","max-image-preview":"max-image-preview:large","max-video-preview":"max-video-preview:-1"},"canonical":"https:\/\/www.almega.se\/2020\/12\/nytt-kollektivavtal-for-bok-och-tidskriftsforlag\/","og_locale":"sv_SE","og_type":"article","og_title":"Nytt kollektivavtal f\u00f6r bok- och tidskriftsf\u00f6rlag","og_description":"Medief\u00f6retagen har f\u00f6rhandlat fram nytt kollektivavtal (Gr\u00e5 avtalet) med Sveriges Ingenj\u00f6rer och Unionen. Bland de som omfattas av kollektivavtalet finns tj\u00e4nstem\u00e4n inom till exempel bok- och tidskriftsf\u00f6rlag. Det nya avtalet str\u00e4cker sig \u00f6ver 29 m\u00e5nader (1 december 2020 \u2013 30 april 2023) med en total l\u00f6ne\u00f6kningsniv\u00e5 p\u00e5 5,4 procent. Inom kostnadsramen ryms \u00e4ven pensionsavs\u00e4ttningar.","og_url":"https:\/\/www.almega.se\/2020\/12\/nytt-kollektivavtal-for-bok-och-tidskriftsforlag\/","og_site_name":"Almega","article_published_time":"2020-12-09T15:00:00+00:00","article_modified_time":"2023-06-15T11:02:10+00:00","og_image":[{"width":1200,"height":630,"url":"https:\/\/www.almega.se\/app\/uploads\/2020\/12\/almega-share-logo.png","type":"image\/png"}],"author":"Julia Schwamberg","twitter_card":"summary_large_image","twitter_misc":{"Skriven av":"Julia Schwamberg","Ber\u00e4knad l\u00e4stid":"1 minut"},"schema":{"@context":"https:\/\/schema.org","@graph":[{"@type":"NewsArticle","@id":"https:\/\/www.almega.se\/2020\/12\/nytt-kollektivavtal-for-bok-och-tidskriftsforlag\/#article","isPartOf":{"@id":"https:\/\/www.almega.se\/2020\/12\/nytt-kollektivavtal-for-bok-och-tidskriftsforlag\/"},"author":{"name":"Julia Schwamberg","@id":"https:\/\/www.almega.se\/#\/schema\/person\/efcc735e9c1ba0f9de79e69dc5be5f8a"},"headline":"Nytt kollektivavtal f\u00f6r bok- och tidskriftsf\u00f6rlag","datePublished":"2020-12-09T15:00:00+00:00","dateModified":"2023-06-15T11:02:10+00:00","mainEntityOfPage":{"@id":"https:\/\/www.almega.se\/2020\/12\/nytt-kollektivavtal-for-bok-och-tidskriftsforlag\/"},"wordCount":131,"keywords":["Kollektivavtal"],"articleSection":["Arbetsgivarfr\u00e5gor"],"inLanguage":"sv-SE"},{"@type":"WebPage","@id":"https:\/\/www.almega.se\/2020\/12\/nytt-kollektivavtal-for-bok-och-tidskriftsforlag\/","url":"https:\/\/www.almega.se\/2020\/12\/nytt-kollektivavtal-for-bok-och-tidskriftsforlag\/","name":"Nytt kollektivavtal f\u00f6r bok- och tidskriftsf\u00f6rlag | Almega","isPartOf":{"@id":"https:\/\/www.almega.se\/#website"},"datePublished":"2020-12-09T15:00:00+00:00","dateModified":"2023-06-15T11:02:10+00:00","author":{"@id":"https:\/\/www.almega.se\/#\/schema\/person\/efcc735e9c1ba0f9de79e69dc5be5f8a"},"breadcrumb":{"@id":"https:\/\/www.almega.se\/2020\/12\/nytt-kollektivavtal-for-bok-och-tidskriftsforlag\/#breadcrumb"},"inLanguage":"sv-SE","potentialAction":[{"@type":"ReadAction","target":["https:\/\/www.almega.se\/2020\/12\/nytt-kollektivavtal-for-bok-och-tidskriftsforlag\/"]}]},{"@type":"BreadcrumbList","@id":"https:\/\/www.almega.se\/2020\/12\/nytt-kollektivavtal-for-bok-och-tidskriftsforlag\/#breadcrumb","itemListElement":[{"@type":"ListItem","position":1,"name":"Home","item":"https:\/\/www.almega.se\/"},{"@type":"ListItem","position":2,"name":"Nytt kollektivavtal f\u00f6r bok- och tidskriftsf\u00f6rlag"}]},{"@type":"WebSite","@id":"https:\/\/www.almega.se\/#website","url":"https:\/\/www.almega.se\/","name":"Almega","description":"","potentialAction":[{"@type":"SearchAction","target":{"@type":"EntryPoint","urlTemplate":"https:\/\/www.almega.se\/?s={search_term_string}"},"query-input":{"@type":"PropertyValueSpecification","valueRequired":true,"valueName":"search_term_string"}}],"inLanguage":"sv-SE"},{"@type":"Person","@id":"https:\/\/www.almega.se\/#\/schema\/person\/efcc735e9c1ba0f9de79e69dc5be5f8a","name":"Julia Schwamberg","image":{"@type":"ImageObject","inLanguage":"sv-SE","@id":"https:\/\/www.almega.se\/#\/schema\/person\/image\/","url":"https:\/\/secure.gravatar.com\/avatar\/60ee7d8b8e9aa9b036f4768c0d2e868d8f080bcf68689c0f64ab3b87b1c2f78b?s=96&d=mm&r=g","contentUrl":"https:\/\/secure.gravatar.com\/avatar\/60ee7d8b8e9aa9b036f4768c0d2e868d8f080bcf68689c0f64ab3b87b1c2f78b?s=96&d=mm&r=g","caption":"Julia Schwamberg"},"url":"https:\/\/www.almega.se\/person\/juliaschwamberg\/"}]}},"_links":{"self":[{"href":"https:\/\/www.almega.se\/api\/wp\/v2\/posts\/32909","targetHints":{"allow":["GET"]}}],"collection":[{"href":"https:\/\/www.almega.se\/api\/wp\/v2\/posts"}],"about":[{"href":"https:\/\/www.almega.se\/api\/wp\/v2\/types\/post"}],"author":[{"embeddable":true,"href":"https:\/\/www.almega.se\/api\/wp\/v2\/users\/3"}],"replies":[{"embeddable":true,"href":"https:\/\/www.almega.se\/api\/wp\/v2\/comments?post=32909"}],"version-history":[{"count":4,"href":"https:\/\/www.almega.se\/api\/wp\/v2\/posts\/32909\/revisions"}],"predecessor-version":[{"id":64560,"href":"https:\/\/www.almega.se\/api\/wp\/v2\/posts\/32909\/revisions\/64560"}],"wp:attachment":[{"href":"https:\/\/www.almega.se\/api\/wp\/v2\/media?parent=32909"}],"wp:term":[{"taxonomy":"category","embeddable":true,"href":"https:\/\/www.almega.se\/api\/wp\/v2\/categories?post=32909"},{"taxonomy":"post_tag","embeddable":true,"href":"https:\/\/www.almega.se\/api\/wp\/v2\/tags?post=32909"},{"taxonomy":"type","embeddable":true,"href":"https:\/\/www.almega.se\/api\/wp\/v2\/article_type?post=32909"},{"taxonomy":"agreement","embeddable":true,"href":"https:\/\/www.almega.se\/api\/wp\/v2\/agreement?post=32909"}],"curies":[{"name":"wp","href":"https:\/\/api.w.org\/{rel}","templated":true}]}}