{"id":32871,"date":"2020-12-09T11:11:28","date_gmt":"2020-12-09T10:11:28","guid":{"rendered":"https:\/\/www.almega.se\/2020\/12\/serviceforetagen-traffar-kollektivavtal-med-unionen-och-ledarna\/"},"modified":"2020-12-09T11:11:28","modified_gmt":"2020-12-09T10:11:28","slug":"serviceforetagen-traffar-kollektivavtal-med-unionen-och-ledarna","status":"publish","type":"post","link":"https:\/\/www.almega.se\/2020\/12\/serviceforetagen-traffar-kollektivavtal-med-unionen-och-ledarna\/","title":{"rendered":"Service&shy;f\u00f6retagen tr\u00e4ffar kollektivavtal med Unionen och Ledarna"},"content":{"rendered":"<p class=\"intro\">Servicef\u00f6retagen inom Almega har idag tecknat nya kollektivavtal f\u00f6r tj\u00e4nstem\u00e4nnen i serviceentreprenad- och specialservicef\u00f6retag med fackf\u00f6rbunden Unionen och Ledarna. De nya avtalen str\u00e4cker sig \u00f6ver 29 m\u00e5nader med l\u00f6ne\u00f6kningar och \u00f6kade pensionsavs\u00e4ttningar om totalt 5,4 %.<\/p>\n\n<p>\u2013 Det har varit roligt att tillsammans med Unionen och Ledarna utveckla avtalen, s\u00e5 vi nu har f\u00e5tt modernare kollektivavtal som \u00e4r b\u00e4ttre anpassade f\u00f6r v\u00e5ra branscher, s\u00e4ger Kajsa Eldin, ansvarig f\u00f6rhandlare Almega Servicef\u00f6retagen.<\/p>\n\n\n\n<p>L\u00f6neavtalet med Unionen inneb\u00e4r l\u00f6ne\u00f6kningar med 2,9 % fr\u00e5n den 1 november 2020 och 1,8 % fr\u00e5n den 1 april 2022. L\u00f6neavtalet med Ledarna \u00e4r ett s.k. sifferl\u00f6st avtal som l\u00f6per tillsvidare. Premieavs\u00e4ttning till flexpension \u00f6kar under avtalsperioden med 0,3 % den 1 november 2020 och ytterligare 0,4 % den 1 april 2022.<\/p>\n\n\n\n<p>Avtalen omfattar omkring 1000 f\u00f6retag som verkar inom serviceentreprenad- och specialservicebranschen.<\/p>\n\n\n\n<p><em>Almega str\u00e4var efter de b\u00e4sta f\u00f6ruts\u00e4ttningarna f\u00f6r b\u00e5de f\u00f6retagare och medarbetare. Att erbjuda attraktiva villkor \u00e4r avg\u00f6rande f\u00f6r tj\u00e4nstef\u00f6retagens framg\u00e5ng. Tillsammans skapar vi en bra arbetsmarknad: under avtalsf\u00f6rhandlingarna, men framf\u00f6rallt varje dag p\u00e5 arbetsplatserna i samtal mellan f\u00f6retagare och medarbetare. I avtalsr\u00f6relsen 2020 tecknar Almega sammanlagt 130 avtal, flest av alla arbetsgivarorganisationer.<\/em><\/p>\n","protected":false},"excerpt":{"rendered":"<p>Servicef\u00f6retagen inom Almega har idag tecknat nya kollektivavtal f\u00f6r tj\u00e4nstem\u00e4nnen i serviceentreprenad- och specialservicef\u00f6retag med fackf\u00f6rbunden Unionen och Ledarna. De nya avtalen str\u00e4cker sig \u00f6ver 29 m\u00e5nader med l\u00f6ne\u00f6kningar och \u00f6kade pensionsavs\u00e4ttningar om totalt 5,4 %.<\/p>\n","protected":false},"author":3,"featured_media":32872,"comment_status":"closed","ping_status":"closed","sticky":false,"template":"","format":"standard","meta":{"_acf_changed":false,"footnotes":""},"categories":[451],"tags":[76],"article_type":[93],"agreement":[],"class_list":["post-32871","post","type-post","status-publish","format-standard","has-post-thumbnail","hentry","category-arbetsgivarfragor","tag-kollektivavtal","type-pressmeddelanden"],"acf":[],"yoast_head":"<!-- This site is optimized with the Yoast SEO Premium plugin v26.8 (Yoast SEO v26.8) - https:\/\/yoast.com\/product\/yoast-seo-premium-wordpress\/ -->\n<title>Servicef\u00f6retagen tr\u00e4ffar kollektivavtal med Unionen och Ledarna | Almega<\/title>\n<meta name=\"robots\" content=\"index, follow, max-snippet:-1, max-image-preview:large, max-video-preview:-1\" \/>\n<link rel=\"canonical\" href=\"https:\/\/www.almega.se\/2020\/12\/serviceforetagen-traffar-kollektivavtal-med-unionen-och-ledarna\/\" \/>\n<meta property=\"og:locale\" content=\"sv_SE\" \/>\n<meta property=\"og:type\" content=\"article\" \/>\n<meta property=\"og:title\" content=\"Servicef\u00f6retagen tr\u00e4ffar kollektivavtal med Unionen och Ledarna\" \/>\n<meta property=\"og:description\" content=\"Servicef\u00f6retagen inom Almega har idag tecknat nya kollektivavtal f\u00f6r tj\u00e4nstem\u00e4nnen i serviceentreprenad- och specialservicef\u00f6retag med fackf\u00f6rbunden Unionen och Ledarna. De nya avtalen str\u00e4cker sig \u00f6ver 29 m\u00e5nader med l\u00f6ne\u00f6kningar och \u00f6kade pensionsavs\u00e4ttningar om totalt 5,4 %.\" \/>\n<meta property=\"og:url\" content=\"https:\/\/www.almega.se\/2020\/12\/serviceforetagen-traffar-kollektivavtal-med-unionen-och-ledarna\/\" \/>\n<meta property=\"og:site_name\" content=\"Almega\" \/>\n<meta property=\"article:published_time\" content=\"2020-12-09T10:11:28+00:00\" \/>\n<meta property=\"og:image\" content=\"https:\/\/www.almega.se\/app\/uploads\/2020\/12\/33289408-5707-4c64-a2aa-bcbe0abaa7a5-scaled.jpg\" \/>\n\t<meta property=\"og:image:width\" content=\"2560\" \/>\n\t<meta property=\"og:image:height\" content=\"1707\" \/>\n\t<meta property=\"og:image:type\" content=\"image\/jpeg\" \/>\n<meta name=\"author\" content=\"Julia Schwamberg\" \/>\n<meta name=\"twitter:card\" content=\"summary_large_image\" \/>\n<meta name=\"twitter:label1\" content=\"Skriven av\" \/>\n\t<meta name=\"twitter:data1\" content=\"Julia Schwamberg\" \/>\n\t<meta name=\"twitter:label2\" content=\"Ber\u00e4knad l\u00e4stid\" \/>\n\t<meta name=\"twitter:data2\" content=\"1 minut\" \/>\n<!-- \/ Yoast SEO Premium plugin. -->","yoast_head_json":{"title":"Servicef\u00f6retagen tr\u00e4ffar kollektivavtal med Unionen och Ledarna | Almega","robots":{"index":"index","follow":"follow","max-snippet":"max-snippet:-1","max-image-preview":"max-image-preview:large","max-video-preview":"max-video-preview:-1"},"canonical":"https:\/\/www.almega.se\/2020\/12\/serviceforetagen-traffar-kollektivavtal-med-unionen-och-ledarna\/","og_locale":"sv_SE","og_type":"article","og_title":"Servicef\u00f6retagen tr\u00e4ffar kollektivavtal med Unionen och Ledarna","og_description":"Servicef\u00f6retagen inom Almega har idag tecknat nya kollektivavtal f\u00f6r tj\u00e4nstem\u00e4nnen i serviceentreprenad- och specialservicef\u00f6retag med fackf\u00f6rbunden Unionen och Ledarna. De nya avtalen str\u00e4cker sig \u00f6ver 29 m\u00e5nader med l\u00f6ne\u00f6kningar och \u00f6kade pensionsavs\u00e4ttningar om totalt 5,4 %.","og_url":"https:\/\/www.almega.se\/2020\/12\/serviceforetagen-traffar-kollektivavtal-med-unionen-och-ledarna\/","og_site_name":"Almega","article_published_time":"2020-12-09T10:11:28+00:00","og_image":[{"width":2560,"height":1707,"url":"https:\/\/www.almega.se\/app\/uploads\/2020\/12\/33289408-5707-4c64-a2aa-bcbe0abaa7a5-scaled.jpg","type":"image\/jpeg"}],"author":"Julia Schwamberg","twitter_card":"summary_large_image","twitter_misc":{"Skriven av":"Julia Schwamberg","Ber\u00e4knad l\u00e4stid":"1 minut"},"schema":{"@context":"https:\/\/schema.org","@graph":[{"@type":"NewsArticle","@id":"https:\/\/www.almega.se\/2020\/12\/serviceforetagen-traffar-kollektivavtal-med-unionen-och-ledarna\/#article","isPartOf":{"@id":"https:\/\/www.almega.se\/2020\/12\/serviceforetagen-traffar-kollektivavtal-med-unionen-och-ledarna\/"},"author":{"name":"Julia Schwamberg","@id":"https:\/\/www.almega.se\/#\/schema\/person\/efcc735e9c1ba0f9de79e69dc5be5f8a"},"headline":"Service&shy;f\u00f6retagen tr\u00e4ffar kollektivavtal med Unionen och Ledarna","datePublished":"2020-12-09T10:11:28+00:00","mainEntityOfPage":{"@id":"https:\/\/www.almega.se\/2020\/12\/serviceforetagen-traffar-kollektivavtal-med-unionen-och-ledarna\/"},"wordCount":174,"image":{"@id":"https:\/\/www.almega.se\/2020\/12\/serviceforetagen-traffar-kollektivavtal-med-unionen-och-ledarna\/#primaryimage"},"thumbnailUrl":"https:\/\/www.almega.se\/app\/uploads\/2020\/12\/33289408-5707-4c64-a2aa-bcbe0abaa7a5-scaled.jpg","keywords":["Kollektivavtal"],"articleSection":["Arbetsgivarfr\u00e5gor"],"inLanguage":"sv-SE"},{"@type":"WebPage","@id":"https:\/\/www.almega.se\/2020\/12\/serviceforetagen-traffar-kollektivavtal-med-unionen-och-ledarna\/","url":"https:\/\/www.almega.se\/2020\/12\/serviceforetagen-traffar-kollektivavtal-med-unionen-och-ledarna\/","name":"Servicef\u00f6retagen tr\u00e4ffar kollektivavtal med Unionen och Ledarna | Almega","isPartOf":{"@id":"https:\/\/www.almega.se\/#website"},"primaryImageOfPage":{"@id":"https:\/\/www.almega.se\/2020\/12\/serviceforetagen-traffar-kollektivavtal-med-unionen-och-ledarna\/#primaryimage"},"image":{"@id":"https:\/\/www.almega.se\/2020\/12\/serviceforetagen-traffar-kollektivavtal-med-unionen-och-ledarna\/#primaryimage"},"thumbnailUrl":"https:\/\/www.almega.se\/app\/uploads\/2020\/12\/33289408-5707-4c64-a2aa-bcbe0abaa7a5-scaled.jpg","datePublished":"2020-12-09T10:11:28+00:00","author":{"@id":"https:\/\/www.almega.se\/#\/schema\/person\/efcc735e9c1ba0f9de79e69dc5be5f8a"},"breadcrumb":{"@id":"https:\/\/www.almega.se\/2020\/12\/serviceforetagen-traffar-kollektivavtal-med-unionen-och-ledarna\/#breadcrumb"},"inLanguage":"sv-SE","potentialAction":[{"@type":"ReadAction","target":["https:\/\/www.almega.se\/2020\/12\/serviceforetagen-traffar-kollektivavtal-med-unionen-och-ledarna\/"]}]},{"@type":"ImageObject","inLanguage":"sv-SE","@id":"https:\/\/www.almega.se\/2020\/12\/serviceforetagen-traffar-kollektivavtal-med-unionen-och-ledarna\/#primaryimage","url":"https:\/\/www.almega.se\/app\/uploads\/2020\/12\/33289408-5707-4c64-a2aa-bcbe0abaa7a5-scaled.jpg","contentUrl":"https:\/\/www.almega.se\/app\/uploads\/2020\/12\/33289408-5707-4c64-a2aa-bcbe0abaa7a5-scaled.jpg","width":2560,"height":1707,"caption":"Kajsa Eldin, ansvarig f\u00f6rhandlare Almega Servicef\u00f6retagen."},{"@type":"BreadcrumbList","@id":"https:\/\/www.almega.se\/2020\/12\/serviceforetagen-traffar-kollektivavtal-med-unionen-och-ledarna\/#breadcrumb","itemListElement":[{"@type":"ListItem","position":1,"name":"Home","item":"https:\/\/www.almega.se\/"},{"@type":"ListItem","position":2,"name":"Service&shy;f\u00f6retagen tr\u00e4ffar kollektivavtal med Unionen och Ledarna"}]},{"@type":"WebSite","@id":"https:\/\/www.almega.se\/#website","url":"https:\/\/www.almega.se\/","name":"Almega","description":"","potentialAction":[{"@type":"SearchAction","target":{"@type":"EntryPoint","urlTemplate":"https:\/\/www.almega.se\/?s={search_term_string}"},"query-input":{"@type":"PropertyValueSpecification","valueRequired":true,"valueName":"search_term_string"}}],"inLanguage":"sv-SE"},{"@type":"Person","@id":"https:\/\/www.almega.se\/#\/schema\/person\/efcc735e9c1ba0f9de79e69dc5be5f8a","name":"Julia Schwamberg","image":{"@type":"ImageObject","inLanguage":"sv-SE","@id":"https:\/\/www.almega.se\/#\/schema\/person\/image\/","url":"https:\/\/secure.gravatar.com\/avatar\/60ee7d8b8e9aa9b036f4768c0d2e868d8f080bcf68689c0f64ab3b87b1c2f78b?s=96&d=mm&r=g","contentUrl":"https:\/\/secure.gravatar.com\/avatar\/60ee7d8b8e9aa9b036f4768c0d2e868d8f080bcf68689c0f64ab3b87b1c2f78b?s=96&d=mm&r=g","caption":"Julia Schwamberg"},"url":"https:\/\/www.almega.se\/person\/juliaschwamberg\/"}]}},"_links":{"self":[{"href":"https:\/\/www.almega.se\/api\/wp\/v2\/posts\/32871","targetHints":{"allow":["GET"]}}],"collection":[{"href":"https:\/\/www.almega.se\/api\/wp\/v2\/posts"}],"about":[{"href":"https:\/\/www.almega.se\/api\/wp\/v2\/types\/post"}],"author":[{"embeddable":true,"href":"https:\/\/www.almega.se\/api\/wp\/v2\/users\/3"}],"replies":[{"embeddable":true,"href":"https:\/\/www.almega.se\/api\/wp\/v2\/comments?post=32871"}],"version-history":[{"count":2,"href":"https:\/\/www.almega.se\/api\/wp\/v2\/posts\/32871\/revisions"}],"predecessor-version":[{"id":54080,"href":"https:\/\/www.almega.se\/api\/wp\/v2\/posts\/32871\/revisions\/54080"}],"wp:featuredmedia":[{"embeddable":true,"href":"https:\/\/www.almega.se\/api\/wp\/v2\/media\/32872"}],"wp:attachment":[{"href":"https:\/\/www.almega.se\/api\/wp\/v2\/media?parent=32871"}],"wp:term":[{"taxonomy":"category","embeddable":true,"href":"https:\/\/www.almega.se\/api\/wp\/v2\/categories?post=32871"},{"taxonomy":"post_tag","embeddable":true,"href":"https:\/\/www.almega.se\/api\/wp\/v2\/tags?post=32871"},{"taxonomy":"type","embeddable":true,"href":"https:\/\/www.almega.se\/api\/wp\/v2\/article_type?post=32871"},{"taxonomy":"agreement","embeddable":true,"href":"https:\/\/www.almega.se\/api\/wp\/v2\/agreement?post=32871"}],"curies":[{"name":"wp","href":"https:\/\/api.w.org\/{rel}","templated":true}]}}