{"id":32761,"date":"2020-12-07T11:40:00","date_gmt":"2020-12-07T10:40:00","guid":{"rendered":"https:\/\/www.almega.se\/2020\/12\/almega-tjansteforbunden-tecknar-nytt-avtal-for-apoteksforetagen\/"},"modified":"2020-12-07T11:40:00","modified_gmt":"2020-12-07T10:40:00","slug":"almega-tjansteforbunden-tecknar-nytt-avtal-for-apoteksforetagen","status":"publish","type":"post","link":"https:\/\/www.almega.se\/2020\/12\/almega-tjansteforbunden-tecknar-nytt-avtal-for-apoteksforetagen\/","title":{"rendered":"Almega Tj\u00e4nste&shy;f\u00f6rbunden tecknar nytt avtal f\u00f6r Apoteks&shy;f\u00f6retagen"},"content":{"rendered":"<p class=\"intro\">Almega Tj\u00e4nstef\u00f6rbunden bransch Apotek har idag tillsammans med Sveriges Farmaceuter, Sveriges Ingenj\u00f6rer och Unionen tr\u00e4ffat ett nytt avtal f\u00f6r anst\u00e4llda i Apoteksf\u00f6retagen inom Almega. Det nya avtalet str\u00e4cker sig \u00f6ver 29 m\u00e5nader med en total kostnads\u00f6kningsniv\u00e5 p\u00e5 5,4 procent. Inom kostnadsramen ryms \u00e4ven pensionsavs\u00e4ttningar.<\/p>\n\n<p>\u2013 V\u00e5ra f\u00f6rhandlingar med motparterna har varit l\u00f6sningsorienterade med en gemensam vilja att komma \u00f6verens och skapa bra villkor f\u00f6r b\u00e5de medarbetare och f\u00f6retag, s\u00e4ger \u00c5sa Ramel, f\u00f6rhandlingsansvarig f\u00f6r Apoteksavtalet inom Almega Tj\u00e4nstef\u00f6rbunden.<\/p>\n\n\n\n<p>Apoteksf\u00f6retagen best\u00e5r av 14 medlemsf\u00f6retag med n\u00e4rmare 1 900 anst\u00e4llda.<\/p>\n\n\n\n<p><em>Almega str\u00e4var efter de b\u00e4sta f\u00f6ruts\u00e4ttningarna f\u00f6r b\u00e5de f\u00f6retagare och medarbetare. Att erbjuda attraktiva villkor \u00e4r avg\u00f6rande f\u00f6r tj\u00e4nstef\u00f6retagens framg\u00e5ng. Tillsammans skapar vi en bra arbetsmarknad: under avtalsf\u00f6rhandlingarna, men framf\u00f6rallt varje dag p\u00e5 arbetsplatserna i samtal mellan f\u00f6retagare och medarbetare. I avtalsr\u00f6relsen 2020 tecknar Almega sammanlagt 130 avtal, flest av alla arbetsgivarorganisationer.<\/em><\/p>\n","protected":false},"excerpt":{"rendered":"<p>Almega Tj\u00e4nstef\u00f6rbunden bransch Apotek har idag tillsammans med Sveriges Farmaceuter, Sveriges Ingenj\u00f6rer och Unionen tr\u00e4ffat ett nytt avtal f\u00f6r anst\u00e4llda i Apoteksf\u00f6retagen inom Almega. Det nya avtalet str\u00e4cker sig \u00f6ver 29 m\u00e5nader med en total kostnads\u00f6kningsniv\u00e5 p\u00e5 5,4 procent. Inom kostnadsramen ryms \u00e4ven pensionsavs\u00e4ttningar.<\/p>\n","protected":false},"author":3,"featured_media":32762,"comment_status":"closed","ping_status":"closed","sticky":false,"template":"","format":"standard","meta":{"_acf_changed":false,"footnotes":""},"categories":[451],"tags":[76],"article_type":[93],"agreement":[],"class_list":["post-32761","post","type-post","status-publish","format-standard","has-post-thumbnail","hentry","category-arbetsgivarfragor","tag-kollektivavtal","type-pressmeddelanden"],"acf":[],"yoast_head":"<!-- This site is optimized with the Yoast SEO Premium plugin v26.8 (Yoast SEO v26.8) - https:\/\/yoast.com\/product\/yoast-seo-premium-wordpress\/ -->\n<title>Almega Tj\u00e4nstef\u00f6rbunden tecknar nytt avtal f\u00f6r Apoteksf\u00f6retagen | Almega<\/title>\n<meta name=\"robots\" content=\"index, follow, max-snippet:-1, max-image-preview:large, max-video-preview:-1\" \/>\n<link rel=\"canonical\" href=\"https:\/\/www.almega.se\/2020\/12\/almega-tjansteforbunden-tecknar-nytt-avtal-for-apoteksforetagen\/\" \/>\n<meta property=\"og:locale\" content=\"sv_SE\" \/>\n<meta property=\"og:type\" content=\"article\" \/>\n<meta property=\"og:title\" content=\"Almega Tj\u00e4nstef\u00f6rbunden tecknar nytt avtal f\u00f6r Apoteksf\u00f6retagen\" \/>\n<meta property=\"og:description\" content=\"Almega Tj\u00e4nstef\u00f6rbunden bransch Apotek har idag tillsammans med Sveriges Farmaceuter, Sveriges Ingenj\u00f6rer och Unionen tr\u00e4ffat ett nytt avtal f\u00f6r anst\u00e4llda i Apoteksf\u00f6retagen inom Almega. Det nya avtalet str\u00e4cker sig \u00f6ver 29 m\u00e5nader med en total kostnads\u00f6kningsniv\u00e5 p\u00e5 5,4 procent. Inom kostnadsramen ryms \u00e4ven pensionsavs\u00e4ttningar.\" \/>\n<meta property=\"og:url\" content=\"https:\/\/www.almega.se\/2020\/12\/almega-tjansteforbunden-tecknar-nytt-avtal-for-apoteksforetagen\/\" \/>\n<meta property=\"og:site_name\" content=\"Almega\" \/>\n<meta property=\"article:published_time\" content=\"2020-12-07T10:40:00+00:00\" \/>\n<meta property=\"og:image\" content=\"https:\/\/www.almega.se\/app\/uploads\/2020\/12\/935d405c-9a28-41c8-9ce8-9bee411379d9.jpg\" \/>\n\t<meta property=\"og:image:width\" content=\"2013\" \/>\n\t<meta property=\"og:image:height\" content=\"2013\" \/>\n\t<meta property=\"og:image:type\" content=\"image\/jpeg\" \/>\n<meta name=\"author\" content=\"Julia Schwamberg\" \/>\n<meta name=\"twitter:card\" content=\"summary_large_image\" \/>\n<meta name=\"twitter:label1\" content=\"Skriven av\" \/>\n\t<meta name=\"twitter:data1\" content=\"Julia Schwamberg\" \/>\n\t<meta name=\"twitter:label2\" content=\"Ber\u00e4knad l\u00e4stid\" \/>\n\t<meta name=\"twitter:data2\" content=\"1 minut\" \/>\n<!-- \/ Yoast SEO Premium plugin. -->","yoast_head_json":{"title":"Almega Tj\u00e4nstef\u00f6rbunden tecknar nytt avtal f\u00f6r Apoteksf\u00f6retagen | Almega","robots":{"index":"index","follow":"follow","max-snippet":"max-snippet:-1","max-image-preview":"max-image-preview:large","max-video-preview":"max-video-preview:-1"},"canonical":"https:\/\/www.almega.se\/2020\/12\/almega-tjansteforbunden-tecknar-nytt-avtal-for-apoteksforetagen\/","og_locale":"sv_SE","og_type":"article","og_title":"Almega Tj\u00e4nstef\u00f6rbunden tecknar nytt avtal f\u00f6r Apoteksf\u00f6retagen","og_description":"Almega Tj\u00e4nstef\u00f6rbunden bransch Apotek har idag tillsammans med Sveriges Farmaceuter, Sveriges Ingenj\u00f6rer och Unionen tr\u00e4ffat ett nytt avtal f\u00f6r anst\u00e4llda i Apoteksf\u00f6retagen inom Almega. Det nya avtalet str\u00e4cker sig \u00f6ver 29 m\u00e5nader med en total kostnads\u00f6kningsniv\u00e5 p\u00e5 5,4 procent. Inom kostnadsramen ryms \u00e4ven pensionsavs\u00e4ttningar.","og_url":"https:\/\/www.almega.se\/2020\/12\/almega-tjansteforbunden-tecknar-nytt-avtal-for-apoteksforetagen\/","og_site_name":"Almega","article_published_time":"2020-12-07T10:40:00+00:00","og_image":[{"width":2013,"height":2013,"url":"https:\/\/www.almega.se\/app\/uploads\/2020\/12\/935d405c-9a28-41c8-9ce8-9bee411379d9.jpg","type":"image\/jpeg"}],"author":"Julia Schwamberg","twitter_card":"summary_large_image","twitter_misc":{"Skriven av":"Julia Schwamberg","Ber\u00e4knad l\u00e4stid":"1 minut"},"schema":{"@context":"https:\/\/schema.org","@graph":[{"@type":"NewsArticle","@id":"https:\/\/www.almega.se\/2020\/12\/almega-tjansteforbunden-tecknar-nytt-avtal-for-apoteksforetagen\/#article","isPartOf":{"@id":"https:\/\/www.almega.se\/2020\/12\/almega-tjansteforbunden-tecknar-nytt-avtal-for-apoteksforetagen\/"},"author":{"name":"Julia Schwamberg","@id":"https:\/\/www.almega.se\/#\/schema\/person\/efcc735e9c1ba0f9de79e69dc5be5f8a"},"headline":"Almega Tj\u00e4nste&shy;f\u00f6rbunden tecknar nytt avtal f\u00f6r Apoteks&shy;f\u00f6retagen","datePublished":"2020-12-07T10:40:00+00:00","mainEntityOfPage":{"@id":"https:\/\/www.almega.se\/2020\/12\/almega-tjansteforbunden-tecknar-nytt-avtal-for-apoteksforetagen\/"},"wordCount":132,"image":{"@id":"https:\/\/www.almega.se\/2020\/12\/almega-tjansteforbunden-tecknar-nytt-avtal-for-apoteksforetagen\/#primaryimage"},"thumbnailUrl":"https:\/\/www.almega.se\/app\/uploads\/2020\/12\/935d405c-9a28-41c8-9ce8-9bee411379d9.jpg","keywords":["Kollektivavtal"],"articleSection":["Arbetsgivarfr\u00e5gor"],"inLanguage":"sv-SE"},{"@type":"WebPage","@id":"https:\/\/www.almega.se\/2020\/12\/almega-tjansteforbunden-tecknar-nytt-avtal-for-apoteksforetagen\/","url":"https:\/\/www.almega.se\/2020\/12\/almega-tjansteforbunden-tecknar-nytt-avtal-for-apoteksforetagen\/","name":"Almega Tj\u00e4nstef\u00f6rbunden tecknar nytt avtal f\u00f6r Apoteksf\u00f6retagen | Almega","isPartOf":{"@id":"https:\/\/www.almega.se\/#website"},"primaryImageOfPage":{"@id":"https:\/\/www.almega.se\/2020\/12\/almega-tjansteforbunden-tecknar-nytt-avtal-for-apoteksforetagen\/#primaryimage"},"image":{"@id":"https:\/\/www.almega.se\/2020\/12\/almega-tjansteforbunden-tecknar-nytt-avtal-for-apoteksforetagen\/#primaryimage"},"thumbnailUrl":"https:\/\/www.almega.se\/app\/uploads\/2020\/12\/935d405c-9a28-41c8-9ce8-9bee411379d9.jpg","datePublished":"2020-12-07T10:40:00+00:00","author":{"@id":"https:\/\/www.almega.se\/#\/schema\/person\/efcc735e9c1ba0f9de79e69dc5be5f8a"},"breadcrumb":{"@id":"https:\/\/www.almega.se\/2020\/12\/almega-tjansteforbunden-tecknar-nytt-avtal-for-apoteksforetagen\/#breadcrumb"},"inLanguage":"sv-SE","potentialAction":[{"@type":"ReadAction","target":["https:\/\/www.almega.se\/2020\/12\/almega-tjansteforbunden-tecknar-nytt-avtal-for-apoteksforetagen\/"]}]},{"@type":"ImageObject","inLanguage":"sv-SE","@id":"https:\/\/www.almega.se\/2020\/12\/almega-tjansteforbunden-tecknar-nytt-avtal-for-apoteksforetagen\/#primaryimage","url":"https:\/\/www.almega.se\/app\/uploads\/2020\/12\/935d405c-9a28-41c8-9ce8-9bee411379d9.jpg","contentUrl":"https:\/\/www.almega.se\/app\/uploads\/2020\/12\/935d405c-9a28-41c8-9ce8-9bee411379d9.jpg","width":2013,"height":2013,"caption":"\u00c5sa Ramel, f\u00f6rhandlingsansvarig f\u00f6r Apoteksavtalet inom Almega Tj\u00e4nstef\u00f6rbunden"},{"@type":"BreadcrumbList","@id":"https:\/\/www.almega.se\/2020\/12\/almega-tjansteforbunden-tecknar-nytt-avtal-for-apoteksforetagen\/#breadcrumb","itemListElement":[{"@type":"ListItem","position":1,"name":"Home","item":"https:\/\/www.almega.se\/"},{"@type":"ListItem","position":2,"name":"Almega Tj\u00e4nste&shy;f\u00f6rbunden tecknar nytt avtal f\u00f6r Apoteks&shy;f\u00f6retagen"}]},{"@type":"WebSite","@id":"https:\/\/www.almega.se\/#website","url":"https:\/\/www.almega.se\/","name":"Almega","description":"","potentialAction":[{"@type":"SearchAction","target":{"@type":"EntryPoint","urlTemplate":"https:\/\/www.almega.se\/?s={search_term_string}"},"query-input":{"@type":"PropertyValueSpecification","valueRequired":true,"valueName":"search_term_string"}}],"inLanguage":"sv-SE"},{"@type":"Person","@id":"https:\/\/www.almega.se\/#\/schema\/person\/efcc735e9c1ba0f9de79e69dc5be5f8a","name":"Julia Schwamberg","image":{"@type":"ImageObject","inLanguage":"sv-SE","@id":"https:\/\/www.almega.se\/#\/schema\/person\/image\/","url":"https:\/\/secure.gravatar.com\/avatar\/60ee7d8b8e9aa9b036f4768c0d2e868d8f080bcf68689c0f64ab3b87b1c2f78b?s=96&d=mm&r=g","contentUrl":"https:\/\/secure.gravatar.com\/avatar\/60ee7d8b8e9aa9b036f4768c0d2e868d8f080bcf68689c0f64ab3b87b1c2f78b?s=96&d=mm&r=g","caption":"Julia Schwamberg"},"url":"https:\/\/www.almega.se\/person\/juliaschwamberg\/"}]}},"_links":{"self":[{"href":"https:\/\/www.almega.se\/api\/wp\/v2\/posts\/32761","targetHints":{"allow":["GET"]}}],"collection":[{"href":"https:\/\/www.almega.se\/api\/wp\/v2\/posts"}],"about":[{"href":"https:\/\/www.almega.se\/api\/wp\/v2\/types\/post"}],"author":[{"embeddable":true,"href":"https:\/\/www.almega.se\/api\/wp\/v2\/users\/3"}],"replies":[{"embeddable":true,"href":"https:\/\/www.almega.se\/api\/wp\/v2\/comments?post=32761"}],"version-history":[{"count":3,"href":"https:\/\/www.almega.se\/api\/wp\/v2\/posts\/32761\/revisions"}],"predecessor-version":[{"id":54069,"href":"https:\/\/www.almega.se\/api\/wp\/v2\/posts\/32761\/revisions\/54069"}],"wp:featuredmedia":[{"embeddable":true,"href":"https:\/\/www.almega.se\/api\/wp\/v2\/media\/32762"}],"wp:attachment":[{"href":"https:\/\/www.almega.se\/api\/wp\/v2\/media?parent=32761"}],"wp:term":[{"taxonomy":"category","embeddable":true,"href":"https:\/\/www.almega.se\/api\/wp\/v2\/categories?post=32761"},{"taxonomy":"post_tag","embeddable":true,"href":"https:\/\/www.almega.se\/api\/wp\/v2\/tags?post=32761"},{"taxonomy":"type","embeddable":true,"href":"https:\/\/www.almega.se\/api\/wp\/v2\/article_type?post=32761"},{"taxonomy":"agreement","embeddable":true,"href":"https:\/\/www.almega.se\/api\/wp\/v2\/agreement?post=32761"}],"curies":[{"name":"wp","href":"https:\/\/api.w.org\/{rel}","templated":true}]}}