{"id":32478,"date":"2020-12-01T14:57:53","date_gmt":"2020-12-01T13:57:53","guid":{"rendered":"https:\/\/www.almega.se\/2020\/12\/nytt-kollektivavtal-for-grafiker\/"},"modified":"2020-12-01T14:57:53","modified_gmt":"2020-12-01T13:57:53","slug":"nytt-kollektivavtal-for-grafiker","status":"publish","type":"post","link":"https:\/\/www.almega.se\/2020\/12\/nytt-kollektivavtal-for-grafiker\/","title":{"rendered":"Nytt kollektivavtal f\u00f6r grafiker"},"content":{"rendered":"<p class=\"intro\">Medief\u00f6retagen inom Almega har idag tillsammans med GS-facket f\u00f6r skogs-, tr\u00e4- och grafisk bransch tr\u00e4ffat ett nytt tidningsavtal f\u00f6r grafiker. Det nya avtalet str\u00e4cker sig \u00f6ver 29 m\u00e5nader med en total kostnads\u00f6kningsniv\u00e5 p\u00e5 5,4 procent. Inom kostnadsramen ryms \u00e4ven pensionsavs\u00e4ttningar.<\/p>\n\n<p>\u2013 F\u00f6rhandlingarna kring det nya tidningsavtalet f\u00f6r grafiker har genomg\u00e5ende varit konstruktiva och det har funnits en gemensam vilja att \u00e5stadkomma bra villkor f\u00f6r s\u00e5v\u00e4l medarbetare som f\u00f6retag, s\u00e4ger Maria Gill, f\u00f6rhandlingsansvarig f\u00f6r Tidningsavtalet p\u00e5 Medief\u00f6retagen.<\/p>\n\n\n\n<p>\u2013 Samtliga delar i avtalet ryms inom de ramar som arbetsmarknadens parter best\u00e4mt tillsammans i det s\u00e5 kallade m\u00e4rket vilket borgar f\u00f6r stabilitet, s\u00e4ger Maria Gill.<\/p>\n\n\n\n<p>Medief\u00f6retagen har totalt omkring 600 medlemsf\u00f6retag med n\u00e4rmare 36 000 anst\u00e4llda inom branscher s\u00e5som dagstidningar, tidskrifter, bokf\u00f6rlag, radio- och TV-f\u00f6retag, biografer och filmdistribut\u00f6rer, tryckerier, kommunikationsbyr\u00e5er, tidningsdistribut\u00f6rer, filmproducenter, skivbolag och dataspelsf\u00f6retag.<\/p>\n\n\n\n<p><em>Almega str\u00e4var efter de b\u00e4sta f\u00f6ruts\u00e4ttningarna f\u00f6r b\u00e5de f\u00f6retagare och medarbetare. Att erbjuda attraktiva villkor \u00e4r avg\u00f6rande f\u00f6r tj\u00e4nstef\u00f6retagens framg\u00e5ng. Tillsammans skapar vi en bra arbetsmarknad: under avtalsf\u00f6rhandlingarna, men framf\u00f6rallt varje dag p\u00e5 arbetsplatserna i samtal mellan f\u00f6retagare och medarbetare. I avtalsr\u00f6relsen 2020 tecknar Almega sammanlagt 130 avtal, flest av alla arbetsgivarorganisatione<\/em>r.<\/p>\n","protected":false},"excerpt":{"rendered":"<p>Medief\u00f6retagen inom Almega har idag tillsammans med GS-facket f\u00f6r skogs-, tr\u00e4- och grafisk bransch tr\u00e4ffat ett nytt tidningsavtal f\u00f6r grafiker. Det nya avtalet str\u00e4cker sig \u00f6ver 29 m\u00e5nader med en total kostnads\u00f6kningsniv\u00e5 p\u00e5 5,4 procent. Inom kostnadsramen ryms \u00e4ven pensionsavs\u00e4ttningar.<\/p>\n","protected":false},"author":3,"featured_media":32479,"comment_status":"closed","ping_status":"closed","sticky":false,"template":"","format":"standard","meta":{"_acf_changed":false,"footnotes":""},"categories":[451],"tags":[76],"article_type":[93],"agreement":[],"class_list":["post-32478","post","type-post","status-publish","format-standard","has-post-thumbnail","hentry","category-arbetsgivarfragor","tag-kollektivavtal","type-pressmeddelanden"],"acf":[],"yoast_head":"<!-- This site is optimized with the Yoast SEO Premium plugin v26.8 (Yoast SEO v26.8) - https:\/\/yoast.com\/product\/yoast-seo-premium-wordpress\/ -->\n<title>Nytt kollektivavtal f\u00f6r grafiker | Almega<\/title>\n<meta name=\"robots\" content=\"index, follow, max-snippet:-1, max-image-preview:large, max-video-preview:-1\" \/>\n<link rel=\"canonical\" href=\"https:\/\/www.almega.se\/2020\/12\/nytt-kollektivavtal-for-grafiker\/\" \/>\n<meta property=\"og:locale\" content=\"sv_SE\" \/>\n<meta property=\"og:type\" content=\"article\" \/>\n<meta property=\"og:title\" content=\"Nytt kollektivavtal f\u00f6r grafiker\" \/>\n<meta property=\"og:description\" content=\"Medief\u00f6retagen inom Almega har idag tillsammans med GS-facket f\u00f6r skogs-, tr\u00e4- och grafisk bransch tr\u00e4ffat ett nytt tidningsavtal f\u00f6r grafiker. Det nya avtalet str\u00e4cker sig \u00f6ver 29 m\u00e5nader med en total kostnads\u00f6kningsniv\u00e5 p\u00e5 5,4 procent. Inom kostnadsramen ryms \u00e4ven pensionsavs\u00e4ttningar.\" \/>\n<meta property=\"og:url\" content=\"https:\/\/www.almega.se\/2020\/12\/nytt-kollektivavtal-for-grafiker\/\" \/>\n<meta property=\"og:site_name\" content=\"Almega\" \/>\n<meta property=\"article:published_time\" content=\"2020-12-01T13:57:53+00:00\" \/>\n<meta property=\"og:image\" content=\"https:\/\/www.almega.se\/app\/uploads\/2020\/12\/43ebc1e0-c970-45da-847f-d145340e1416.jpg\" \/>\n\t<meta property=\"og:image:width\" content=\"1500\" \/>\n\t<meta property=\"og:image:height\" content=\"1000\" \/>\n\t<meta property=\"og:image:type\" content=\"image\/jpeg\" \/>\n<meta name=\"author\" content=\"Julia Schwamberg\" \/>\n<meta name=\"twitter:card\" content=\"summary_large_image\" \/>\n<meta name=\"twitter:label1\" content=\"Skriven av\" \/>\n\t<meta name=\"twitter:data1\" content=\"Julia Schwamberg\" \/>\n\t<meta name=\"twitter:label2\" content=\"Ber\u00e4knad l\u00e4stid\" \/>\n\t<meta name=\"twitter:data2\" content=\"1 minut\" \/>\n<!-- \/ Yoast SEO Premium plugin. -->","yoast_head_json":{"title":"Nytt kollektivavtal f\u00f6r grafiker | Almega","robots":{"index":"index","follow":"follow","max-snippet":"max-snippet:-1","max-image-preview":"max-image-preview:large","max-video-preview":"max-video-preview:-1"},"canonical":"https:\/\/www.almega.se\/2020\/12\/nytt-kollektivavtal-for-grafiker\/","og_locale":"sv_SE","og_type":"article","og_title":"Nytt kollektivavtal f\u00f6r grafiker","og_description":"Medief\u00f6retagen inom Almega har idag tillsammans med GS-facket f\u00f6r skogs-, tr\u00e4- och grafisk bransch tr\u00e4ffat ett nytt tidningsavtal f\u00f6r grafiker. Det nya avtalet str\u00e4cker sig \u00f6ver 29 m\u00e5nader med en total kostnads\u00f6kningsniv\u00e5 p\u00e5 5,4 procent. Inom kostnadsramen ryms \u00e4ven pensionsavs\u00e4ttningar.","og_url":"https:\/\/www.almega.se\/2020\/12\/nytt-kollektivavtal-for-grafiker\/","og_site_name":"Almega","article_published_time":"2020-12-01T13:57:53+00:00","og_image":[{"width":1500,"height":1000,"url":"https:\/\/www.almega.se\/app\/uploads\/2020\/12\/43ebc1e0-c970-45da-847f-d145340e1416.jpg","type":"image\/jpeg"}],"author":"Julia Schwamberg","twitter_card":"summary_large_image","twitter_misc":{"Skriven av":"Julia Schwamberg","Ber\u00e4knad l\u00e4stid":"1 minut"},"schema":{"@context":"https:\/\/schema.org","@graph":[{"@type":"NewsArticle","@id":"https:\/\/www.almega.se\/2020\/12\/nytt-kollektivavtal-for-grafiker\/#article","isPartOf":{"@id":"https:\/\/www.almega.se\/2020\/12\/nytt-kollektivavtal-for-grafiker\/"},"author":{"name":"Julia Schwamberg","@id":"https:\/\/www.almega.se\/#\/schema\/person\/efcc735e9c1ba0f9de79e69dc5be5f8a"},"headline":"Nytt kollektivavtal f\u00f6r grafiker","datePublished":"2020-12-01T13:57:53+00:00","mainEntityOfPage":{"@id":"https:\/\/www.almega.se\/2020\/12\/nytt-kollektivavtal-for-grafiker\/"},"wordCount":184,"image":{"@id":"https:\/\/www.almega.se\/2020\/12\/nytt-kollektivavtal-for-grafiker\/#primaryimage"},"thumbnailUrl":"https:\/\/www.almega.se\/app\/uploads\/2020\/12\/43ebc1e0-c970-45da-847f-d145340e1416.jpg","keywords":["Kollektivavtal"],"articleSection":["Arbetsgivarfr\u00e5gor"],"inLanguage":"sv-SE"},{"@type":"WebPage","@id":"https:\/\/www.almega.se\/2020\/12\/nytt-kollektivavtal-for-grafiker\/","url":"https:\/\/www.almega.se\/2020\/12\/nytt-kollektivavtal-for-grafiker\/","name":"Nytt kollektivavtal f\u00f6r grafiker | Almega","isPartOf":{"@id":"https:\/\/www.almega.se\/#website"},"primaryImageOfPage":{"@id":"https:\/\/www.almega.se\/2020\/12\/nytt-kollektivavtal-for-grafiker\/#primaryimage"},"image":{"@id":"https:\/\/www.almega.se\/2020\/12\/nytt-kollektivavtal-for-grafiker\/#primaryimage"},"thumbnailUrl":"https:\/\/www.almega.se\/app\/uploads\/2020\/12\/43ebc1e0-c970-45da-847f-d145340e1416.jpg","datePublished":"2020-12-01T13:57:53+00:00","author":{"@id":"https:\/\/www.almega.se\/#\/schema\/person\/efcc735e9c1ba0f9de79e69dc5be5f8a"},"breadcrumb":{"@id":"https:\/\/www.almega.se\/2020\/12\/nytt-kollektivavtal-for-grafiker\/#breadcrumb"},"inLanguage":"sv-SE","potentialAction":[{"@type":"ReadAction","target":["https:\/\/www.almega.se\/2020\/12\/nytt-kollektivavtal-for-grafiker\/"]}]},{"@type":"ImageObject","inLanguage":"sv-SE","@id":"https:\/\/www.almega.se\/2020\/12\/nytt-kollektivavtal-for-grafiker\/#primaryimage","url":"https:\/\/www.almega.se\/app\/uploads\/2020\/12\/43ebc1e0-c970-45da-847f-d145340e1416.jpg","contentUrl":"https:\/\/www.almega.se\/app\/uploads\/2020\/12\/43ebc1e0-c970-45da-847f-d145340e1416.jpg","width":1500,"height":1000,"caption":"Maria Gill, f\u00f6rhandlingsansvarig f\u00f6r Tidningsavtalet p\u00e5 Medief\u00f6retagen."},{"@type":"BreadcrumbList","@id":"https:\/\/www.almega.se\/2020\/12\/nytt-kollektivavtal-for-grafiker\/#breadcrumb","itemListElement":[{"@type":"ListItem","position":1,"name":"Home","item":"https:\/\/www.almega.se\/"},{"@type":"ListItem","position":2,"name":"Nytt kollektivavtal f\u00f6r grafiker"}]},{"@type":"WebSite","@id":"https:\/\/www.almega.se\/#website","url":"https:\/\/www.almega.se\/","name":"Almega","description":"","potentialAction":[{"@type":"SearchAction","target":{"@type":"EntryPoint","urlTemplate":"https:\/\/www.almega.se\/?s={search_term_string}"},"query-input":{"@type":"PropertyValueSpecification","valueRequired":true,"valueName":"search_term_string"}}],"inLanguage":"sv-SE"},{"@type":"Person","@id":"https:\/\/www.almega.se\/#\/schema\/person\/efcc735e9c1ba0f9de79e69dc5be5f8a","name":"Julia Schwamberg","image":{"@type":"ImageObject","inLanguage":"sv-SE","@id":"https:\/\/www.almega.se\/#\/schema\/person\/image\/","url":"https:\/\/secure.gravatar.com\/avatar\/60ee7d8b8e9aa9b036f4768c0d2e868d8f080bcf68689c0f64ab3b87b1c2f78b?s=96&d=mm&r=g","contentUrl":"https:\/\/secure.gravatar.com\/avatar\/60ee7d8b8e9aa9b036f4768c0d2e868d8f080bcf68689c0f64ab3b87b1c2f78b?s=96&d=mm&r=g","caption":"Julia Schwamberg"},"url":"https:\/\/www.almega.se\/person\/juliaschwamberg\/"}]}},"_links":{"self":[{"href":"https:\/\/www.almega.se\/api\/wp\/v2\/posts\/32478","targetHints":{"allow":["GET"]}}],"collection":[{"href":"https:\/\/www.almega.se\/api\/wp\/v2\/posts"}],"about":[{"href":"https:\/\/www.almega.se\/api\/wp\/v2\/types\/post"}],"author":[{"embeddable":true,"href":"https:\/\/www.almega.se\/api\/wp\/v2\/users\/3"}],"replies":[{"embeddable":true,"href":"https:\/\/www.almega.se\/api\/wp\/v2\/comments?post=32478"}],"version-history":[{"count":2,"href":"https:\/\/www.almega.se\/api\/wp\/v2\/posts\/32478\/revisions"}],"predecessor-version":[{"id":54044,"href":"https:\/\/www.almega.se\/api\/wp\/v2\/posts\/32478\/revisions\/54044"}],"wp:featuredmedia":[{"embeddable":true,"href":"https:\/\/www.almega.se\/api\/wp\/v2\/media\/32479"}],"wp:attachment":[{"href":"https:\/\/www.almega.se\/api\/wp\/v2\/media?parent=32478"}],"wp:term":[{"taxonomy":"category","embeddable":true,"href":"https:\/\/www.almega.se\/api\/wp\/v2\/categories?post=32478"},{"taxonomy":"post_tag","embeddable":true,"href":"https:\/\/www.almega.se\/api\/wp\/v2\/tags?post=32478"},{"taxonomy":"type","embeddable":true,"href":"https:\/\/www.almega.se\/api\/wp\/v2\/article_type?post=32478"},{"taxonomy":"agreement","embeddable":true,"href":"https:\/\/www.almega.se\/api\/wp\/v2\/agreement?post=32478"}],"curies":[{"name":"wp","href":"https:\/\/api.w.org\/{rel}","templated":true}]}}