{"id":32458,"date":"2020-11-30T16:04:56","date_gmt":"2020-11-30T15:04:56","guid":{"rendered":"https:\/\/www.almega.se\/2020\/11\/nya-kollektivavtal-tecknade-for-tjansteman-i-it-foretag\/"},"modified":"2020-11-30T16:04:56","modified_gmt":"2020-11-30T15:04:56","slug":"nya-kollektivavtal-tecknade-for-tjansteman-i-it-foretag","status":"publish","type":"post","link":"https:\/\/www.almega.se\/2020\/11\/nya-kollektivavtal-tecknade-for-tjansteman-i-it-foretag\/","title":{"rendered":"Nya kollektivavtal tecknade f\u00f6r tj\u00e4nstem\u00e4n i IT-f\u00f6retag"},"content":{"rendered":"<p class=\"intro\">IT&amp;Telekomf\u00f6retagen inom Almega har idag m\u00e5ndag tecknat nya kollektivavtal f\u00f6r IT-f\u00f6retag med samtliga motparter (Unionen, Sveriges Ingenj\u00f6rer och Akavia). De nya avtalen g\u00e4ller tj\u00e4nstem\u00e4n inom IT-f\u00f6retag och str\u00e4cker sig \u00f6ver 29 m\u00e5nader. Den totala kostnadsramen om 5,4 procent omfattar b\u00e5de l\u00f6ne\u00f6kningar och \u00f6kade pensionsavs\u00e4ttningar.<\/p>\n\n<p>\u2013 Vi har i konstruktiva f\u00f6rhandlingar haft m\u00e5ls\u00e4ttningen att i komma i m\u00e5l i samf\u00f6rst\u00e5nd. Vi har landat p\u00e5 ett avtal som ligger inom de ramar arbetsmarknadens parter \u00e4r \u00f6verens om vilket \u00e4r gl\u00e4djande, s\u00e4ger Johan Mann, f\u00f6rhandlingschef f\u00f6r IT&amp;Telekomf\u00f6retagen inom Almega.<\/p>\n\n\n\n<p>Avtalen str\u00e4cker sig \u00f6ver 29 m\u00e5nader och g\u00e4ller fr\u00e5n och med 1 november 2020 t o m 31 mars 2023. Vidare inneb\u00e4r avtalen l\u00f6ne\u00f6kningar med 2,9% fr\u00e5n den 1 november 2020 och 1,8 % fr\u00e5n den 1 april 2022. \u00d6kade avs\u00e4ttningar till Flexpension sker d\u00e4rut\u00f6ver med 0,3 % 1 november 2020 och 0,4 % 1 april 2022.<\/p>\n\n\n\n<p>\u2013 Det \u00e4r mycket gl\u00e4djande att vi nu kommit \u00f6verens om kollektivavtal som str\u00e4cker sig \u00f6ver flera \u00e5r. Det skapar l\u00e5ngsiktighet, vilket \u00e4r en viktig f\u00f6ruts\u00e4ttning f\u00f6r att v\u00e5ra medlemsf\u00f6retag ska kunna forts\u00e4tta vara konkurrenskraftiga i den snabba f\u00f6r\u00e4ndring som arbetsmarknaden befinner sig i, s\u00e4ger \u00c5sa Zetterberg, f\u00f6rbundsdirekt\u00f6r p\u00e5 IT&amp;Telekomf\u00f6retagen inom Almega.<\/p>\n\n\n\n<p>Totalt omfattar avtalen ca 50 000 medarbetare inom IT-f\u00f6retag.<\/p>\n\n\n\n<p><em>Almega str\u00e4var efter de b\u00e4sta f\u00f6ruts\u00e4ttningarna f\u00f6r b\u00e5de f\u00f6retagare och medarbetare. Att erbjuda attraktiva villkor \u00e4r avg\u00f6rande f\u00f6r tj\u00e4nstef\u00f6retagens framg\u00e5ng. Tillsammans skapar vi en bra arbetsmarknad: under avtalsf\u00f6rhandlingarna, men framf\u00f6rallt varje dag p\u00e5 arbetsplatserna i samtal mellan f\u00f6retagare och medarbetare. I avtalsr\u00f6relsen 2020 tecknar Almega sammanlagt 130 avtal, flest av alla arbetsgivarorganisationer.<\/em><\/p>\n","protected":false},"excerpt":{"rendered":"<p>IT&amp;Telekomf\u00f6retagen inom Almega har idag m\u00e5ndag tecknat nya kollektivavtal f\u00f6r IT-f\u00f6retag med samtliga motparter (Unionen, Sveriges Ingenj\u00f6rer och Akavia). De nya avtalen g\u00e4ller tj\u00e4nstem\u00e4n inom IT-f\u00f6retag och str\u00e4cker sig \u00f6ver 29 m\u00e5nader. Den totala kostnadsramen om 5,4 procent omfattar b\u00e5de l\u00f6ne\u00f6kningar och \u00f6kade pensionsavs\u00e4ttningar.<\/p>\n","protected":false},"author":3,"featured_media":32459,"comment_status":"closed","ping_status":"closed","sticky":false,"template":"","format":"standard","meta":{"_acf_changed":false,"footnotes":""},"categories":[451],"tags":[76],"article_type":[93],"agreement":[],"class_list":["post-32458","post","type-post","status-publish","format-standard","has-post-thumbnail","hentry","category-arbetsgivarfragor","tag-kollektivavtal","type-pressmeddelanden"],"acf":[],"yoast_head":"<!-- This site is optimized with the Yoast SEO Premium plugin v26.8 (Yoast SEO v26.8) - https:\/\/yoast.com\/product\/yoast-seo-premium-wordpress\/ -->\n<title>Nya kollektivavtal tecknade f\u00f6r tj\u00e4nstem\u00e4n i IT-f\u00f6retag | Almega<\/title>\n<meta name=\"robots\" content=\"index, follow, max-snippet:-1, max-image-preview:large, max-video-preview:-1\" \/>\n<link rel=\"canonical\" href=\"https:\/\/www.almega.se\/2020\/11\/nya-kollektivavtal-tecknade-for-tjansteman-i-it-foretag\/\" \/>\n<meta property=\"og:locale\" content=\"sv_SE\" \/>\n<meta property=\"og:type\" content=\"article\" \/>\n<meta property=\"og:title\" content=\"Nya kollektivavtal tecknade f\u00f6r tj\u00e4nstem\u00e4n i IT-f\u00f6retag\" \/>\n<meta property=\"og:description\" content=\"IT&amp;Telekomf\u00f6retagen inom Almega har idag m\u00e5ndag tecknat nya kollektivavtal f\u00f6r IT-f\u00f6retag med samtliga motparter (Unionen, Sveriges Ingenj\u00f6rer och Akavia). De nya avtalen g\u00e4ller tj\u00e4nstem\u00e4n inom IT-f\u00f6retag och str\u00e4cker sig \u00f6ver 29 m\u00e5nader. Den totala kostnadsramen om 5,4 procent omfattar b\u00e5de l\u00f6ne\u00f6kningar och \u00f6kade pensionsavs\u00e4ttningar.\" \/>\n<meta property=\"og:url\" content=\"https:\/\/www.almega.se\/2020\/11\/nya-kollektivavtal-tecknade-for-tjansteman-i-it-foretag\/\" \/>\n<meta property=\"og:site_name\" content=\"Almega\" \/>\n<meta property=\"article:published_time\" content=\"2020-11-30T15:04:56+00:00\" \/>\n<meta property=\"og:image\" content=\"https:\/\/www.almega.se\/app\/uploads\/2020\/11\/5d8f5427-73a9-4871-ad08-9ae74736b530-scaled.jpg\" \/>\n\t<meta property=\"og:image:width\" content=\"2560\" \/>\n\t<meta property=\"og:image:height\" content=\"1707\" \/>\n\t<meta property=\"og:image:type\" content=\"image\/jpeg\" \/>\n<meta name=\"author\" content=\"Julia Schwamberg\" \/>\n<meta name=\"twitter:card\" content=\"summary_large_image\" \/>\n<meta name=\"twitter:label1\" content=\"Skriven av\" \/>\n\t<meta name=\"twitter:data1\" content=\"Julia Schwamberg\" \/>\n\t<meta name=\"twitter:label2\" content=\"Ber\u00e4knad l\u00e4stid\" \/>\n\t<meta name=\"twitter:data2\" content=\"2 minuter\" \/>\n<!-- \/ Yoast SEO Premium plugin. -->","yoast_head_json":{"title":"Nya kollektivavtal tecknade f\u00f6r tj\u00e4nstem\u00e4n i IT-f\u00f6retag | Almega","robots":{"index":"index","follow":"follow","max-snippet":"max-snippet:-1","max-image-preview":"max-image-preview:large","max-video-preview":"max-video-preview:-1"},"canonical":"https:\/\/www.almega.se\/2020\/11\/nya-kollektivavtal-tecknade-for-tjansteman-i-it-foretag\/","og_locale":"sv_SE","og_type":"article","og_title":"Nya kollektivavtal tecknade f\u00f6r tj\u00e4nstem\u00e4n i IT-f\u00f6retag","og_description":"IT&amp;Telekomf\u00f6retagen inom Almega har idag m\u00e5ndag tecknat nya kollektivavtal f\u00f6r IT-f\u00f6retag med samtliga motparter (Unionen, Sveriges Ingenj\u00f6rer och Akavia). De nya avtalen g\u00e4ller tj\u00e4nstem\u00e4n inom IT-f\u00f6retag och str\u00e4cker sig \u00f6ver 29 m\u00e5nader. Den totala kostnadsramen om 5,4 procent omfattar b\u00e5de l\u00f6ne\u00f6kningar och \u00f6kade pensionsavs\u00e4ttningar.","og_url":"https:\/\/www.almega.se\/2020\/11\/nya-kollektivavtal-tecknade-for-tjansteman-i-it-foretag\/","og_site_name":"Almega","article_published_time":"2020-11-30T15:04:56+00:00","og_image":[{"width":2560,"height":1707,"url":"https:\/\/www.almega.se\/app\/uploads\/2020\/11\/5d8f5427-73a9-4871-ad08-9ae74736b530-scaled.jpg","type":"image\/jpeg"}],"author":"Julia Schwamberg","twitter_card":"summary_large_image","twitter_misc":{"Skriven av":"Julia Schwamberg","Ber\u00e4knad l\u00e4stid":"2 minuter"},"schema":{"@context":"https:\/\/schema.org","@graph":[{"@type":"NewsArticle","@id":"https:\/\/www.almega.se\/2020\/11\/nya-kollektivavtal-tecknade-for-tjansteman-i-it-foretag\/#article","isPartOf":{"@id":"https:\/\/www.almega.se\/2020\/11\/nya-kollektivavtal-tecknade-for-tjansteman-i-it-foretag\/"},"author":{"name":"Julia Schwamberg","@id":"https:\/\/www.almega.se\/#\/schema\/person\/efcc735e9c1ba0f9de79e69dc5be5f8a"},"headline":"Nya kollektivavtal tecknade f\u00f6r tj\u00e4nstem\u00e4n i IT-f\u00f6retag","datePublished":"2020-11-30T15:04:56+00:00","mainEntityOfPage":{"@id":"https:\/\/www.almega.se\/2020\/11\/nya-kollektivavtal-tecknade-for-tjansteman-i-it-foretag\/"},"wordCount":256,"image":{"@id":"https:\/\/www.almega.se\/2020\/11\/nya-kollektivavtal-tecknade-for-tjansteman-i-it-foretag\/#primaryimage"},"thumbnailUrl":"https:\/\/www.almega.se\/app\/uploads\/2020\/11\/5d8f5427-73a9-4871-ad08-9ae74736b530-scaled.jpg","keywords":["Kollektivavtal"],"articleSection":["Arbetsgivarfr\u00e5gor"],"inLanguage":"sv-SE"},{"@type":"WebPage","@id":"https:\/\/www.almega.se\/2020\/11\/nya-kollektivavtal-tecknade-for-tjansteman-i-it-foretag\/","url":"https:\/\/www.almega.se\/2020\/11\/nya-kollektivavtal-tecknade-for-tjansteman-i-it-foretag\/","name":"Nya kollektivavtal tecknade f\u00f6r tj\u00e4nstem\u00e4n i IT-f\u00f6retag | Almega","isPartOf":{"@id":"https:\/\/www.almega.se\/#website"},"primaryImageOfPage":{"@id":"https:\/\/www.almega.se\/2020\/11\/nya-kollektivavtal-tecknade-for-tjansteman-i-it-foretag\/#primaryimage"},"image":{"@id":"https:\/\/www.almega.se\/2020\/11\/nya-kollektivavtal-tecknade-for-tjansteman-i-it-foretag\/#primaryimage"},"thumbnailUrl":"https:\/\/www.almega.se\/app\/uploads\/2020\/11\/5d8f5427-73a9-4871-ad08-9ae74736b530-scaled.jpg","datePublished":"2020-11-30T15:04:56+00:00","author":{"@id":"https:\/\/www.almega.se\/#\/schema\/person\/efcc735e9c1ba0f9de79e69dc5be5f8a"},"breadcrumb":{"@id":"https:\/\/www.almega.se\/2020\/11\/nya-kollektivavtal-tecknade-for-tjansteman-i-it-foretag\/#breadcrumb"},"inLanguage":"sv-SE","potentialAction":[{"@type":"ReadAction","target":["https:\/\/www.almega.se\/2020\/11\/nya-kollektivavtal-tecknade-for-tjansteman-i-it-foretag\/"]}]},{"@type":"ImageObject","inLanguage":"sv-SE","@id":"https:\/\/www.almega.se\/2020\/11\/nya-kollektivavtal-tecknade-for-tjansteman-i-it-foretag\/#primaryimage","url":"https:\/\/www.almega.se\/app\/uploads\/2020\/11\/5d8f5427-73a9-4871-ad08-9ae74736b530-scaled.jpg","contentUrl":"https:\/\/www.almega.se\/app\/uploads\/2020\/11\/5d8f5427-73a9-4871-ad08-9ae74736b530-scaled.jpg","width":2560,"height":1707,"caption":"\u00c5sa Zetterberg, f\u00f6rbundsdirekt\u00f6r p\u00e5 IT&Telekomf\u00f6retagen inom Almega"},{"@type":"BreadcrumbList","@id":"https:\/\/www.almega.se\/2020\/11\/nya-kollektivavtal-tecknade-for-tjansteman-i-it-foretag\/#breadcrumb","itemListElement":[{"@type":"ListItem","position":1,"name":"Home","item":"https:\/\/www.almega.se\/"},{"@type":"ListItem","position":2,"name":"Nya kollektivavtal tecknade f\u00f6r tj\u00e4nstem\u00e4n i IT-f\u00f6retag"}]},{"@type":"WebSite","@id":"https:\/\/www.almega.se\/#website","url":"https:\/\/www.almega.se\/","name":"Almega","description":"","potentialAction":[{"@type":"SearchAction","target":{"@type":"EntryPoint","urlTemplate":"https:\/\/www.almega.se\/?s={search_term_string}"},"query-input":{"@type":"PropertyValueSpecification","valueRequired":true,"valueName":"search_term_string"}}],"inLanguage":"sv-SE"},{"@type":"Person","@id":"https:\/\/www.almega.se\/#\/schema\/person\/efcc735e9c1ba0f9de79e69dc5be5f8a","name":"Julia Schwamberg","image":{"@type":"ImageObject","inLanguage":"sv-SE","@id":"https:\/\/www.almega.se\/#\/schema\/person\/image\/","url":"https:\/\/secure.gravatar.com\/avatar\/60ee7d8b8e9aa9b036f4768c0d2e868d8f080bcf68689c0f64ab3b87b1c2f78b?s=96&d=mm&r=g","contentUrl":"https:\/\/secure.gravatar.com\/avatar\/60ee7d8b8e9aa9b036f4768c0d2e868d8f080bcf68689c0f64ab3b87b1c2f78b?s=96&d=mm&r=g","caption":"Julia Schwamberg"},"url":"https:\/\/www.almega.se\/person\/juliaschwamberg\/"}]}},"_links":{"self":[{"href":"https:\/\/www.almega.se\/api\/wp\/v2\/posts\/32458","targetHints":{"allow":["GET"]}}],"collection":[{"href":"https:\/\/www.almega.se\/api\/wp\/v2\/posts"}],"about":[{"href":"https:\/\/www.almega.se\/api\/wp\/v2\/types\/post"}],"author":[{"embeddable":true,"href":"https:\/\/www.almega.se\/api\/wp\/v2\/users\/3"}],"replies":[{"embeddable":true,"href":"https:\/\/www.almega.se\/api\/wp\/v2\/comments?post=32458"}],"version-history":[{"count":2,"href":"https:\/\/www.almega.se\/api\/wp\/v2\/posts\/32458\/revisions"}],"predecessor-version":[{"id":54034,"href":"https:\/\/www.almega.se\/api\/wp\/v2\/posts\/32458\/revisions\/54034"}],"wp:featuredmedia":[{"embeddable":true,"href":"https:\/\/www.almega.se\/api\/wp\/v2\/media\/32459"}],"wp:attachment":[{"href":"https:\/\/www.almega.se\/api\/wp\/v2\/media?parent=32458"}],"wp:term":[{"taxonomy":"category","embeddable":true,"href":"https:\/\/www.almega.se\/api\/wp\/v2\/categories?post=32458"},{"taxonomy":"post_tag","embeddable":true,"href":"https:\/\/www.almega.se\/api\/wp\/v2\/tags?post=32458"},{"taxonomy":"type","embeddable":true,"href":"https:\/\/www.almega.se\/api\/wp\/v2\/article_type?post=32458"},{"taxonomy":"agreement","embeddable":true,"href":"https:\/\/www.almega.se\/api\/wp\/v2\/agreement?post=32458"}],"curies":[{"name":"wp","href":"https:\/\/api.w.org\/{rel}","templated":true}]}}