{"id":32456,"date":"2020-11-30T16:21:54","date_gmt":"2020-11-30T15:21:54","guid":{"rendered":"https:\/\/www.almega.se\/2020\/11\/nya-kollektivavtal-tecknade-for-innovationsforetagen\/"},"modified":"2020-11-30T16:21:54","modified_gmt":"2020-11-30T15:21:54","slug":"nya-kollektivavtal-tecknade-for-innovationsforetagen","status":"publish","type":"post","link":"https:\/\/www.almega.se\/2020\/11\/nya-kollektivavtal-tecknade-for-innovationsforetagen\/","title":{"rendered":"Nya kollektivavtal tecknade f\u00f6r Innovations&shy;f\u00f6retagen"},"content":{"rendered":"<p class=\"intro\">Innovationsf\u00f6retagen inom Almega har idag m\u00e5ndag tecknat nya kollektivavtal med samtliga fackliga parter Unionen, Sveriges Ingenj\u00f6rer och Sveriges Arkitekter. De nya avtalen str\u00e4cker sig \u00f6ver 29 m\u00e5nader. Den totala kostnadsramen om 5,4 procent omfattar b\u00e5de l\u00f6ne\u00f6kningar och \u00f6kad pensionsavs\u00e4ttning.<\/p>\n\n<p>\u2013 S\u00e4rskild gl\u00e4djande \u00e4r att parterna nu etablerar en n\u00e4rmare dialog om n\u00e5gra av de viktigaste framtidsfr\u00e5gorna \u2013 kompetensf\u00f6rs\u00f6rjning och kompetensutveckling. L\u00f6nerevisionen kommer att vara utmanande f\u00f6r m\u00e5nga f\u00f6retag i \u00e5r varf\u00f6r vi s\u00e4tter stort v\u00e4rde p\u00e5 att parterna kommer att jobba fram ytterligare partsgemensamt material f\u00f6r st\u00f6d i den lokala dialogen om l\u00f6n, s\u00e4ger Hanna Bystr\u00f6m, f\u00f6rhandlingschef f\u00f6r Innovationsf\u00f6retagen inom Almega.<\/p>\n\n\n\n<p>Avtalen str\u00e4cker sig \u00f6ver 29 m\u00e5nader och g\u00e4ller fr\u00e5n och med 1 november 2020 t o m 31 mars 2023. L\u00f6neavtalet med Sveriges Ingenj\u00f6rer och Sveriges Arkitekter \u00e4r ett sifferl\u00f6st l\u00f6neavtal. L\u00f6neavtalet med Unionen omfattar l\u00f6ne\u00f6kningar med 2,9 % fr\u00e5n den 1 november 2020 och 1,8% fr\u00e5n den 1 april 2022. Flexpensionspremien \u00f6kar under avtalsperioden med 0,3% 1 november 2020 och ytterligare 0,4% 1 april 2022.<\/p>\n\n\n\n<p>Totalt omfattar avtalen ca 750 innovationsf\u00f6retag med drygt 40 000 medarbetare.<\/p>\n\n\n\n<p><em>Almega str\u00e4var efter de b\u00e4sta f\u00f6ruts\u00e4ttningarna f\u00f6r b\u00e5de f\u00f6retagare och medarbetare. Att erbjuda attraktiva villkor \u00e4r avg\u00f6rande f\u00f6r tj\u00e4nstef\u00f6retagens framg\u00e5ng. Tillsammans skapar vi en bra arbetsmarknad: under avtalsf\u00f6rhandlingarna, men framf\u00f6rallt varje dag p\u00e5 arbetsplatserna i samtal mellan f\u00f6retagare och medarbetare. I avtalsr\u00f6relsen 2020 tecknar Almega sammanlagt 130 avtal, flest av alla arbetsgivarorganisationer<\/em><\/p>\n","protected":false},"excerpt":{"rendered":"<p>Innovationsf\u00f6retagen inom Almega har idag m\u00e5ndag tecknat nya kollektivavtal med samtliga fackliga parter Unionen, Sveriges Ingenj\u00f6rer och Sveriges Arkitekter. De nya avtalen str\u00e4cker sig \u00f6ver 29 m\u00e5nader. Den totala kostnadsramen om 5,4 procent omfattar b\u00e5de l\u00f6ne\u00f6kningar och \u00f6kad pensionsavs\u00e4ttning.<\/p>\n","protected":false},"author":3,"featured_media":32457,"comment_status":"closed","ping_status":"closed","sticky":false,"template":"","format":"standard","meta":{"_acf_changed":false,"footnotes":""},"categories":[451],"tags":[76],"article_type":[93],"agreement":[],"class_list":["post-32456","post","type-post","status-publish","format-standard","has-post-thumbnail","hentry","category-arbetsgivarfragor","tag-kollektivavtal","type-pressmeddelanden"],"acf":[],"yoast_head":"<!-- This site is optimized with the Yoast SEO Premium plugin v26.8 (Yoast SEO v26.8) - https:\/\/yoast.com\/product\/yoast-seo-premium-wordpress\/ -->\n<title>Nya kollektivavtal tecknade f\u00f6r Innovationsf\u00f6retagen | Almega<\/title>\n<meta name=\"robots\" content=\"index, follow, max-snippet:-1, max-image-preview:large, max-video-preview:-1\" \/>\n<link rel=\"canonical\" href=\"https:\/\/www.almega.se\/2020\/11\/nya-kollektivavtal-tecknade-for-innovationsforetagen\/\" \/>\n<meta property=\"og:locale\" content=\"sv_SE\" \/>\n<meta property=\"og:type\" content=\"article\" \/>\n<meta property=\"og:title\" content=\"Nya kollektivavtal tecknade f\u00f6r Innovationsf\u00f6retagen\" \/>\n<meta property=\"og:description\" content=\"Innovationsf\u00f6retagen inom Almega har idag m\u00e5ndag tecknat nya kollektivavtal med samtliga fackliga parter Unionen, Sveriges Ingenj\u00f6rer och Sveriges Arkitekter. De nya avtalen str\u00e4cker sig \u00f6ver 29 m\u00e5nader. Den totala kostnadsramen om 5,4 procent omfattar b\u00e5de l\u00f6ne\u00f6kningar och \u00f6kad pensionsavs\u00e4ttning.\" \/>\n<meta property=\"og:url\" content=\"https:\/\/www.almega.se\/2020\/11\/nya-kollektivavtal-tecknade-for-innovationsforetagen\/\" \/>\n<meta property=\"og:site_name\" content=\"Almega\" \/>\n<meta property=\"article:published_time\" content=\"2020-11-30T15:21:54+00:00\" \/>\n<meta property=\"og:image\" content=\"https:\/\/www.almega.se\/app\/uploads\/2020\/11\/7959bbe1-2305-43eb-9d83-2186881a50a2-scaled.jpg\" \/>\n\t<meta property=\"og:image:width\" content=\"2560\" \/>\n\t<meta property=\"og:image:height\" content=\"1707\" \/>\n\t<meta property=\"og:image:type\" content=\"image\/jpeg\" \/>\n<meta name=\"author\" content=\"Julia Schwamberg\" \/>\n<meta name=\"twitter:card\" content=\"summary_large_image\" \/>\n<meta name=\"twitter:label1\" content=\"Skriven av\" \/>\n\t<meta name=\"twitter:data1\" content=\"Julia Schwamberg\" \/>\n\t<meta name=\"twitter:label2\" content=\"Ber\u00e4knad l\u00e4stid\" \/>\n\t<meta name=\"twitter:data2\" content=\"1 minut\" \/>\n<!-- \/ Yoast SEO Premium plugin. -->","yoast_head_json":{"title":"Nya kollektivavtal tecknade f\u00f6r Innovationsf\u00f6retagen | Almega","robots":{"index":"index","follow":"follow","max-snippet":"max-snippet:-1","max-image-preview":"max-image-preview:large","max-video-preview":"max-video-preview:-1"},"canonical":"https:\/\/www.almega.se\/2020\/11\/nya-kollektivavtal-tecknade-for-innovationsforetagen\/","og_locale":"sv_SE","og_type":"article","og_title":"Nya kollektivavtal tecknade f\u00f6r Innovationsf\u00f6retagen","og_description":"Innovationsf\u00f6retagen inom Almega har idag m\u00e5ndag tecknat nya kollektivavtal med samtliga fackliga parter Unionen, Sveriges Ingenj\u00f6rer och Sveriges Arkitekter. De nya avtalen str\u00e4cker sig \u00f6ver 29 m\u00e5nader. Den totala kostnadsramen om 5,4 procent omfattar b\u00e5de l\u00f6ne\u00f6kningar och \u00f6kad pensionsavs\u00e4ttning.","og_url":"https:\/\/www.almega.se\/2020\/11\/nya-kollektivavtal-tecknade-for-innovationsforetagen\/","og_site_name":"Almega","article_published_time":"2020-11-30T15:21:54+00:00","og_image":[{"width":2560,"height":1707,"url":"https:\/\/www.almega.se\/app\/uploads\/2020\/11\/7959bbe1-2305-43eb-9d83-2186881a50a2-scaled.jpg","type":"image\/jpeg"}],"author":"Julia Schwamberg","twitter_card":"summary_large_image","twitter_misc":{"Skriven av":"Julia Schwamberg","Ber\u00e4knad l\u00e4stid":"1 minut"},"schema":{"@context":"https:\/\/schema.org","@graph":[{"@type":"NewsArticle","@id":"https:\/\/www.almega.se\/2020\/11\/nya-kollektivavtal-tecknade-for-innovationsforetagen\/#article","isPartOf":{"@id":"https:\/\/www.almega.se\/2020\/11\/nya-kollektivavtal-tecknade-for-innovationsforetagen\/"},"author":{"name":"Julia Schwamberg","@id":"https:\/\/www.almega.se\/#\/schema\/person\/efcc735e9c1ba0f9de79e69dc5be5f8a"},"headline":"Nya kollektivavtal tecknade f\u00f6r Innovations&shy;f\u00f6retagen","datePublished":"2020-11-30T15:21:54+00:00","mainEntityOfPage":{"@id":"https:\/\/www.almega.se\/2020\/11\/nya-kollektivavtal-tecknade-for-innovationsforetagen\/"},"wordCount":225,"image":{"@id":"https:\/\/www.almega.se\/2020\/11\/nya-kollektivavtal-tecknade-for-innovationsforetagen\/#primaryimage"},"thumbnailUrl":"https:\/\/www.almega.se\/app\/uploads\/2020\/11\/7959bbe1-2305-43eb-9d83-2186881a50a2-scaled.jpg","keywords":["Kollektivavtal"],"articleSection":["Arbetsgivarfr\u00e5gor"],"inLanguage":"sv-SE"},{"@type":"WebPage","@id":"https:\/\/www.almega.se\/2020\/11\/nya-kollektivavtal-tecknade-for-innovationsforetagen\/","url":"https:\/\/www.almega.se\/2020\/11\/nya-kollektivavtal-tecknade-for-innovationsforetagen\/","name":"Nya kollektivavtal tecknade f\u00f6r Innovationsf\u00f6retagen | Almega","isPartOf":{"@id":"https:\/\/www.almega.se\/#website"},"primaryImageOfPage":{"@id":"https:\/\/www.almega.se\/2020\/11\/nya-kollektivavtal-tecknade-for-innovationsforetagen\/#primaryimage"},"image":{"@id":"https:\/\/www.almega.se\/2020\/11\/nya-kollektivavtal-tecknade-for-innovationsforetagen\/#primaryimage"},"thumbnailUrl":"https:\/\/www.almega.se\/app\/uploads\/2020\/11\/7959bbe1-2305-43eb-9d83-2186881a50a2-scaled.jpg","datePublished":"2020-11-30T15:21:54+00:00","author":{"@id":"https:\/\/www.almega.se\/#\/schema\/person\/efcc735e9c1ba0f9de79e69dc5be5f8a"},"breadcrumb":{"@id":"https:\/\/www.almega.se\/2020\/11\/nya-kollektivavtal-tecknade-for-innovationsforetagen\/#breadcrumb"},"inLanguage":"sv-SE","potentialAction":[{"@type":"ReadAction","target":["https:\/\/www.almega.se\/2020\/11\/nya-kollektivavtal-tecknade-for-innovationsforetagen\/"]}]},{"@type":"ImageObject","inLanguage":"sv-SE","@id":"https:\/\/www.almega.se\/2020\/11\/nya-kollektivavtal-tecknade-for-innovationsforetagen\/#primaryimage","url":"https:\/\/www.almega.se\/app\/uploads\/2020\/11\/7959bbe1-2305-43eb-9d83-2186881a50a2-scaled.jpg","contentUrl":"https:\/\/www.almega.se\/app\/uploads\/2020\/11\/7959bbe1-2305-43eb-9d83-2186881a50a2-scaled.jpg","width":2560,"height":1707,"caption":"Hanna Bystr\u00f6m, f\u00f6rhandlingschef f\u00f6r Innovationsf\u00f6retagen inom Almega."},{"@type":"BreadcrumbList","@id":"https:\/\/www.almega.se\/2020\/11\/nya-kollektivavtal-tecknade-for-innovationsforetagen\/#breadcrumb","itemListElement":[{"@type":"ListItem","position":1,"name":"Home","item":"https:\/\/www.almega.se\/"},{"@type":"ListItem","position":2,"name":"Nya kollektivavtal tecknade f\u00f6r Innovations&shy;f\u00f6retagen"}]},{"@type":"WebSite","@id":"https:\/\/www.almega.se\/#website","url":"https:\/\/www.almega.se\/","name":"Almega","description":"","potentialAction":[{"@type":"SearchAction","target":{"@type":"EntryPoint","urlTemplate":"https:\/\/www.almega.se\/?s={search_term_string}"},"query-input":{"@type":"PropertyValueSpecification","valueRequired":true,"valueName":"search_term_string"}}],"inLanguage":"sv-SE"},{"@type":"Person","@id":"https:\/\/www.almega.se\/#\/schema\/person\/efcc735e9c1ba0f9de79e69dc5be5f8a","name":"Julia Schwamberg","image":{"@type":"ImageObject","inLanguage":"sv-SE","@id":"https:\/\/www.almega.se\/#\/schema\/person\/image\/","url":"https:\/\/secure.gravatar.com\/avatar\/60ee7d8b8e9aa9b036f4768c0d2e868d8f080bcf68689c0f64ab3b87b1c2f78b?s=96&d=mm&r=g","contentUrl":"https:\/\/secure.gravatar.com\/avatar\/60ee7d8b8e9aa9b036f4768c0d2e868d8f080bcf68689c0f64ab3b87b1c2f78b?s=96&d=mm&r=g","caption":"Julia Schwamberg"},"url":"https:\/\/www.almega.se\/person\/juliaschwamberg\/"}]}},"_links":{"self":[{"href":"https:\/\/www.almega.se\/api\/wp\/v2\/posts\/32456","targetHints":{"allow":["GET"]}}],"collection":[{"href":"https:\/\/www.almega.se\/api\/wp\/v2\/posts"}],"about":[{"href":"https:\/\/www.almega.se\/api\/wp\/v2\/types\/post"}],"author":[{"embeddable":true,"href":"https:\/\/www.almega.se\/api\/wp\/v2\/users\/3"}],"replies":[{"embeddable":true,"href":"https:\/\/www.almega.se\/api\/wp\/v2\/comments?post=32456"}],"version-history":[{"count":2,"href":"https:\/\/www.almega.se\/api\/wp\/v2\/posts\/32456\/revisions"}],"predecessor-version":[{"id":54036,"href":"https:\/\/www.almega.se\/api\/wp\/v2\/posts\/32456\/revisions\/54036"}],"wp:featuredmedia":[{"embeddable":true,"href":"https:\/\/www.almega.se\/api\/wp\/v2\/media\/32457"}],"wp:attachment":[{"href":"https:\/\/www.almega.se\/api\/wp\/v2\/media?parent=32456"}],"wp:term":[{"taxonomy":"category","embeddable":true,"href":"https:\/\/www.almega.se\/api\/wp\/v2\/categories?post=32456"},{"taxonomy":"post_tag","embeddable":true,"href":"https:\/\/www.almega.se\/api\/wp\/v2\/tags?post=32456"},{"taxonomy":"type","embeddable":true,"href":"https:\/\/www.almega.se\/api\/wp\/v2\/article_type?post=32456"},{"taxonomy":"agreement","embeddable":true,"href":"https:\/\/www.almega.se\/api\/wp\/v2\/agreement?post=32456"}],"curies":[{"name":"wp","href":"https:\/\/api.w.org\/{rel}","templated":true}]}}