{"id":32333,"date":"2020-11-25T07:30:00","date_gmt":"2020-11-25T06:30:00","guid":{"rendered":"https:\/\/www.almega.se\/2020\/11\/almega-tidigarelagg-det-fortsatta-korttidsstodet\/"},"modified":"2020-11-25T07:30:00","modified_gmt":"2020-11-25T06:30:00","slug":"almega-tidigarelagg-det-fortsatta-korttidsstodet","status":"publish","type":"post","link":"https:\/\/www.almega.se\/2020\/11\/almega-tidigarelagg-det-fortsatta-korttidsstodet\/","title":{"rendered":"Almega: \u201dTidigarel\u00e4gg det fortsatta korttids&shy;st\u00f6det\u201d"},"content":{"rendered":"<p class=\"intro\">Almega har varit p\u00e5drivande n\u00e4r det g\u00e4ller regeringens och samarbetspartiernas besked om f\u00f6rl\u00e4ngt st\u00f6d vid korttidsarbete. Men f\u00f6r att r\u00e4dda jobb m\u00e5ste systemet vara p\u00e5 plats redan till \u00e5rsskiftet.<\/p>\n\n<p>Regeringen har meddelat att de nya reglerna f\u00f6r korttidsarbete ska tr\u00e4da i kraft i mitten av februari. De kommer visserligen g\u00e4lla retroaktivt, men detta inneb\u00e4r \u00e4nd\u00e5 flera problem f\u00f6r arbetsgivare.<\/p>\n\n\n\n<p>\u2013 F\u00f6r ett krisande f\u00f6retag \u00e4r det en l\u00e5ng tid mellan avslutat st\u00f6d i november och besked om eventuell f\u00f6rl\u00e4ngning i februari eller mars. Os\u00e4kerhet \u00e4r f\u00f6r\u00f6dande f\u00f6r f\u00f6retag. Detta kommer att leda till \u00f6kade varsel och upps\u00e4gningar, s\u00e4ger Andreas \u00c5str\u00f6m, n\u00e4ringspolitisk chef p\u00e5 Almega och forts\u00e4tter:<\/p>\n\n\n\n<p>\u2013 I praktiken inneb\u00e4r det en period om minst tre m\u00e5nader d\u00e5 f\u00f6retag inte kan vara s\u00e4kra p\u00e5 att st\u00f6d kommer att beviljas.<\/p>\n\n\n\n<p>Regeringen har dessutom aviserat att kontrollen i samband med ans\u00f6kan om st\u00f6d vid korttidsarbete ska sk\u00e4rpas.<\/p>\n\n\n\n<p>\u2013 Det \u00e4r sj\u00e4lvklart att st\u00f6det ska g\u00e5 till de f\u00f6retag som har r\u00e4tt till det, men \u00f6kad kontroll f\u00e5r inte leda till l\u00e4ngre handl\u00e4ggningstider och att f\u00f6retag blir lidande, s\u00e4ger Andreas \u00c5str\u00f6m.<\/p>\n\n\n\n<p>Almega ser sammantaget att f\u00f6rslaget f\u00f6r med sig stor os\u00e4kerhet och reser m\u00e5nga fr\u00e5gor p\u00e5 en rad omr\u00e5den och har d\u00e4rf\u00f6r skickat en promemoria till finansminister Magdalena Andersson.<\/p>\n\n\n\n<p>\u2013 Vi har identifierat ett antal problemomr\u00e5den och negativa konsekvenser som vi vill att Finansdepartementet tar del av. Men den prim\u00e4ra slutsatsen \u00e4r att regeringen m\u00e5ste f\u00e5 de nya reglerna att b\u00f6rja g\u00e4lla redan vid \u00e5rsskiftet. En s\u00e5dan f\u00f6r\u00e4ndring skulle r\u00e4dda m\u00e5nga jobb i Sverige, s\u00e4ger Andreas \u00c5str\u00f6m.<\/p>\n\n\n\n<p>Almegas PM till finansminister Magdalena Andersson \u00e4r bifogat detta pressmeddelande.<\/p>\n\n\n<a class='Share__link Share__link--url copy-text' href='#' rel='nofollow' data-text='dokument' title='Dela url' data-confirmation='L\u00e4nken kopierades till urklipp'><svg class='icon icon--link'  width='18' height='18' viewBox='0 0 18 18' fill='none' xmlns='http:\/\/www.w3.org\/2000\/svg'>\n            <path d='M10.4142 0.514721L6.87868 4.05025L8.29289 5.46447L11.1213 2.63604L15.364 6.87868L12.5355 9.70711L13.9497 11.1213L17.4853 7.58579C17.8763 7.19476 17.8763 6.5626 17.4853 6.17158L11.8284 0.514721C11.4374 0.123691 10.8052 0.123691 10.4142 0.514721Z' fill='black'\/>\n            <path d='M9.7071 12.5355L6.87868 15.364L2.63604 11.1213L5.46446 8.2929L4.05025 6.87868L0.514716 10.4142C0.123686 10.8052 0.123686 11.4374 0.514716 11.8284L6.17157 17.4853C6.5626 17.8763 7.19475 17.8763 7.58578 17.4853L11.1213 13.9497L9.7071 12.5355Z' fill='black'\/>\n            <path d='M6.17157 11.8284C6.5626 12.2195 7.19475 12.2195 7.58578 11.8284L11.8284 7.58579C12.2195 7.19476 12.2195 6.56261 11.8284 6.17158C11.4374 5.78055 10.8052 5.78055 10.4142 6.17158L6.17157 10.4142C5.78054 10.8052 5.78054 11.4374 6.17157 11.8284Z' fill='black'\/>\n            <\/svg> <\/a>\n<h2 class=\"wp-block-heading\">Dokument<\/h2>\n\n\n\n<p><a href=\"https:\/\/via.tt.se\/data\/attachments\/00619\/9faef52f-9dd3-4186-9f44-ae770eca302d.pdf\"><strong>PM till Finansdepartementet<\/strong><\/a><\/p>\n","protected":false},"excerpt":{"rendered":"<p>Almega har varit p\u00e5drivande n\u00e4r det g\u00e4ller regeringens och samarbetspartiernas besked om f\u00f6rl\u00e4ngt st\u00f6d vid korttidsarbete. Men f\u00f6r att r\u00e4dda jobb m\u00e5ste systemet vara p\u00e5 plats redan till \u00e5rsskiftet.<\/p>\n","protected":false},"author":14827,"featured_media":0,"comment_status":"closed","ping_status":"closed","sticky":false,"template":"","format":"standard","meta":{"_acf_changed":false,"footnotes":""},"categories":[64],"tags":[488],"article_type":[93],"agreement":[],"class_list":["post-32333","post","type-post","status-publish","format-standard","hentry","category-arbetsmarknad","tag-korttidspermittering","type-pressmeddelanden"],"acf":[],"yoast_head":"<!-- This site is optimized with the Yoast SEO Premium plugin v26.8 (Yoast SEO v26.8) - https:\/\/yoast.com\/product\/yoast-seo-premium-wordpress\/ -->\n<title>Almega: \u201dTidigarel\u00e4gg det fortsatta korttidsst\u00f6det\u201d | Almega<\/title>\n<meta name=\"robots\" content=\"index, follow, max-snippet:-1, max-image-preview:large, max-video-preview:-1\" \/>\n<link rel=\"canonical\" href=\"https:\/\/www.almega.se\/2020\/11\/almega-tidigarelagg-det-fortsatta-korttidsstodet\/\" \/>\n<meta property=\"og:locale\" content=\"sv_SE\" \/>\n<meta property=\"og:type\" content=\"article\" \/>\n<meta property=\"og:title\" content=\"Almega: \u201dTidigarel\u00e4gg det fortsatta korttidsst\u00f6det\u201d\" \/>\n<meta property=\"og:description\" content=\"Almega har varit p\u00e5drivande n\u00e4r det g\u00e4ller regeringens och samarbetspartiernas besked om f\u00f6rl\u00e4ngt st\u00f6d vid korttidsarbete. Men f\u00f6r att r\u00e4dda jobb m\u00e5ste systemet vara p\u00e5 plats redan till \u00e5rsskiftet.\" \/>\n<meta property=\"og:url\" content=\"https:\/\/www.almega.se\/2020\/11\/almega-tidigarelagg-det-fortsatta-korttidsstodet\/\" \/>\n<meta property=\"og:site_name\" content=\"Almega\" \/>\n<meta property=\"article:published_time\" content=\"2020-11-25T06:30:00+00:00\" \/>\n<meta property=\"og:image\" content=\"https:\/\/www.almega.se\/app\/uploads\/2020\/12\/almega-share-logo.png\" \/>\n\t<meta property=\"og:image:width\" content=\"1200\" \/>\n\t<meta property=\"og:image:height\" content=\"630\" \/>\n\t<meta property=\"og:image:type\" content=\"image\/png\" \/>\n<meta name=\"author\" content=\"emmaf\" \/>\n<meta name=\"twitter:card\" content=\"summary_large_image\" \/>\n<meta name=\"twitter:label1\" content=\"Skriven av\" \/>\n\t<meta name=\"twitter:data1\" content=\"emmaf\" \/>\n\t<meta name=\"twitter:label2\" content=\"Ber\u00e4knad l\u00e4stid\" \/>\n\t<meta name=\"twitter:data2\" content=\"2 minuter\" \/>\n<!-- \/ Yoast SEO Premium plugin. -->","yoast_head_json":{"title":"Almega: \u201dTidigarel\u00e4gg det fortsatta korttidsst\u00f6det\u201d | Almega","robots":{"index":"index","follow":"follow","max-snippet":"max-snippet:-1","max-image-preview":"max-image-preview:large","max-video-preview":"max-video-preview:-1"},"canonical":"https:\/\/www.almega.se\/2020\/11\/almega-tidigarelagg-det-fortsatta-korttidsstodet\/","og_locale":"sv_SE","og_type":"article","og_title":"Almega: \u201dTidigarel\u00e4gg det fortsatta korttidsst\u00f6det\u201d","og_description":"Almega har varit p\u00e5drivande n\u00e4r det g\u00e4ller regeringens och samarbetspartiernas besked om f\u00f6rl\u00e4ngt st\u00f6d vid korttidsarbete. Men f\u00f6r att r\u00e4dda jobb m\u00e5ste systemet vara p\u00e5 plats redan till \u00e5rsskiftet.","og_url":"https:\/\/www.almega.se\/2020\/11\/almega-tidigarelagg-det-fortsatta-korttidsstodet\/","og_site_name":"Almega","article_published_time":"2020-11-25T06:30:00+00:00","og_image":[{"width":1200,"height":630,"url":"https:\/\/www.almega.se\/app\/uploads\/2020\/12\/almega-share-logo.png","type":"image\/png"}],"author":"emmaf","twitter_card":"summary_large_image","twitter_misc":{"Skriven av":"emmaf","Ber\u00e4knad l\u00e4stid":"2 minuter"},"schema":{"@context":"https:\/\/schema.org","@graph":[{"@type":"NewsArticle","@id":"https:\/\/www.almega.se\/2020\/11\/almega-tidigarelagg-det-fortsatta-korttidsstodet\/#article","isPartOf":{"@id":"https:\/\/www.almega.se\/2020\/11\/almega-tidigarelagg-det-fortsatta-korttidsstodet\/"},"author":{"name":"emmaf","@id":"https:\/\/www.almega.se\/#\/schema\/person\/7dcd85c42437215aafce170ec28e2fac"},"headline":"Almega: \u201dTidigarel\u00e4gg det fortsatta korttids&shy;st\u00f6det\u201d","datePublished":"2020-11-25T06:30:00+00:00","mainEntityOfPage":{"@id":"https:\/\/www.almega.se\/2020\/11\/almega-tidigarelagg-det-fortsatta-korttidsstodet\/"},"wordCount":301,"keywords":["Korttidspermittering"],"articleSection":["Arbetsmarknad"],"inLanguage":"sv-SE"},{"@type":"WebPage","@id":"https:\/\/www.almega.se\/2020\/11\/almega-tidigarelagg-det-fortsatta-korttidsstodet\/","url":"https:\/\/www.almega.se\/2020\/11\/almega-tidigarelagg-det-fortsatta-korttidsstodet\/","name":"Almega: \u201dTidigarel\u00e4gg det fortsatta korttidsst\u00f6det\u201d | Almega","isPartOf":{"@id":"https:\/\/www.almega.se\/#website"},"datePublished":"2020-11-25T06:30:00+00:00","author":{"@id":"https:\/\/www.almega.se\/#\/schema\/person\/7dcd85c42437215aafce170ec28e2fac"},"breadcrumb":{"@id":"https:\/\/www.almega.se\/2020\/11\/almega-tidigarelagg-det-fortsatta-korttidsstodet\/#breadcrumb"},"inLanguage":"sv-SE","potentialAction":[{"@type":"ReadAction","target":["https:\/\/www.almega.se\/2020\/11\/almega-tidigarelagg-det-fortsatta-korttidsstodet\/"]}]},{"@type":"BreadcrumbList","@id":"https:\/\/www.almega.se\/2020\/11\/almega-tidigarelagg-det-fortsatta-korttidsstodet\/#breadcrumb","itemListElement":[{"@type":"ListItem","position":1,"name":"Home","item":"https:\/\/www.almega.se\/"},{"@type":"ListItem","position":2,"name":"Almega: \u201dTidigarel\u00e4gg det fortsatta korttids&shy;st\u00f6det\u201d"}]},{"@type":"WebSite","@id":"https:\/\/www.almega.se\/#website","url":"https:\/\/www.almega.se\/","name":"Almega","description":"","potentialAction":[{"@type":"SearchAction","target":{"@type":"EntryPoint","urlTemplate":"https:\/\/www.almega.se\/?s={search_term_string}"},"query-input":{"@type":"PropertyValueSpecification","valueRequired":true,"valueName":"search_term_string"}}],"inLanguage":"sv-SE"},{"@type":"Person","@id":"https:\/\/www.almega.se\/#\/schema\/person\/7dcd85c42437215aafce170ec28e2fac","name":"emmaf","image":{"@type":"ImageObject","inLanguage":"sv-SE","@id":"https:\/\/www.almega.se\/#\/schema\/person\/image\/","url":"https:\/\/secure.gravatar.com\/avatar\/7d7de2d34f664967395b2486fe4409bcc5db61c29c5fe0dfca5e5be04df31c34?s=96&d=mm&r=g","contentUrl":"https:\/\/secure.gravatar.com\/avatar\/7d7de2d34f664967395b2486fe4409bcc5db61c29c5fe0dfca5e5be04df31c34?s=96&d=mm&r=g","caption":"emmaf"},"url":"https:\/\/www.almega.se\/person\/emmaf\/"}]}},"_links":{"self":[{"href":"https:\/\/www.almega.se\/api\/wp\/v2\/posts\/32333","targetHints":{"allow":["GET"]}}],"collection":[{"href":"https:\/\/www.almega.se\/api\/wp\/v2\/posts"}],"about":[{"href":"https:\/\/www.almega.se\/api\/wp\/v2\/types\/post"}],"author":[{"embeddable":true,"href":"https:\/\/www.almega.se\/api\/wp\/v2\/users\/14827"}],"replies":[{"embeddable":true,"href":"https:\/\/www.almega.se\/api\/wp\/v2\/comments?post=32333"}],"version-history":[{"count":4,"href":"https:\/\/www.almega.se\/api\/wp\/v2\/posts\/32333\/revisions"}],"predecessor-version":[{"id":54552,"href":"https:\/\/www.almega.se\/api\/wp\/v2\/posts\/32333\/revisions\/54552"}],"wp:attachment":[{"href":"https:\/\/www.almega.se\/api\/wp\/v2\/media?parent=32333"}],"wp:term":[{"taxonomy":"category","embeddable":true,"href":"https:\/\/www.almega.se\/api\/wp\/v2\/categories?post=32333"},{"taxonomy":"post_tag","embeddable":true,"href":"https:\/\/www.almega.se\/api\/wp\/v2\/tags?post=32333"},{"taxonomy":"type","embeddable":true,"href":"https:\/\/www.almega.se\/api\/wp\/v2\/article_type?post=32333"},{"taxonomy":"agreement","embeddable":true,"href":"https:\/\/www.almega.se\/api\/wp\/v2\/agreement?post=32333"}],"curies":[{"name":"wp","href":"https:\/\/api.w.org\/{rel}","templated":true}]}}