{"id":32188,"date":"2020-11-18T18:01:55","date_gmt":"2020-11-18T17:01:55","guid":{"rendered":"https:\/\/www.almega.se\/2020\/11\/nytt-kollektivavtal-for-saneringsbranschen\/"},"modified":"2020-11-18T18:01:55","modified_gmt":"2020-11-18T17:01:55","slug":"nytt-kollektivavtal-for-saneringsbranschen","status":"publish","type":"post","link":"https:\/\/www.almega.se\/2020\/11\/nytt-kollektivavtal-for-saneringsbranschen\/","title":{"rendered":"Nytt kollektivavtal f\u00f6r sanerings&shy;branschen"},"content":{"rendered":"<p class=\"intro\">Almega Saneringsf\u00f6retagen har idag tillsammans med Fastighetsanst\u00e4lldas f\u00f6rbund tr\u00e4ffat ett nytt kollektivavtal f\u00f6r saneringsbranschen. Det nya avtalet str\u00e4cker sig \u00f6ver 29 m\u00e5nader med en total l\u00f6ne\u00f6kningsniv\u00e5 p\u00e5 5,4 procent. Inom kostnadsramen ryms \u00e4ven pensionsavs\u00e4ttningar.<\/p>\n\n<p>\u2013 Vi kan med gl\u00e4dje konstatera att vi kommit \u00f6verens om ett nytt kollektivavtal f\u00f6r saneringsbranschen. Parterna har tagit gemensamt ansvar i konstruktiva f\u00f6rhandlingar och vi \u00e4r s\u00e4rskilt n\u00f6jda med att samtliga delar i avtalet ryms inom de ramar arbetsmarknadens parter best\u00e4mt tillsammans i det s\u00e5 kallade m\u00e4rket. Detta ger stabilitet och bra villkor f\u00f6r b\u00e5de medarbetare och f\u00f6retag, s\u00e4ger Marcus Lindstr\u00f6m, f\u00f6rhandlingschef Almega Saneringsf\u00f6retagen.<\/p>\n\n\n\n<p>Saneringsavtalet omfattar 150 medlemsf\u00f6retag med omkring 4 500 \u00e5rsanst\u00e4llda som ber\u00f6rs av avtalet. Almega tr\u00e4ffar flest avtal av alla arbetsgivarorganisationer och detta \u00e4r det andra av totalt 130 avtal som Almegas f\u00f6rbund tr\u00e4ffar i \u00e5rets avtalsr\u00f6relse.<\/p>\n\n\n\n<p>Almega Saneringsf\u00f6retagen \u00e4r en del av Almega Servicef\u00f6retagen, bransch- och arbetsgivarorganisationen f\u00f6r landets servicef\u00f6retag med totalt 1 300 medlemsf\u00f6retag som tillsammans syssels\u00e4tter \u00f6ver 55 000 personer.<\/p>\n","protected":false},"excerpt":{"rendered":"<p>Almega Saneringsf\u00f6retagen har idag tillsammans med Fastighetsanst\u00e4lldas f\u00f6rbund tr\u00e4ffat ett nytt kollektivavtal f\u00f6r saneringsbranschen. Det nya avtalet str\u00e4cker sig \u00f6ver 29 m\u00e5nader med en total l\u00f6ne\u00f6kningsniv\u00e5 p\u00e5 5,4 procent. Inom kostnadsramen ryms \u00e4ven pensionsavs\u00e4ttningar.<\/p>\n","protected":false},"author":3,"featured_media":32189,"comment_status":"closed","ping_status":"closed","sticky":false,"template":"","format":"standard","meta":{"_acf_changed":false,"footnotes":""},"categories":[451],"tags":[76],"article_type":[93],"agreement":[],"class_list":["post-32188","post","type-post","status-publish","format-standard","has-post-thumbnail","hentry","category-arbetsgivarfragor","tag-kollektivavtal","type-pressmeddelanden"],"acf":[],"yoast_head":"<!-- This site is optimized with the Yoast SEO Premium plugin v26.8 (Yoast SEO v26.8) - https:\/\/yoast.com\/product\/yoast-seo-premium-wordpress\/ -->\n<title>Nytt kollektivavtal f\u00f6r saneringsbranschen | Almega<\/title>\n<meta name=\"robots\" content=\"index, follow, max-snippet:-1, max-image-preview:large, max-video-preview:-1\" \/>\n<link rel=\"canonical\" href=\"https:\/\/www.almega.se\/2020\/11\/nytt-kollektivavtal-for-saneringsbranschen\/\" \/>\n<meta property=\"og:locale\" content=\"sv_SE\" \/>\n<meta property=\"og:type\" content=\"article\" \/>\n<meta property=\"og:title\" content=\"Nytt kollektivavtal f\u00f6r saneringsbranschen\" \/>\n<meta property=\"og:description\" content=\"Almega Saneringsf\u00f6retagen har idag tillsammans med Fastighetsanst\u00e4lldas f\u00f6rbund tr\u00e4ffat ett nytt kollektivavtal f\u00f6r saneringsbranschen. Det nya avtalet str\u00e4cker sig \u00f6ver 29 m\u00e5nader med en total l\u00f6ne\u00f6kningsniv\u00e5 p\u00e5 5,4 procent. Inom kostnadsramen ryms \u00e4ven pensionsavs\u00e4ttningar.\" \/>\n<meta property=\"og:url\" content=\"https:\/\/www.almega.se\/2020\/11\/nytt-kollektivavtal-for-saneringsbranschen\/\" \/>\n<meta property=\"og:site_name\" content=\"Almega\" \/>\n<meta property=\"article:published_time\" content=\"2020-11-18T17:01:55+00:00\" \/>\n<meta property=\"og:image\" content=\"https:\/\/www.almega.se\/app\/uploads\/2020\/11\/bf4e5fcc-34bc-47ed-b613-e85f293aa186-scaled.jpg\" \/>\n\t<meta property=\"og:image:width\" content=\"2560\" \/>\n\t<meta property=\"og:image:height\" content=\"1707\" \/>\n\t<meta property=\"og:image:type\" content=\"image\/jpeg\" \/>\n<meta name=\"author\" content=\"Julia Schwamberg\" \/>\n<meta name=\"twitter:card\" content=\"summary_large_image\" \/>\n<meta name=\"twitter:label1\" content=\"Skriven av\" \/>\n\t<meta name=\"twitter:data1\" content=\"Julia Schwamberg\" \/>\n\t<meta name=\"twitter:label2\" content=\"Ber\u00e4knad l\u00e4stid\" \/>\n\t<meta name=\"twitter:data2\" content=\"1 minut\" \/>\n<!-- \/ Yoast SEO Premium plugin. -->","yoast_head_json":{"title":"Nytt kollektivavtal f\u00f6r saneringsbranschen | Almega","robots":{"index":"index","follow":"follow","max-snippet":"max-snippet:-1","max-image-preview":"max-image-preview:large","max-video-preview":"max-video-preview:-1"},"canonical":"https:\/\/www.almega.se\/2020\/11\/nytt-kollektivavtal-for-saneringsbranschen\/","og_locale":"sv_SE","og_type":"article","og_title":"Nytt kollektivavtal f\u00f6r saneringsbranschen","og_description":"Almega Saneringsf\u00f6retagen har idag tillsammans med Fastighetsanst\u00e4lldas f\u00f6rbund tr\u00e4ffat ett nytt kollektivavtal f\u00f6r saneringsbranschen. Det nya avtalet str\u00e4cker sig \u00f6ver 29 m\u00e5nader med en total l\u00f6ne\u00f6kningsniv\u00e5 p\u00e5 5,4 procent. Inom kostnadsramen ryms \u00e4ven pensionsavs\u00e4ttningar.","og_url":"https:\/\/www.almega.se\/2020\/11\/nytt-kollektivavtal-for-saneringsbranschen\/","og_site_name":"Almega","article_published_time":"2020-11-18T17:01:55+00:00","og_image":[{"width":2560,"height":1707,"url":"https:\/\/www.almega.se\/app\/uploads\/2020\/11\/bf4e5fcc-34bc-47ed-b613-e85f293aa186-scaled.jpg","type":"image\/jpeg"}],"author":"Julia Schwamberg","twitter_card":"summary_large_image","twitter_misc":{"Skriven av":"Julia Schwamberg","Ber\u00e4knad l\u00e4stid":"1 minut"},"schema":{"@context":"https:\/\/schema.org","@graph":[{"@type":"NewsArticle","@id":"https:\/\/www.almega.se\/2020\/11\/nytt-kollektivavtal-for-saneringsbranschen\/#article","isPartOf":{"@id":"https:\/\/www.almega.se\/2020\/11\/nytt-kollektivavtal-for-saneringsbranschen\/"},"author":{"name":"Julia Schwamberg","@id":"https:\/\/www.almega.se\/#\/schema\/person\/efcc735e9c1ba0f9de79e69dc5be5f8a"},"headline":"Nytt kollektivavtal f\u00f6r sanerings&shy;branschen","datePublished":"2020-11-18T17:01:55+00:00","mainEntityOfPage":{"@id":"https:\/\/www.almega.se\/2020\/11\/nytt-kollektivavtal-for-saneringsbranschen\/"},"wordCount":150,"image":{"@id":"https:\/\/www.almega.se\/2020\/11\/nytt-kollektivavtal-for-saneringsbranschen\/#primaryimage"},"thumbnailUrl":"https:\/\/www.almega.se\/app\/uploads\/2020\/11\/bf4e5fcc-34bc-47ed-b613-e85f293aa186-scaled.jpg","keywords":["Kollektivavtal"],"articleSection":["Arbetsgivarfr\u00e5gor"],"inLanguage":"sv-SE"},{"@type":"WebPage","@id":"https:\/\/www.almega.se\/2020\/11\/nytt-kollektivavtal-for-saneringsbranschen\/","url":"https:\/\/www.almega.se\/2020\/11\/nytt-kollektivavtal-for-saneringsbranschen\/","name":"Nytt kollektivavtal f\u00f6r saneringsbranschen | Almega","isPartOf":{"@id":"https:\/\/www.almega.se\/#website"},"primaryImageOfPage":{"@id":"https:\/\/www.almega.se\/2020\/11\/nytt-kollektivavtal-for-saneringsbranschen\/#primaryimage"},"image":{"@id":"https:\/\/www.almega.se\/2020\/11\/nytt-kollektivavtal-for-saneringsbranschen\/#primaryimage"},"thumbnailUrl":"https:\/\/www.almega.se\/app\/uploads\/2020\/11\/bf4e5fcc-34bc-47ed-b613-e85f293aa186-scaled.jpg","datePublished":"2020-11-18T17:01:55+00:00","author":{"@id":"https:\/\/www.almega.se\/#\/schema\/person\/efcc735e9c1ba0f9de79e69dc5be5f8a"},"breadcrumb":{"@id":"https:\/\/www.almega.se\/2020\/11\/nytt-kollektivavtal-for-saneringsbranschen\/#breadcrumb"},"inLanguage":"sv-SE","potentialAction":[{"@type":"ReadAction","target":["https:\/\/www.almega.se\/2020\/11\/nytt-kollektivavtal-for-saneringsbranschen\/"]}]},{"@type":"ImageObject","inLanguage":"sv-SE","@id":"https:\/\/www.almega.se\/2020\/11\/nytt-kollektivavtal-for-saneringsbranschen\/#primaryimage","url":"https:\/\/www.almega.se\/app\/uploads\/2020\/11\/bf4e5fcc-34bc-47ed-b613-e85f293aa186-scaled.jpg","contentUrl":"https:\/\/www.almega.se\/app\/uploads\/2020\/11\/bf4e5fcc-34bc-47ed-b613-e85f293aa186-scaled.jpg","width":2560,"height":1707,"caption":"Marcus Lindstr\u00f6m, f\u00f6rhandlingschef Almega Saneringsf\u00f6retagen"},{"@type":"BreadcrumbList","@id":"https:\/\/www.almega.se\/2020\/11\/nytt-kollektivavtal-for-saneringsbranschen\/#breadcrumb","itemListElement":[{"@type":"ListItem","position":1,"name":"Home","item":"https:\/\/www.almega.se\/"},{"@type":"ListItem","position":2,"name":"Nytt kollektivavtal f\u00f6r sanerings&shy;branschen"}]},{"@type":"WebSite","@id":"https:\/\/www.almega.se\/#website","url":"https:\/\/www.almega.se\/","name":"Almega","description":"","potentialAction":[{"@type":"SearchAction","target":{"@type":"EntryPoint","urlTemplate":"https:\/\/www.almega.se\/?s={search_term_string}"},"query-input":{"@type":"PropertyValueSpecification","valueRequired":true,"valueName":"search_term_string"}}],"inLanguage":"sv-SE"},{"@type":"Person","@id":"https:\/\/www.almega.se\/#\/schema\/person\/efcc735e9c1ba0f9de79e69dc5be5f8a","name":"Julia Schwamberg","image":{"@type":"ImageObject","inLanguage":"sv-SE","@id":"https:\/\/www.almega.se\/#\/schema\/person\/image\/","url":"https:\/\/secure.gravatar.com\/avatar\/60ee7d8b8e9aa9b036f4768c0d2e868d8f080bcf68689c0f64ab3b87b1c2f78b?s=96&d=mm&r=g","contentUrl":"https:\/\/secure.gravatar.com\/avatar\/60ee7d8b8e9aa9b036f4768c0d2e868d8f080bcf68689c0f64ab3b87b1c2f78b?s=96&d=mm&r=g","caption":"Julia Schwamberg"},"url":"https:\/\/www.almega.se\/person\/juliaschwamberg\/"}]}},"_links":{"self":[{"href":"https:\/\/www.almega.se\/api\/wp\/v2\/posts\/32188","targetHints":{"allow":["GET"]}}],"collection":[{"href":"https:\/\/www.almega.se\/api\/wp\/v2\/posts"}],"about":[{"href":"https:\/\/www.almega.se\/api\/wp\/v2\/types\/post"}],"author":[{"embeddable":true,"href":"https:\/\/www.almega.se\/api\/wp\/v2\/users\/3"}],"replies":[{"embeddable":true,"href":"https:\/\/www.almega.se\/api\/wp\/v2\/comments?post=32188"}],"version-history":[{"count":2,"href":"https:\/\/www.almega.se\/api\/wp\/v2\/posts\/32188\/revisions"}],"predecessor-version":[{"id":53964,"href":"https:\/\/www.almega.se\/api\/wp\/v2\/posts\/32188\/revisions\/53964"}],"wp:featuredmedia":[{"embeddable":true,"href":"https:\/\/www.almega.se\/api\/wp\/v2\/media\/32189"}],"wp:attachment":[{"href":"https:\/\/www.almega.se\/api\/wp\/v2\/media?parent=32188"}],"wp:term":[{"taxonomy":"category","embeddable":true,"href":"https:\/\/www.almega.se\/api\/wp\/v2\/categories?post=32188"},{"taxonomy":"post_tag","embeddable":true,"href":"https:\/\/www.almega.se\/api\/wp\/v2\/tags?post=32188"},{"taxonomy":"type","embeddable":true,"href":"https:\/\/www.almega.se\/api\/wp\/v2\/article_type?post=32188"},{"taxonomy":"agreement","embeddable":true,"href":"https:\/\/www.almega.se\/api\/wp\/v2\/agreement?post=32188"}],"curies":[{"name":"wp","href":"https:\/\/api.w.org\/{rel}","templated":true}]}}