{"id":32186,"date":"2020-11-18T07:00:00","date_gmt":"2020-11-18T06:00:00","guid":{"rendered":"https:\/\/www.almega.se\/2020\/11\/almega-i-mal-med-arets-forsta-kollektivavtal-fastigheter-branschavtal\/"},"modified":"2020-11-18T07:00:00","modified_gmt":"2020-11-18T06:00:00","slug":"almega-i-mal-med-arets-forsta-kollektivavtal-fastigheter-branschavtal","status":"publish","type":"post","link":"https:\/\/www.almega.se\/2020\/11\/almega-i-mal-med-arets-forsta-kollektivavtal-fastigheter-branschavtal\/","title":{"rendered":"Almega i m\u00e5l med \u00e5rets f\u00f6rsta kollektivavtal \u2013 Fastigheter branschavtal"},"content":{"rendered":"<p class=\"intro\">Almega Tj\u00e4nstef\u00f6rbunden Fastighetsarbetsgivarna har idag tillsammans med Fastighetsanst\u00e4lldas f\u00f6rbund tr\u00e4ffat ett nytt kollektivavtal f\u00f6r Fastigheter branschavtal. Det \u00e4r det f\u00f6rsta av 130 avtal som Almegas f\u00f6rbund tr\u00e4ffar i \u00e5rets avtalsr\u00f6relse. Det nya avtalet str\u00e4cker sig \u00f6ver 29 m\u00e5nader med en total l\u00f6ne\u00f6kningsniv\u00e5 p\u00e5 5,4 procent. Inom kostnadsramen ryms \u00e4ven pensionsavs\u00e4ttningar.<\/p>\n\n<p>\u2013 Det \u00e4r gl\u00e4djande att vi kommit \u00f6verens om ett nytt kollektivavtal f\u00f6r Fastigheter branschavtal och vi \u00e4r n\u00f6jda med att samtliga delar i avtalet ryms inom de ramar arbetsmarknadens parter best\u00e4mt tillsammans i det s\u00e5 kallade m\u00e4rket. Det ger stabilitet och bra villkor f\u00f6r b\u00e5de medarbetare och f\u00f6retag, s\u00e4ger Stefan Lennstr\u00f6m, avtalsansvarig f\u00f6rhandlare f\u00f6r Almega Fastighetsarbetsgivarna.<\/p>\n\n\n\n<p>Avtalet omfattar 1 125 medlemsf\u00f6retag med omkring 6 500 medarbetare som ber\u00f6rs av avtalet. Sammanlagt kommer Almega tr\u00e4ffa 130 avtal i \u00e5rets avtalsr\u00f6relse, flest av alla arbetsgivarorganisationer.<\/p>\n\n\n\n<p>Almega Fastighetsarbetsgivarna \u00e4r en bransch inom Almega och en arbetsgivarorganisation f\u00f6r fastighets\u00e4gare, fastighetsbolag, f\u00f6rvaltare, entrepren\u00f6rer och bostadsr\u00e4ttsf\u00f6reningar. Avtalet kommer formellt att antas av Fastighetsanst\u00e4lldas f\u00f6rbundsstyrelse under onsdagen.<\/p>\n","protected":false},"excerpt":{"rendered":"<p>Almega Tj\u00e4nstef\u00f6rbunden Fastighetsarbetsgivarna har idag tillsammans med Fastighetsanst\u00e4lldas f\u00f6rbund tr\u00e4ffat ett nytt kollektivavtal f\u00f6r Fastigheter branschavtal. Det \u00e4r det f\u00f6rsta av 130 avtal som Almegas f\u00f6rbund tr\u00e4ffar i \u00e5rets avtalsr\u00f6relse. Det nya avtalet str\u00e4cker sig \u00f6ver 29 m\u00e5nader med en total l\u00f6ne\u00f6kningsniv\u00e5 p\u00e5 5,4 procent. Inom kostnadsramen ryms \u00e4ven pensionsavs\u00e4ttningar.<\/p>\n","protected":false},"author":14827,"featured_media":33581,"comment_status":"closed","ping_status":"closed","sticky":false,"template":"","format":"standard","meta":{"_acf_changed":false,"footnotes":""},"categories":[451],"tags":[76],"article_type":[93],"agreement":[],"class_list":["post-32186","post","type-post","status-publish","format-standard","has-post-thumbnail","hentry","category-arbetsgivarfragor","tag-kollektivavtal","type-pressmeddelanden"],"acf":[],"yoast_head":"<!-- This site is optimized with the Yoast SEO Premium plugin v26.8 (Yoast SEO v26.8) - https:\/\/yoast.com\/product\/yoast-seo-premium-wordpress\/ -->\n<title>Almega i m\u00e5l med \u00e5rets f\u00f6rsta kollektivavtal \u2013 Fastigheter branschavtal | Almega<\/title>\n<meta name=\"robots\" content=\"index, follow, max-snippet:-1, max-image-preview:large, max-video-preview:-1\" \/>\n<link rel=\"canonical\" href=\"https:\/\/www.almega.se\/2020\/11\/almega-i-mal-med-arets-forsta-kollektivavtal-fastigheter-branschavtal\/\" \/>\n<meta property=\"og:locale\" content=\"sv_SE\" \/>\n<meta property=\"og:type\" content=\"article\" \/>\n<meta property=\"og:title\" content=\"Almega i m\u00e5l med \u00e5rets f\u00f6rsta kollektivavtal \u2013 Fastigheter branschavtal\" \/>\n<meta property=\"og:description\" content=\"Almega Tj\u00e4nstef\u00f6rbunden Fastighetsarbetsgivarna har idag tillsammans med Fastighetsanst\u00e4lldas f\u00f6rbund tr\u00e4ffat ett nytt kollektivavtal f\u00f6r Fastigheter branschavtal. Det \u00e4r det f\u00f6rsta av 130 avtal som Almegas f\u00f6rbund tr\u00e4ffar i \u00e5rets avtalsr\u00f6relse. Det nya avtalet str\u00e4cker sig \u00f6ver 29 m\u00e5nader med en total l\u00f6ne\u00f6kningsniv\u00e5 p\u00e5 5,4 procent. Inom kostnadsramen ryms \u00e4ven pensionsavs\u00e4ttningar.\" \/>\n<meta property=\"og:url\" content=\"https:\/\/www.almega.se\/2020\/11\/almega-i-mal-med-arets-forsta-kollektivavtal-fastigheter-branschavtal\/\" \/>\n<meta property=\"og:site_name\" content=\"Almega\" \/>\n<meta property=\"article:published_time\" content=\"2020-11-18T06:00:00+00:00\" \/>\n<meta property=\"og:image\" content=\"https:\/\/www.almega.se\/app\/uploads\/2020\/12\/981ff8e2-817b-4c67-8418-0e602db1f24d-scaled.jpg\" \/>\n\t<meta property=\"og:image:width\" content=\"2560\" \/>\n\t<meta property=\"og:image:height\" content=\"1707\" \/>\n\t<meta property=\"og:image:type\" content=\"image\/jpeg\" \/>\n<meta name=\"author\" content=\"emmaf\" \/>\n<meta name=\"twitter:card\" content=\"summary_large_image\" \/>\n<meta name=\"twitter:label1\" content=\"Skriven av\" \/>\n\t<meta name=\"twitter:data1\" content=\"emmaf\" \/>\n\t<meta name=\"twitter:label2\" content=\"Ber\u00e4knad l\u00e4stid\" \/>\n\t<meta name=\"twitter:data2\" content=\"1 minut\" \/>\n<!-- \/ Yoast SEO Premium plugin. -->","yoast_head_json":{"title":"Almega i m\u00e5l med \u00e5rets f\u00f6rsta kollektivavtal \u2013 Fastigheter branschavtal | Almega","robots":{"index":"index","follow":"follow","max-snippet":"max-snippet:-1","max-image-preview":"max-image-preview:large","max-video-preview":"max-video-preview:-1"},"canonical":"https:\/\/www.almega.se\/2020\/11\/almega-i-mal-med-arets-forsta-kollektivavtal-fastigheter-branschavtal\/","og_locale":"sv_SE","og_type":"article","og_title":"Almega i m\u00e5l med \u00e5rets f\u00f6rsta kollektivavtal \u2013 Fastigheter branschavtal","og_description":"Almega Tj\u00e4nstef\u00f6rbunden Fastighetsarbetsgivarna har idag tillsammans med Fastighetsanst\u00e4lldas f\u00f6rbund tr\u00e4ffat ett nytt kollektivavtal f\u00f6r Fastigheter branschavtal. Det \u00e4r det f\u00f6rsta av 130 avtal som Almegas f\u00f6rbund tr\u00e4ffar i \u00e5rets avtalsr\u00f6relse. Det nya avtalet str\u00e4cker sig \u00f6ver 29 m\u00e5nader med en total l\u00f6ne\u00f6kningsniv\u00e5 p\u00e5 5,4 procent. Inom kostnadsramen ryms \u00e4ven pensionsavs\u00e4ttningar.","og_url":"https:\/\/www.almega.se\/2020\/11\/almega-i-mal-med-arets-forsta-kollektivavtal-fastigheter-branschavtal\/","og_site_name":"Almega","article_published_time":"2020-11-18T06:00:00+00:00","og_image":[{"width":2560,"height":1707,"url":"https:\/\/www.almega.se\/app\/uploads\/2020\/12\/981ff8e2-817b-4c67-8418-0e602db1f24d-scaled.jpg","type":"image\/jpeg"}],"author":"emmaf","twitter_card":"summary_large_image","twitter_misc":{"Skriven av":"emmaf","Ber\u00e4knad l\u00e4stid":"1 minut"},"schema":{"@context":"https:\/\/schema.org","@graph":[{"@type":"NewsArticle","@id":"https:\/\/www.almega.se\/2020\/11\/almega-i-mal-med-arets-forsta-kollektivavtal-fastigheter-branschavtal\/#article","isPartOf":{"@id":"https:\/\/www.almega.se\/2020\/11\/almega-i-mal-med-arets-forsta-kollektivavtal-fastigheter-branschavtal\/"},"author":{"name":"emmaf","@id":"https:\/\/www.almega.se\/#\/schema\/person\/7dcd85c42437215aafce170ec28e2fac"},"headline":"Almega i m\u00e5l med \u00e5rets f\u00f6rsta kollektivavtal \u2013 Fastigheter branschavtal","datePublished":"2020-11-18T06:00:00+00:00","mainEntityOfPage":{"@id":"https:\/\/www.almega.se\/2020\/11\/almega-i-mal-med-arets-forsta-kollektivavtal-fastigheter-branschavtal\/"},"wordCount":140,"image":{"@id":"https:\/\/www.almega.se\/2020\/11\/almega-i-mal-med-arets-forsta-kollektivavtal-fastigheter-branschavtal\/#primaryimage"},"thumbnailUrl":"https:\/\/www.almega.se\/app\/uploads\/2020\/12\/981ff8e2-817b-4c67-8418-0e602db1f24d-scaled.jpg","keywords":["Kollektivavtal"],"articleSection":["Arbetsgivarfr\u00e5gor"],"inLanguage":"sv-SE"},{"@type":"WebPage","@id":"https:\/\/www.almega.se\/2020\/11\/almega-i-mal-med-arets-forsta-kollektivavtal-fastigheter-branschavtal\/","url":"https:\/\/www.almega.se\/2020\/11\/almega-i-mal-med-arets-forsta-kollektivavtal-fastigheter-branschavtal\/","name":"Almega i m\u00e5l med \u00e5rets f\u00f6rsta kollektivavtal \u2013 Fastigheter branschavtal | Almega","isPartOf":{"@id":"https:\/\/www.almega.se\/#website"},"primaryImageOfPage":{"@id":"https:\/\/www.almega.se\/2020\/11\/almega-i-mal-med-arets-forsta-kollektivavtal-fastigheter-branschavtal\/#primaryimage"},"image":{"@id":"https:\/\/www.almega.se\/2020\/11\/almega-i-mal-med-arets-forsta-kollektivavtal-fastigheter-branschavtal\/#primaryimage"},"thumbnailUrl":"https:\/\/www.almega.se\/app\/uploads\/2020\/12\/981ff8e2-817b-4c67-8418-0e602db1f24d-scaled.jpg","datePublished":"2020-11-18T06:00:00+00:00","author":{"@id":"https:\/\/www.almega.se\/#\/schema\/person\/7dcd85c42437215aafce170ec28e2fac"},"breadcrumb":{"@id":"https:\/\/www.almega.se\/2020\/11\/almega-i-mal-med-arets-forsta-kollektivavtal-fastigheter-branschavtal\/#breadcrumb"},"inLanguage":"sv-SE","potentialAction":[{"@type":"ReadAction","target":["https:\/\/www.almega.se\/2020\/11\/almega-i-mal-med-arets-forsta-kollektivavtal-fastigheter-branschavtal\/"]}]},{"@type":"ImageObject","inLanguage":"sv-SE","@id":"https:\/\/www.almega.se\/2020\/11\/almega-i-mal-med-arets-forsta-kollektivavtal-fastigheter-branschavtal\/#primaryimage","url":"https:\/\/www.almega.se\/app\/uploads\/2020\/12\/981ff8e2-817b-4c67-8418-0e602db1f24d-scaled.jpg","contentUrl":"https:\/\/www.almega.se\/app\/uploads\/2020\/12\/981ff8e2-817b-4c67-8418-0e602db1f24d-scaled.jpg","width":2560,"height":1707,"caption":"Stefan Lennstr\u00f6m, avtalsansvarig f\u00f6rhandlare f\u00f6r Almega Fastighetsarbetsgivarna"},{"@type":"BreadcrumbList","@id":"https:\/\/www.almega.se\/2020\/11\/almega-i-mal-med-arets-forsta-kollektivavtal-fastigheter-branschavtal\/#breadcrumb","itemListElement":[{"@type":"ListItem","position":1,"name":"Home","item":"https:\/\/www.almega.se\/"},{"@type":"ListItem","position":2,"name":"Almega i m\u00e5l med \u00e5rets f\u00f6rsta kollektivavtal \u2013 Fastigheter branschavtal"}]},{"@type":"WebSite","@id":"https:\/\/www.almega.se\/#website","url":"https:\/\/www.almega.se\/","name":"Almega","description":"","potentialAction":[{"@type":"SearchAction","target":{"@type":"EntryPoint","urlTemplate":"https:\/\/www.almega.se\/?s={search_term_string}"},"query-input":{"@type":"PropertyValueSpecification","valueRequired":true,"valueName":"search_term_string"}}],"inLanguage":"sv-SE"},{"@type":"Person","@id":"https:\/\/www.almega.se\/#\/schema\/person\/7dcd85c42437215aafce170ec28e2fac","name":"emmaf","image":{"@type":"ImageObject","inLanguage":"sv-SE","@id":"https:\/\/www.almega.se\/#\/schema\/person\/image\/","url":"https:\/\/secure.gravatar.com\/avatar\/7d7de2d34f664967395b2486fe4409bcc5db61c29c5fe0dfca5e5be04df31c34?s=96&d=mm&r=g","contentUrl":"https:\/\/secure.gravatar.com\/avatar\/7d7de2d34f664967395b2486fe4409bcc5db61c29c5fe0dfca5e5be04df31c34?s=96&d=mm&r=g","caption":"emmaf"},"url":"https:\/\/www.almega.se\/person\/emmaf\/"}]}},"_links":{"self":[{"href":"https:\/\/www.almega.se\/api\/wp\/v2\/posts\/32186","targetHints":{"allow":["GET"]}}],"collection":[{"href":"https:\/\/www.almega.se\/api\/wp\/v2\/posts"}],"about":[{"href":"https:\/\/www.almega.se\/api\/wp\/v2\/types\/post"}],"author":[{"embeddable":true,"href":"https:\/\/www.almega.se\/api\/wp\/v2\/users\/14827"}],"replies":[{"embeddable":true,"href":"https:\/\/www.almega.se\/api\/wp\/v2\/comments?post=32186"}],"version-history":[{"count":3,"href":"https:\/\/www.almega.se\/api\/wp\/v2\/posts\/32186\/revisions"}],"predecessor-version":[{"id":54554,"href":"https:\/\/www.almega.se\/api\/wp\/v2\/posts\/32186\/revisions\/54554"}],"wp:featuredmedia":[{"embeddable":true,"href":"https:\/\/www.almega.se\/api\/wp\/v2\/media\/33581"}],"wp:attachment":[{"href":"https:\/\/www.almega.se\/api\/wp\/v2\/media?parent=32186"}],"wp:term":[{"taxonomy":"category","embeddable":true,"href":"https:\/\/www.almega.se\/api\/wp\/v2\/categories?post=32186"},{"taxonomy":"post_tag","embeddable":true,"href":"https:\/\/www.almega.se\/api\/wp\/v2\/tags?post=32186"},{"taxonomy":"type","embeddable":true,"href":"https:\/\/www.almega.se\/api\/wp\/v2\/article_type?post=32186"},{"taxonomy":"agreement","embeddable":true,"href":"https:\/\/www.almega.se\/api\/wp\/v2\/agreement?post=32186"}],"curies":[{"name":"wp","href":"https:\/\/api.w.org\/{rel}","templated":true}]}}