{"id":32107,"date":"2020-11-09T14:42:08","date_gmt":"2020-11-09T13:42:08","guid":{"rendered":"https:\/\/www.almega.se\/2020\/11\/det-raddar-minst-60-000-jobb-almega-om-det-forlangda-permitteringsstodet\/"},"modified":"2020-11-09T14:42:08","modified_gmt":"2020-11-09T13:42:08","slug":"det-raddar-minst-60-000-jobb-almega-om-det-forlangda-permitteringsstodet","status":"publish","type":"post","link":"https:\/\/www.almega.se\/2020\/11\/det-raddar-minst-60-000-jobb-almega-om-det-forlangda-permitteringsstodet\/","title":{"rendered":"\u201dDet r\u00e4ddar minst 60 000 jobb\u201d \u2013 Almega om det f\u00f6rl\u00e4ngda permitterings&shy;st\u00f6det"},"content":{"rendered":"<p class=\"intro\">St\u00f6det f\u00f6r korttidsarbete till f\u00f6retag som drabbats av coronapandemin f\u00f6rl\u00e4ngs med ett halv\u00e5r till den sista juni n\u00e4sta \u00e5r.<\/p>\n\n<p>\u2013 Vi har efterfr\u00e5gat besked l\u00e4nge och \u00e4r givetvis n\u00f6jda. Ers\u00e4ttningen f\u00f6r korttidsarbete har varit den enskilt mest effektiva \u00e5tg\u00e4rden n\u00e4r det g\u00e4ller att beh\u00e5lla f\u00f6retag och jobb, s\u00e4ger Andreas \u00c5str\u00f6m, n\u00e4ringspolitisk chef p\u00e5 Almega.<\/p>\n\n\n\n<p>Av en f\u00e4rsk enk\u00e4tunders\u00f6kning bland Almegas medlemmar framg\u00e5r att 45 procent av de som s\u00f6kt st\u00f6d har kunnat undvika konkurs tack vare detta. Dessutom&nbsp;har hela 90 procent kunnat undvika att s\u00e4ga upp personal&nbsp;genom permitteringar.<\/p>\n\n\n\n<p>\u2013 F\u00f6r m\u00e5nga f\u00f6retag i tj\u00e4nstesektorn inneb\u00e4r dagens restriktioner i praktiken n\u00e4ringsf\u00f6rbud och coronakrisen \u00e4r alltj\u00e4mt lika p\u00e5taglig som den var i april. Bland v\u00e5ra medlemmar \u00e4r det en klar majoritet som beh\u00f6ver korttidsst\u00f6d \u00e4ven 2021, s\u00e4ger Andreas \u00c5str\u00f6m.<\/p>\n\n\n\n<p>Enligt ber\u00e4kningar som Almega har gjort utifr\u00e5n SCB:s arbetskraftsunders\u00f6kning och statistik fr\u00e5n Arbetsf\u00f6rmedlingen har 35 000 personer inom den privata tj\u00e4nstesektorn hittills under pandemin blivit av med jobbet. Dessutom skulle ytterligare jobb f\u00f6rsvinna utan m\u00f6jlighet till korttidsarbete.<\/p>\n\n\n\n<p>\u2013 Ett f\u00f6rl\u00e4ngt st\u00f6d r\u00e4ddar minst 60 000 jobb. S\u00e5 m\u00e5nga \u00e4r idag antingen varslade eller permitterade bara inom tj\u00e4nstesektorn. Att f\u00f6rl\u00e4nga st\u00f6det f\u00f6r korttidsarbete \u00f6kar m\u00f6jligheten att r\u00e4dda dessa jobb, s\u00e4ger Andreas \u00c5str\u00f6m.<\/p>\n\n\n\n<p>\u2013 Tillsammans med f\u00f6rslagen om att f\u00f6rl\u00e4nga omst\u00e4llningsst\u00f6det och anst\u00e5ndet f\u00f6r skatteinbetalningar betyder ett f\u00f6rl\u00e4ngt st\u00f6d f\u00f6r korttidsarbete att f\u00f6retagen f\u00e5r en rimlig chans att rida ut stormen, s\u00e4ger Andreas \u00c5str\u00f6m.<\/p>\n","protected":false},"excerpt":{"rendered":"<p>St\u00f6det f\u00f6r korttidsarbete till f\u00f6retag som drabbats av coronapandemin f\u00f6rl\u00e4ngs med ett halv\u00e5r till den sista juni n\u00e4sta \u00e5r.<\/p>\n","protected":false},"author":14827,"featured_media":0,"comment_status":"closed","ping_status":"closed","sticky":false,"template":"","format":"standard","meta":{"_acf_changed":false,"footnotes":""},"categories":[64],"tags":[488],"article_type":[93],"agreement":[],"class_list":["post-32107","post","type-post","status-publish","format-standard","hentry","category-arbetsmarknad","tag-korttidspermittering","type-pressmeddelanden"],"acf":[],"yoast_head":"<!-- This site is optimized with the Yoast SEO Premium plugin v26.8 (Yoast SEO v26.8) - https:\/\/yoast.com\/product\/yoast-seo-premium-wordpress\/ -->\n<title>\u201dDet r\u00e4ddar minst 60 000 jobb\u201d \u2013 Almega om det f\u00f6rl\u00e4ngda permitteringsst\u00f6det | Almega<\/title>\n<meta name=\"robots\" content=\"index, follow, max-snippet:-1, max-image-preview:large, max-video-preview:-1\" \/>\n<link rel=\"canonical\" href=\"https:\/\/www.almega.se\/2020\/11\/det-raddar-minst-60-000-jobb-almega-om-det-forlangda-permitteringsstodet\/\" \/>\n<meta property=\"og:locale\" content=\"sv_SE\" \/>\n<meta property=\"og:type\" content=\"article\" \/>\n<meta property=\"og:title\" content=\"\u201dDet r\u00e4ddar minst 60 000 jobb\u201d \u2013 Almega om det f\u00f6rl\u00e4ngda permitteringsst\u00f6det\" \/>\n<meta property=\"og:description\" content=\"St\u00f6det f\u00f6r korttidsarbete till f\u00f6retag som drabbats av coronapandemin f\u00f6rl\u00e4ngs med ett halv\u00e5r till den sista juni n\u00e4sta \u00e5r.\" \/>\n<meta property=\"og:url\" content=\"https:\/\/www.almega.se\/2020\/11\/det-raddar-minst-60-000-jobb-almega-om-det-forlangda-permitteringsstodet\/\" \/>\n<meta property=\"og:site_name\" content=\"Almega\" \/>\n<meta property=\"article:published_time\" content=\"2020-11-09T13:42:08+00:00\" \/>\n<meta property=\"og:image\" content=\"https:\/\/www.almega.se\/app\/uploads\/2020\/12\/almega-share-logo.png\" \/>\n\t<meta property=\"og:image:width\" content=\"1200\" \/>\n\t<meta property=\"og:image:height\" content=\"630\" \/>\n\t<meta property=\"og:image:type\" content=\"image\/png\" \/>\n<meta name=\"author\" content=\"emmaf\" \/>\n<meta name=\"twitter:card\" content=\"summary_large_image\" \/>\n<meta name=\"twitter:label1\" content=\"Skriven av\" \/>\n\t<meta name=\"twitter:data1\" content=\"emmaf\" \/>\n\t<meta name=\"twitter:label2\" content=\"Ber\u00e4knad l\u00e4stid\" \/>\n\t<meta name=\"twitter:data2\" content=\"2 minuter\" \/>\n<!-- \/ Yoast SEO Premium plugin. -->","yoast_head_json":{"title":"\u201dDet r\u00e4ddar minst 60 000 jobb\u201d \u2013 Almega om det f\u00f6rl\u00e4ngda permitteringsst\u00f6det | Almega","robots":{"index":"index","follow":"follow","max-snippet":"max-snippet:-1","max-image-preview":"max-image-preview:large","max-video-preview":"max-video-preview:-1"},"canonical":"https:\/\/www.almega.se\/2020\/11\/det-raddar-minst-60-000-jobb-almega-om-det-forlangda-permitteringsstodet\/","og_locale":"sv_SE","og_type":"article","og_title":"\u201dDet r\u00e4ddar minst 60 000 jobb\u201d \u2013 Almega om det f\u00f6rl\u00e4ngda permitteringsst\u00f6det","og_description":"St\u00f6det f\u00f6r korttidsarbete till f\u00f6retag som drabbats av coronapandemin f\u00f6rl\u00e4ngs med ett halv\u00e5r till den sista juni n\u00e4sta \u00e5r.","og_url":"https:\/\/www.almega.se\/2020\/11\/det-raddar-minst-60-000-jobb-almega-om-det-forlangda-permitteringsstodet\/","og_site_name":"Almega","article_published_time":"2020-11-09T13:42:08+00:00","og_image":[{"width":1200,"height":630,"url":"https:\/\/www.almega.se\/app\/uploads\/2020\/12\/almega-share-logo.png","type":"image\/png"}],"author":"emmaf","twitter_card":"summary_large_image","twitter_misc":{"Skriven av":"emmaf","Ber\u00e4knad l\u00e4stid":"2 minuter"},"schema":{"@context":"https:\/\/schema.org","@graph":[{"@type":"NewsArticle","@id":"https:\/\/www.almega.se\/2020\/11\/det-raddar-minst-60-000-jobb-almega-om-det-forlangda-permitteringsstodet\/#article","isPartOf":{"@id":"https:\/\/www.almega.se\/2020\/11\/det-raddar-minst-60-000-jobb-almega-om-det-forlangda-permitteringsstodet\/"},"author":{"name":"emmaf","@id":"https:\/\/www.almega.se\/#\/schema\/person\/7dcd85c42437215aafce170ec28e2fac"},"headline":"\u201dDet r\u00e4ddar minst 60 000 jobb\u201d \u2013 Almega om det f\u00f6rl\u00e4ngda permitterings&shy;st\u00f6det","datePublished":"2020-11-09T13:42:08+00:00","mainEntityOfPage":{"@id":"https:\/\/www.almega.se\/2020\/11\/det-raddar-minst-60-000-jobb-almega-om-det-forlangda-permitteringsstodet\/"},"wordCount":288,"keywords":["Korttidspermittering"],"articleSection":["Arbetsmarknad"],"inLanguage":"sv-SE"},{"@type":"WebPage","@id":"https:\/\/www.almega.se\/2020\/11\/det-raddar-minst-60-000-jobb-almega-om-det-forlangda-permitteringsstodet\/","url":"https:\/\/www.almega.se\/2020\/11\/det-raddar-minst-60-000-jobb-almega-om-det-forlangda-permitteringsstodet\/","name":"\u201dDet r\u00e4ddar minst 60 000 jobb\u201d \u2013 Almega om det f\u00f6rl\u00e4ngda permitteringsst\u00f6det | Almega","isPartOf":{"@id":"https:\/\/www.almega.se\/#website"},"datePublished":"2020-11-09T13:42:08+00:00","author":{"@id":"https:\/\/www.almega.se\/#\/schema\/person\/7dcd85c42437215aafce170ec28e2fac"},"breadcrumb":{"@id":"https:\/\/www.almega.se\/2020\/11\/det-raddar-minst-60-000-jobb-almega-om-det-forlangda-permitteringsstodet\/#breadcrumb"},"inLanguage":"sv-SE","potentialAction":[{"@type":"ReadAction","target":["https:\/\/www.almega.se\/2020\/11\/det-raddar-minst-60-000-jobb-almega-om-det-forlangda-permitteringsstodet\/"]}]},{"@type":"BreadcrumbList","@id":"https:\/\/www.almega.se\/2020\/11\/det-raddar-minst-60-000-jobb-almega-om-det-forlangda-permitteringsstodet\/#breadcrumb","itemListElement":[{"@type":"ListItem","position":1,"name":"Home","item":"https:\/\/www.almega.se\/"},{"@type":"ListItem","position":2,"name":"\u201dDet r\u00e4ddar minst 60 000 jobb\u201d \u2013 Almega om det f\u00f6rl\u00e4ngda permitterings&shy;st\u00f6det"}]},{"@type":"WebSite","@id":"https:\/\/www.almega.se\/#website","url":"https:\/\/www.almega.se\/","name":"Almega","description":"","potentialAction":[{"@type":"SearchAction","target":{"@type":"EntryPoint","urlTemplate":"https:\/\/www.almega.se\/?s={search_term_string}"},"query-input":{"@type":"PropertyValueSpecification","valueRequired":true,"valueName":"search_term_string"}}],"inLanguage":"sv-SE"},{"@type":"Person","@id":"https:\/\/www.almega.se\/#\/schema\/person\/7dcd85c42437215aafce170ec28e2fac","name":"emmaf","image":{"@type":"ImageObject","inLanguage":"sv-SE","@id":"https:\/\/www.almega.se\/#\/schema\/person\/image\/","url":"https:\/\/secure.gravatar.com\/avatar\/7d7de2d34f664967395b2486fe4409bcc5db61c29c5fe0dfca5e5be04df31c34?s=96&d=mm&r=g","contentUrl":"https:\/\/secure.gravatar.com\/avatar\/7d7de2d34f664967395b2486fe4409bcc5db61c29c5fe0dfca5e5be04df31c34?s=96&d=mm&r=g","caption":"emmaf"},"url":"https:\/\/www.almega.se\/person\/emmaf\/"}]}},"_links":{"self":[{"href":"https:\/\/www.almega.se\/api\/wp\/v2\/posts\/32107","targetHints":{"allow":["GET"]}}],"collection":[{"href":"https:\/\/www.almega.se\/api\/wp\/v2\/posts"}],"about":[{"href":"https:\/\/www.almega.se\/api\/wp\/v2\/types\/post"}],"author":[{"embeddable":true,"href":"https:\/\/www.almega.se\/api\/wp\/v2\/users\/14827"}],"replies":[{"embeddable":true,"href":"https:\/\/www.almega.se\/api\/wp\/v2\/comments?post=32107"}],"version-history":[{"count":2,"href":"https:\/\/www.almega.se\/api\/wp\/v2\/posts\/32107\/revisions"}],"predecessor-version":[{"id":53931,"href":"https:\/\/www.almega.se\/api\/wp\/v2\/posts\/32107\/revisions\/53931"}],"wp:attachment":[{"href":"https:\/\/www.almega.se\/api\/wp\/v2\/media?parent=32107"}],"wp:term":[{"taxonomy":"category","embeddable":true,"href":"https:\/\/www.almega.se\/api\/wp\/v2\/categories?post=32107"},{"taxonomy":"post_tag","embeddable":true,"href":"https:\/\/www.almega.se\/api\/wp\/v2\/tags?post=32107"},{"taxonomy":"type","embeddable":true,"href":"https:\/\/www.almega.se\/api\/wp\/v2\/article_type?post=32107"},{"taxonomy":"agreement","embeddable":true,"href":"https:\/\/www.almega.se\/api\/wp\/v2\/agreement?post=32107"}],"curies":[{"name":"wp","href":"https:\/\/api.w.org\/{rel}","templated":true}]}}