{"id":32081,"date":"2020-11-05T14:17:57","date_gmt":"2020-11-05T13:17:57","guid":{"rendered":"https:\/\/www.almega.se\/2020\/11\/krisen-kraver-forlangda-krisatgarder-almega-valkomnar-ms-forslag\/"},"modified":"2020-11-05T14:17:57","modified_gmt":"2020-11-05T13:17:57","slug":"krisen-kraver-forlangda-krisatgarder-almega-valkomnar-ms-forslag","status":"publish","type":"post","link":"https:\/\/www.almega.se\/2020\/11\/krisen-kraver-forlangda-krisatgarder-almega-valkomnar-ms-forslag\/","title":{"rendered":"\u201dKrisen kr\u00e4ver f\u00f6rl\u00e4ngda kris\u00e5tg\u00e4rder\u201d \u2013 Almega v\u00e4lkomnar M:s f\u00f6rslag"},"content":{"rendered":"<p class=\"intro\">Under torsdagen presenterade Moderaternas ekonomiskpolitiska talesperson Elisabeth Svantesson f\u00f6rslag p\u00e5 hur f\u00f6retagens akuta kris kan lindras.<\/p>\n\n<p>\u2013 Krisen kr\u00e4ver f\u00f6rl\u00e4ngda kris\u00e5tg\u00e4rder. Sammantaget \u00e4r Moderaternas f\u00f6rslag viktiga steg f\u00f6r att r\u00e4dda jobb och f\u00f6retag. De ligger i linje med Almegas krav p\u00e5 ytterligare kris\u00e5tg\u00e4rder, s\u00e4ger Andreas \u00c5str\u00f6m, n\u00e4ringspolitisk chef p\u00e5 Almega.<\/p>\n\n\n\n<p>Det \u00e4r ett antal st\u00f6dformer som Moderaterna&nbsp;anser&nbsp;m\u00e5ste ses \u00f6ver f\u00f6r att hj\u00e4lpa fler f\u00f6retag n\u00e4r smittspridningen \u00e5terigen har \u00f6kat, d\u00e4ribland korttidsarbetet, omst\u00e4llningsst\u00f6det, f\u00f6retagsakuten och uppskoven f\u00f6r skatteinbetalningar.<\/p>\n\n\n\n<p>\u2013 F\u00f6rslaget om att f\u00f6rl\u00e4nga m\u00f6jligheten till korttidsarbete till sommaren \u00e4r helt n\u00f6dv\u00e4ndigt. Dessutom m\u00e5ste den bortre tidsgr\u00e4nsen p\u00e5 nio m\u00e5nader tas bort f\u00f6r f\u00f6retag som beh\u00f6ver ers\u00e4ttning en bra bit in p\u00e5 n\u00e4sta \u00e5r, s\u00e4ger Andreas \u00c5str\u00f6m.<\/p>\n\n\n\n<p>\u2013 Att f\u00f6rl\u00e4nga omst\u00e4llningsst\u00f6det och ta bort revisorskravet f\u00f6r sm\u00e5 och medelstora f\u00f6retag kan leda till en viktig injektion f\u00f6r krisande branscher i tj\u00e4nstesektorn. F\u00f6r att r\u00e4dda f\u00f6retag fr\u00e5n konkurs \u00e4r det \u00e4ven extremt viktigt med f\u00f6rl\u00e4ngda skatteuppskov, s\u00e4ger Andreas \u00c5str\u00f6m.<\/p>\n","protected":false},"excerpt":{"rendered":"<p>Under torsdagen presenterade Moderaternas ekonomiskpolitiska talesperson Elisabeth Svantesson f\u00f6rslag p\u00e5 hur f\u00f6retagens akuta kris kan lindras.<\/p>\n","protected":false},"author":14827,"featured_media":0,"comment_status":"closed","ping_status":"closed","sticky":false,"template":"","format":"standard","meta":{"_acf_changed":false,"footnotes":""},"categories":[64],"tags":[486,488],"article_type":[93],"agreement":[],"class_list":["post-32081","post","type-post","status-publish","format-standard","hentry","category-arbetsmarknad","tag-covid-19","tag-korttidspermittering","type-pressmeddelanden"],"acf":[],"yoast_head":"<!-- This site is optimized with the Yoast SEO Premium plugin v26.8 (Yoast SEO v26.8) - https:\/\/yoast.com\/product\/yoast-seo-premium-wordpress\/ -->\n<title>\u201dKrisen kr\u00e4ver f\u00f6rl\u00e4ngda kris\u00e5tg\u00e4rder\u201d \u2013 Almega v\u00e4lkomnar M:s f\u00f6rslag | Almega<\/title>\n<meta name=\"robots\" content=\"index, follow, max-snippet:-1, max-image-preview:large, max-video-preview:-1\" \/>\n<link rel=\"canonical\" href=\"https:\/\/www.almega.se\/2020\/11\/krisen-kraver-forlangda-krisatgarder-almega-valkomnar-ms-forslag\/\" \/>\n<meta property=\"og:locale\" content=\"sv_SE\" \/>\n<meta property=\"og:type\" content=\"article\" \/>\n<meta property=\"og:title\" content=\"\u201dKrisen kr\u00e4ver f\u00f6rl\u00e4ngda kris\u00e5tg\u00e4rder\u201d \u2013 Almega v\u00e4lkomnar M:s f\u00f6rslag\" \/>\n<meta property=\"og:description\" content=\"Under torsdagen presenterade Moderaternas ekonomiskpolitiska talesperson Elisabeth Svantesson f\u00f6rslag p\u00e5 hur f\u00f6retagens akuta kris kan lindras.\" \/>\n<meta property=\"og:url\" content=\"https:\/\/www.almega.se\/2020\/11\/krisen-kraver-forlangda-krisatgarder-almega-valkomnar-ms-forslag\/\" \/>\n<meta property=\"og:site_name\" content=\"Almega\" \/>\n<meta property=\"article:published_time\" content=\"2020-11-05T13:17:57+00:00\" \/>\n<meta property=\"og:image\" content=\"https:\/\/www.almega.se\/app\/uploads\/2020\/12\/almega-share-logo.png\" \/>\n\t<meta property=\"og:image:width\" content=\"1200\" \/>\n\t<meta property=\"og:image:height\" content=\"630\" \/>\n\t<meta property=\"og:image:type\" content=\"image\/png\" \/>\n<meta name=\"author\" content=\"emmaf\" \/>\n<meta name=\"twitter:card\" content=\"summary_large_image\" \/>\n<meta name=\"twitter:label1\" content=\"Skriven av\" \/>\n\t<meta name=\"twitter:data1\" content=\"emmaf\" \/>\n\t<meta name=\"twitter:label2\" content=\"Ber\u00e4knad l\u00e4stid\" \/>\n\t<meta name=\"twitter:data2\" content=\"1 minut\" \/>\n<!-- \/ Yoast SEO Premium plugin. -->","yoast_head_json":{"title":"\u201dKrisen kr\u00e4ver f\u00f6rl\u00e4ngda kris\u00e5tg\u00e4rder\u201d \u2013 Almega v\u00e4lkomnar M:s f\u00f6rslag | Almega","robots":{"index":"index","follow":"follow","max-snippet":"max-snippet:-1","max-image-preview":"max-image-preview:large","max-video-preview":"max-video-preview:-1"},"canonical":"https:\/\/www.almega.se\/2020\/11\/krisen-kraver-forlangda-krisatgarder-almega-valkomnar-ms-forslag\/","og_locale":"sv_SE","og_type":"article","og_title":"\u201dKrisen kr\u00e4ver f\u00f6rl\u00e4ngda kris\u00e5tg\u00e4rder\u201d \u2013 Almega v\u00e4lkomnar M:s f\u00f6rslag","og_description":"Under torsdagen presenterade Moderaternas ekonomiskpolitiska talesperson Elisabeth Svantesson f\u00f6rslag p\u00e5 hur f\u00f6retagens akuta kris kan lindras.","og_url":"https:\/\/www.almega.se\/2020\/11\/krisen-kraver-forlangda-krisatgarder-almega-valkomnar-ms-forslag\/","og_site_name":"Almega","article_published_time":"2020-11-05T13:17:57+00:00","og_image":[{"width":1200,"height":630,"url":"https:\/\/www.almega.se\/app\/uploads\/2020\/12\/almega-share-logo.png","type":"image\/png"}],"author":"emmaf","twitter_card":"summary_large_image","twitter_misc":{"Skriven av":"emmaf","Ber\u00e4knad l\u00e4stid":"1 minut"},"schema":{"@context":"https:\/\/schema.org","@graph":[{"@type":"NewsArticle","@id":"https:\/\/www.almega.se\/2020\/11\/krisen-kraver-forlangda-krisatgarder-almega-valkomnar-ms-forslag\/#article","isPartOf":{"@id":"https:\/\/www.almega.se\/2020\/11\/krisen-kraver-forlangda-krisatgarder-almega-valkomnar-ms-forslag\/"},"author":{"name":"emmaf","@id":"https:\/\/www.almega.se\/#\/schema\/person\/7dcd85c42437215aafce170ec28e2fac"},"headline":"\u201dKrisen kr\u00e4ver f\u00f6rl\u00e4ngda kris\u00e5tg\u00e4rder\u201d \u2013 Almega v\u00e4lkomnar M:s f\u00f6rslag","datePublished":"2020-11-05T13:17:57+00:00","mainEntityOfPage":{"@id":"https:\/\/www.almega.se\/2020\/11\/krisen-kraver-forlangda-krisatgarder-almega-valkomnar-ms-forslag\/"},"wordCount":214,"keywords":["covid -19","Korttidspermittering"],"articleSection":["Arbetsmarknad"],"inLanguage":"sv-SE"},{"@type":"WebPage","@id":"https:\/\/www.almega.se\/2020\/11\/krisen-kraver-forlangda-krisatgarder-almega-valkomnar-ms-forslag\/","url":"https:\/\/www.almega.se\/2020\/11\/krisen-kraver-forlangda-krisatgarder-almega-valkomnar-ms-forslag\/","name":"\u201dKrisen kr\u00e4ver f\u00f6rl\u00e4ngda kris\u00e5tg\u00e4rder\u201d \u2013 Almega v\u00e4lkomnar M:s f\u00f6rslag | Almega","isPartOf":{"@id":"https:\/\/www.almega.se\/#website"},"datePublished":"2020-11-05T13:17:57+00:00","author":{"@id":"https:\/\/www.almega.se\/#\/schema\/person\/7dcd85c42437215aafce170ec28e2fac"},"breadcrumb":{"@id":"https:\/\/www.almega.se\/2020\/11\/krisen-kraver-forlangda-krisatgarder-almega-valkomnar-ms-forslag\/#breadcrumb"},"inLanguage":"sv-SE","potentialAction":[{"@type":"ReadAction","target":["https:\/\/www.almega.se\/2020\/11\/krisen-kraver-forlangda-krisatgarder-almega-valkomnar-ms-forslag\/"]}]},{"@type":"BreadcrumbList","@id":"https:\/\/www.almega.se\/2020\/11\/krisen-kraver-forlangda-krisatgarder-almega-valkomnar-ms-forslag\/#breadcrumb","itemListElement":[{"@type":"ListItem","position":1,"name":"Home","item":"https:\/\/www.almega.se\/"},{"@type":"ListItem","position":2,"name":"\u201dKrisen kr\u00e4ver f\u00f6rl\u00e4ngda kris\u00e5tg\u00e4rder\u201d \u2013 Almega v\u00e4lkomnar M:s f\u00f6rslag"}]},{"@type":"WebSite","@id":"https:\/\/www.almega.se\/#website","url":"https:\/\/www.almega.se\/","name":"Almega","description":"","potentialAction":[{"@type":"SearchAction","target":{"@type":"EntryPoint","urlTemplate":"https:\/\/www.almega.se\/?s={search_term_string}"},"query-input":{"@type":"PropertyValueSpecification","valueRequired":true,"valueName":"search_term_string"}}],"inLanguage":"sv-SE"},{"@type":"Person","@id":"https:\/\/www.almega.se\/#\/schema\/person\/7dcd85c42437215aafce170ec28e2fac","name":"emmaf","image":{"@type":"ImageObject","inLanguage":"sv-SE","@id":"https:\/\/www.almega.se\/#\/schema\/person\/image\/","url":"https:\/\/secure.gravatar.com\/avatar\/7d7de2d34f664967395b2486fe4409bcc5db61c29c5fe0dfca5e5be04df31c34?s=96&d=mm&r=g","contentUrl":"https:\/\/secure.gravatar.com\/avatar\/7d7de2d34f664967395b2486fe4409bcc5db61c29c5fe0dfca5e5be04df31c34?s=96&d=mm&r=g","caption":"emmaf"},"url":"https:\/\/www.almega.se\/person\/emmaf\/"}]}},"_links":{"self":[{"href":"https:\/\/www.almega.se\/api\/wp\/v2\/posts\/32081","targetHints":{"allow":["GET"]}}],"collection":[{"href":"https:\/\/www.almega.se\/api\/wp\/v2\/posts"}],"about":[{"href":"https:\/\/www.almega.se\/api\/wp\/v2\/types\/post"}],"author":[{"embeddable":true,"href":"https:\/\/www.almega.se\/api\/wp\/v2\/users\/14827"}],"replies":[{"embeddable":true,"href":"https:\/\/www.almega.se\/api\/wp\/v2\/comments?post=32081"}],"version-history":[{"count":2,"href":"https:\/\/www.almega.se\/api\/wp\/v2\/posts\/32081\/revisions"}],"predecessor-version":[{"id":53908,"href":"https:\/\/www.almega.se\/api\/wp\/v2\/posts\/32081\/revisions\/53908"}],"wp:attachment":[{"href":"https:\/\/www.almega.se\/api\/wp\/v2\/media?parent=32081"}],"wp:term":[{"taxonomy":"category","embeddable":true,"href":"https:\/\/www.almega.se\/api\/wp\/v2\/categories?post=32081"},{"taxonomy":"post_tag","embeddable":true,"href":"https:\/\/www.almega.se\/api\/wp\/v2\/tags?post=32081"},{"taxonomy":"type","embeddable":true,"href":"https:\/\/www.almega.se\/api\/wp\/v2\/article_type?post=32081"},{"taxonomy":"agreement","embeddable":true,"href":"https:\/\/www.almega.se\/api\/wp\/v2\/agreement?post=32081"}],"curies":[{"name":"wp","href":"https:\/\/api.w.org\/{rel}","templated":true}]}}