{"id":31997,"date":"2020-11-01T13:28:55","date_gmt":"2020-11-01T12:28:55","guid":{"rendered":"https:\/\/www.almega.se\/2020\/11\/almega-starkt-kritiska-till-industriparternas-uppgorelse\/"},"modified":"2020-11-01T13:28:55","modified_gmt":"2020-11-01T12:28:55","slug":"almega-starkt-kritiska-till-industriparternas-uppgorelse","status":"publish","type":"post","link":"https:\/\/www.almega.se\/2020\/11\/almega-starkt-kritiska-till-industriparternas-uppgorelse\/","title":{"rendered":"Almega starkt kritiska till Industriparternas uppg\u00f6relse"},"content":{"rendered":"<p class=\"intro\">I natt blev avtalet mellan industrins parter klart d\u00e5 man kom \u00f6verens om ett 29 m\u00e5naders avtal om 5,4 procent inklusive en s\u00e4rskild l\u00e5gl\u00f6nesatsning och \u00f6kade pensionsavs\u00e4ttningar. Almega \u00e4r starkt kritiska till niv\u00e5n i \u00f6verenskommelsen. &#8221;Vi kan konstatera att denna g\u00e5ng har industrins parter inte lyckats komma \u00f6verens om en normering som tar h\u00e4nsyn till hela n\u00e4ringslivet. Det \u00e4r djupt olyckligt och inte minst f\u00f6r alla de f\u00f6retag och jobb som st\u00e5r p\u00e5 spel&#8221;, s\u00e4ger Stefan Koskinen, arbetsgivarpolitisk chef inom Almega.<\/p>\n\n<p>&#8211;&nbsp;Om det h\u00e4r avtalet f\u00e5r fullt genomslag bland v\u00e5ra branscher riskerar f\u00f6ljderna att bli katastrofala. Att m\u00e5nga f\u00f6retag hittills har kunnat undvika massupps\u00e4gningar \u00e4r tack vare statliga st\u00f6d. Antalet korttidspermitterade i tj\u00e4nstesektorn var i september 85&nbsp;000 och nu st\u00e5r hela branscher \u00e5terigen i praktiken inf\u00f6r n\u00e4ringsf\u00f6rbud. Det kommer att inneb\u00e4ra stora sv\u00e5righeter f\u00f6r f\u00f6retagen att klara sig och dagens korttidspermitteringar kommer att omvandlas till varsel och upps\u00e4gningar f\u00f6r m\u00e5nga medarbetare, s\u00e4ger Stefan Koskinen<\/p>\n\n\n\n<p>&#8211;&nbsp;Den h\u00e4r g\u00e5ngen har Industrins parter misslyckats. En l\u00f6ne\u00f6kning p\u00e5 5,4% inklusive l\u00e5gl\u00f6nesatsning och \u00f6kade pensionsavs\u00e4ttningar kommer inte att vara m\u00f6jliga. H\u00f6gre l\u00f6ner fungerar om det finns en h\u00f6jd produktivitet, men i vissa delar av v\u00e5ra branscher \u00e4r produktiviteten just nu noll. Det g\u00e5r inte ihop, s\u00e4ger Stefan Koskinen<\/p>\n\n\n\n<p>Den privata tj\u00e4nstesektorn utg\u00f6r mer \u00e4n h\u00e4lften av Sveriges BNP. Mellan januari och augusti sj\u00f6nk produktionsv\u00e4rdet enligt SCB i tj\u00e4nstesektorn med 6,3%. Stora delar av Almegas medlemsf\u00f6retag \u00e4r fortfarande h\u00e5rt drabbade av den p\u00e5g\u00e5ende pandemin. Sedan den 1 mars har 82&nbsp;000 personer i tj\u00e4nstesektorn varslats om upps\u00e4gning.&nbsp;Almega uppskattar, utifr\u00e5n siffror hos Arbetsf\u00f6rmedlingen, att 36&nbsp;000 av dem redan \u00e4r uppsagda och att ytterligare 16&nbsp;000 med stor sannolikhet kommer att bli uppsagda.&nbsp;<\/p>\n\n\n\n<p>&#8211;&nbsp;Med tanke p\u00e5 den djupa kris m\u00e5nga av v\u00e5ra medlemsf\u00f6retag befinner sig i utg\u00e5r vi fr\u00e5n att v\u00e5ra fackliga motparter f\u00f6rst\u00e5r det l\u00e4get och bidrar konstruktivt till l\u00f6neavtal som \u00e4r h\u00e5llbara, och som tar h\u00e4nsyn till det allvarsamma l\u00e4get som m\u00e5nga branscher befinner sig i. Nu beh\u00f6ver alla parter ta ansvar f\u00f6r situationen, menar Stefan Koskinen<\/p>\n\n\n\n<p>&#8211;&nbsp;I \u00e5rets avtalsr\u00f6relse f\u00f6rhandlar vi 130 avtal, fler \u00e4n n\u00e5gon annan p\u00e5 svensk arbetsmarknad. Nattens \u00f6verenskommelse mellan Industrins parter \u00e4r verklighetsfr\u00e5nv\u00e4nd och riskerar att f\u00e5 katastrofala f\u00f6ljder f\u00f6r stora delar av tj\u00e4nstesektorn, avslutar Stefan Koskinen.<\/p>\n","protected":false},"excerpt":{"rendered":"<p>I natt blev avtalet mellan industrins parter klart d\u00e5 man kom \u00f6verens om ett 29 m\u00e5naders avtal om 5,4 procent inklusive en s\u00e4rskild l\u00e5gl\u00f6nesatsning och \u00f6kade pensionsavs\u00e4ttningar. Almega \u00e4r starkt kritiska till niv\u00e5n i \u00f6verenskommelsen. &#8211; Vi kan konstatera att denna g\u00e5ng har industrins parter inte lyckats komma \u00f6verens om en normering som tar h\u00e4nsyn till hela n\u00e4ringslivet. Det \u00e4r djupt olyckligt och inte minst f\u00f6r alla de f\u00f6retag och jobb som st\u00e5r p\u00e5 spel, s\u00e4ger Stefan Koskinen, arbetsgivarpolitisk chef inom Almega.<\/p>\n","protected":false},"author":3,"featured_media":31998,"comment_status":"closed","ping_status":"closed","sticky":false,"template":"","format":"standard","meta":{"_acf_changed":false,"footnotes":""},"categories":[451,64],"tags":[76,88,426],"article_type":[93],"agreement":[],"class_list":["post-31997","post","type-post","status-publish","format-standard","has-post-thumbnail","hentry","category-arbetsgivarfragor","category-arbetsmarknad","tag-kollektivavtal","tag-lonebildning","tag-pensioner","type-pressmeddelanden"],"acf":[],"yoast_head":"<!-- This site is optimized with the Yoast SEO Premium plugin v26.8 (Yoast SEO v26.8) - https:\/\/yoast.com\/product\/yoast-seo-premium-wordpress\/ -->\n<title>Almega starkt kritiska till Industriparternas uppg\u00f6relse | Almega<\/title>\n<meta name=\"robots\" content=\"index, follow, max-snippet:-1, max-image-preview:large, max-video-preview:-1\" \/>\n<link rel=\"canonical\" href=\"https:\/\/www.almega.se\/2020\/11\/almega-starkt-kritiska-till-industriparternas-uppgorelse\/\" \/>\n<meta property=\"og:locale\" content=\"sv_SE\" \/>\n<meta property=\"og:type\" content=\"article\" \/>\n<meta property=\"og:title\" content=\"Almega starkt kritiska till Industriparternas uppg\u00f6relse\" \/>\n<meta property=\"og:description\" content=\"I natt blev avtalet mellan industrins parter klart d\u00e5 man kom \u00f6verens om ett 29 m\u00e5naders avtal om 5,4 procent inklusive en s\u00e4rskild l\u00e5gl\u00f6nesatsning och \u00f6kade pensionsavs\u00e4ttningar. Almega \u00e4r starkt kritiska till niv\u00e5n i \u00f6verenskommelsen. - Vi kan konstatera att denna g\u00e5ng har industrins parter inte lyckats komma \u00f6verens om en normering som tar h\u00e4nsyn till hela n\u00e4ringslivet. Det \u00e4r djupt olyckligt och inte minst f\u00f6r alla de f\u00f6retag och jobb som st\u00e5r p\u00e5 spel, s\u00e4ger Stefan Koskinen, arbetsgivarpolitisk chef inom Almega.\" \/>\n<meta property=\"og:url\" content=\"https:\/\/www.almega.se\/2020\/11\/almega-starkt-kritiska-till-industriparternas-uppgorelse\/\" \/>\n<meta property=\"og:site_name\" content=\"Almega\" \/>\n<meta property=\"article:published_time\" content=\"2020-11-01T12:28:55+00:00\" \/>\n<meta property=\"og:image\" content=\"https:\/\/www.almega.se\/app\/uploads\/2020\/11\/1198c3bc-c411-4755-ac10-be3fed90d894-scaled.jpg\" \/>\n\t<meta property=\"og:image:width\" content=\"2560\" \/>\n\t<meta property=\"og:image:height\" content=\"1707\" \/>\n\t<meta property=\"og:image:type\" content=\"image\/jpeg\" \/>\n<meta name=\"author\" content=\"Julia Schwamberg\" \/>\n<meta name=\"twitter:card\" content=\"summary_large_image\" \/>\n<meta name=\"twitter:label1\" content=\"Skriven av\" \/>\n\t<meta name=\"twitter:data1\" content=\"Julia Schwamberg\" \/>\n\t<meta name=\"twitter:label2\" content=\"Ber\u00e4knad l\u00e4stid\" \/>\n\t<meta name=\"twitter:data2\" content=\"2 minuter\" \/>\n<!-- \/ Yoast SEO Premium plugin. -->","yoast_head_json":{"title":"Almega starkt kritiska till Industriparternas uppg\u00f6relse | Almega","robots":{"index":"index","follow":"follow","max-snippet":"max-snippet:-1","max-image-preview":"max-image-preview:large","max-video-preview":"max-video-preview:-1"},"canonical":"https:\/\/www.almega.se\/2020\/11\/almega-starkt-kritiska-till-industriparternas-uppgorelse\/","og_locale":"sv_SE","og_type":"article","og_title":"Almega starkt kritiska till Industriparternas uppg\u00f6relse","og_description":"I natt blev avtalet mellan industrins parter klart d\u00e5 man kom \u00f6verens om ett 29 m\u00e5naders avtal om 5,4 procent inklusive en s\u00e4rskild l\u00e5gl\u00f6nesatsning och \u00f6kade pensionsavs\u00e4ttningar. Almega \u00e4r starkt kritiska till niv\u00e5n i \u00f6verenskommelsen. - Vi kan konstatera att denna g\u00e5ng har industrins parter inte lyckats komma \u00f6verens om en normering som tar h\u00e4nsyn till hela n\u00e4ringslivet. Det \u00e4r djupt olyckligt och inte minst f\u00f6r alla de f\u00f6retag och jobb som st\u00e5r p\u00e5 spel, s\u00e4ger Stefan Koskinen, arbetsgivarpolitisk chef inom Almega.","og_url":"https:\/\/www.almega.se\/2020\/11\/almega-starkt-kritiska-till-industriparternas-uppgorelse\/","og_site_name":"Almega","article_published_time":"2020-11-01T12:28:55+00:00","og_image":[{"width":2560,"height":1707,"url":"https:\/\/www.almega.se\/app\/uploads\/2020\/11\/1198c3bc-c411-4755-ac10-be3fed90d894-scaled.jpg","type":"image\/jpeg"}],"author":"Julia Schwamberg","twitter_card":"summary_large_image","twitter_misc":{"Skriven av":"Julia Schwamberg","Ber\u00e4knad l\u00e4stid":"2 minuter"},"schema":{"@context":"https:\/\/schema.org","@graph":[{"@type":"NewsArticle","@id":"https:\/\/www.almega.se\/2020\/11\/almega-starkt-kritiska-till-industriparternas-uppgorelse\/#article","isPartOf":{"@id":"https:\/\/www.almega.se\/2020\/11\/almega-starkt-kritiska-till-industriparternas-uppgorelse\/"},"author":{"name":"Julia Schwamberg","@id":"https:\/\/www.almega.se\/#\/schema\/person\/efcc735e9c1ba0f9de79e69dc5be5f8a"},"headline":"Almega starkt kritiska till Industriparternas uppg\u00f6relse","datePublished":"2020-11-01T12:28:55+00:00","mainEntityOfPage":{"@id":"https:\/\/www.almega.se\/2020\/11\/almega-starkt-kritiska-till-industriparternas-uppgorelse\/"},"wordCount":370,"image":{"@id":"https:\/\/www.almega.se\/2020\/11\/almega-starkt-kritiska-till-industriparternas-uppgorelse\/#primaryimage"},"thumbnailUrl":"https:\/\/www.almega.se\/app\/uploads\/2020\/11\/1198c3bc-c411-4755-ac10-be3fed90d894-scaled.jpg","keywords":["Kollektivavtal","L\u00f6nebildning","Pensioner"],"articleSection":["Arbetsgivarfr\u00e5gor","Arbetsmarknad"],"inLanguage":"sv-SE"},{"@type":"WebPage","@id":"https:\/\/www.almega.se\/2020\/11\/almega-starkt-kritiska-till-industriparternas-uppgorelse\/","url":"https:\/\/www.almega.se\/2020\/11\/almega-starkt-kritiska-till-industriparternas-uppgorelse\/","name":"Almega starkt kritiska till Industriparternas uppg\u00f6relse | Almega","isPartOf":{"@id":"https:\/\/www.almega.se\/#website"},"primaryImageOfPage":{"@id":"https:\/\/www.almega.se\/2020\/11\/almega-starkt-kritiska-till-industriparternas-uppgorelse\/#primaryimage"},"image":{"@id":"https:\/\/www.almega.se\/2020\/11\/almega-starkt-kritiska-till-industriparternas-uppgorelse\/#primaryimage"},"thumbnailUrl":"https:\/\/www.almega.se\/app\/uploads\/2020\/11\/1198c3bc-c411-4755-ac10-be3fed90d894-scaled.jpg","datePublished":"2020-11-01T12:28:55+00:00","author":{"@id":"https:\/\/www.almega.se\/#\/schema\/person\/efcc735e9c1ba0f9de79e69dc5be5f8a"},"breadcrumb":{"@id":"https:\/\/www.almega.se\/2020\/11\/almega-starkt-kritiska-till-industriparternas-uppgorelse\/#breadcrumb"},"inLanguage":"sv-SE","potentialAction":[{"@type":"ReadAction","target":["https:\/\/www.almega.se\/2020\/11\/almega-starkt-kritiska-till-industriparternas-uppgorelse\/"]}]},{"@type":"ImageObject","inLanguage":"sv-SE","@id":"https:\/\/www.almega.se\/2020\/11\/almega-starkt-kritiska-till-industriparternas-uppgorelse\/#primaryimage","url":"https:\/\/www.almega.se\/app\/uploads\/2020\/11\/1198c3bc-c411-4755-ac10-be3fed90d894-scaled.jpg","contentUrl":"https:\/\/www.almega.se\/app\/uploads\/2020\/11\/1198c3bc-c411-4755-ac10-be3fed90d894-scaled.jpg","width":2560,"height":1707,"caption":"Stefan Koskinen, arbetsgivarpolitisk chef p\u00e5 Almega."},{"@type":"BreadcrumbList","@id":"https:\/\/www.almega.se\/2020\/11\/almega-starkt-kritiska-till-industriparternas-uppgorelse\/#breadcrumb","itemListElement":[{"@type":"ListItem","position":1,"name":"Home","item":"https:\/\/www.almega.se\/"},{"@type":"ListItem","position":2,"name":"Almega starkt kritiska till Industriparternas uppg\u00f6relse"}]},{"@type":"WebSite","@id":"https:\/\/www.almega.se\/#website","url":"https:\/\/www.almega.se\/","name":"Almega","description":"","potentialAction":[{"@type":"SearchAction","target":{"@type":"EntryPoint","urlTemplate":"https:\/\/www.almega.se\/?s={search_term_string}"},"query-input":{"@type":"PropertyValueSpecification","valueRequired":true,"valueName":"search_term_string"}}],"inLanguage":"sv-SE"},{"@type":"Person","@id":"https:\/\/www.almega.se\/#\/schema\/person\/efcc735e9c1ba0f9de79e69dc5be5f8a","name":"Julia Schwamberg","image":{"@type":"ImageObject","inLanguage":"sv-SE","@id":"https:\/\/www.almega.se\/#\/schema\/person\/image\/","url":"https:\/\/secure.gravatar.com\/avatar\/60ee7d8b8e9aa9b036f4768c0d2e868d8f080bcf68689c0f64ab3b87b1c2f78b?s=96&d=mm&r=g","contentUrl":"https:\/\/secure.gravatar.com\/avatar\/60ee7d8b8e9aa9b036f4768c0d2e868d8f080bcf68689c0f64ab3b87b1c2f78b?s=96&d=mm&r=g","caption":"Julia Schwamberg"},"url":"https:\/\/www.almega.se\/person\/juliaschwamberg\/"}]}},"_links":{"self":[{"href":"https:\/\/www.almega.se\/api\/wp\/v2\/posts\/31997","targetHints":{"allow":["GET"]}}],"collection":[{"href":"https:\/\/www.almega.se\/api\/wp\/v2\/posts"}],"about":[{"href":"https:\/\/www.almega.se\/api\/wp\/v2\/types\/post"}],"author":[{"embeddable":true,"href":"https:\/\/www.almega.se\/api\/wp\/v2\/users\/3"}],"replies":[{"embeddable":true,"href":"https:\/\/www.almega.se\/api\/wp\/v2\/comments?post=31997"}],"version-history":[{"count":3,"href":"https:\/\/www.almega.se\/api\/wp\/v2\/posts\/31997\/revisions"}],"predecessor-version":[{"id":54545,"href":"https:\/\/www.almega.se\/api\/wp\/v2\/posts\/31997\/revisions\/54545"}],"wp:featuredmedia":[{"embeddable":true,"href":"https:\/\/www.almega.se\/api\/wp\/v2\/media\/31998"}],"wp:attachment":[{"href":"https:\/\/www.almega.se\/api\/wp\/v2\/media?parent=31997"}],"wp:term":[{"taxonomy":"category","embeddable":true,"href":"https:\/\/www.almega.se\/api\/wp\/v2\/categories?post=31997"},{"taxonomy":"post_tag","embeddable":true,"href":"https:\/\/www.almega.se\/api\/wp\/v2\/tags?post=31997"},{"taxonomy":"type","embeddable":true,"href":"https:\/\/www.almega.se\/api\/wp\/v2\/article_type?post=31997"},{"taxonomy":"agreement","embeddable":true,"href":"https:\/\/www.almega.se\/api\/wp\/v2\/agreement?post=31997"}],"curies":[{"name":"wp","href":"https:\/\/api.w.org\/{rel}","templated":true}]}}