{"id":31953,"date":"2020-10-28T14:47:07","date_gmt":"2020-10-28T13:47:07","guid":{"rendered":"https:\/\/www.almega.se\/?p=31953"},"modified":"2020-10-28T14:47:07","modified_gmt":"2020-10-28T13:47:07","slug":"eu-ska-inte-lagga-sig-i-loner","status":"publish","type":"post","link":"https:\/\/www.almega.se\/2020\/10\/eu-ska-inte-lagga-sig-i-loner\/","title":{"rendered":"EU ska inte l\u00e4gga sig i l\u00f6ner"},"content":{"rendered":"<p class=\"intro\">EU-kommissionen har idag presenterat ett kontroversiellt f\u00f6rslag om lagstadgade minimil\u00f6ner i Europa. I Sverige regleras l\u00f6nerna via kollektivavtal utan politisk inblandning. Arbetsgivarorganisationen Almega \u00e4r v\u00e4ldigt kritiska till att EU nu l\u00e4gger sig i l\u00f6nebildningen.<\/p>\n\n<p>\u2013 \u00c4ven om f\u00f6rslaget vid en f\u00f6rsta anblick inte kommer p\u00e5verka l\u00f6nebildningen i Sverige s\u00e5 \u00e4r det v\u00e4ldigt orov\u00e4ckande att EU nu vill lagstifta om l\u00f6ner. Detta \u00e4r en nationell fr\u00e5ga som vi i Sverige sk\u00f6ter utan statlig eller \u00f6verstatlig inverkan, s\u00e4ger Stefan Koskinen p\u00e5 Almega.<\/p>\n\n\n\n<p>Kommissionens f\u00f6rslag inneh\u00e5ller riktlinjer om att minimil\u00f6nen ska vara minst 60 procent av medianl\u00f6nen, alternativt minst 50 procent av medell\u00f6nen, i respektive land. Undantag ska dock ges f\u00f6r l\u00e4nder d\u00e4r l\u00f6nerna regleras i kollektivavtal och d\u00e4r kollektivavtalen t\u00e4cker mer \u00e4n 70 procent av arbetsmarknaden.<\/p>\n\n\n\n<p>\u2013 Det finns tveksamheter kring undantaget fr\u00e5n lagstadgade minimil\u00f6ner f\u00f6r l\u00e4nder med kollektivavtal. Vid sidan av undantaget finns det skrivningar om att alla arbetstagare i EU ska omfattas och vad detta inneb\u00e4r vid en r\u00e4ttslig pr\u00f6vning \u00e4r ytterst oklart, s\u00e4ger Stefan Koskinen.<\/p>\n\n\n\n<p>Ett inf\u00f6rande av europeiska minimil\u00f6ner skulle utmana den svenska l\u00f6nebildningen och d\u00e4rmed hela kollektivavtalsmodellen, som \u00e4r den svenska arbetsr\u00e4ttens fundament.<\/p>\n\n\n\n<p>\u2013 Den svenska regeringen m\u00e5ste nu agera med kraft i ministerr\u00e5det f\u00f6r att det h\u00e4r f\u00f6rslaget aldrig ska bli verklighet. Det \u00e4r dags att Stefan L\u00f6fven tar sitt ansvar som landets statsminister och stoppar f\u00f6rslaget om minimil\u00f6ner. Det var \u00e4nd\u00e5 han som startade detta el\u00e4nde genom den satsning p\u00e5 EU:s sociala pelare som han med buller och b\u00e5ng drog ig\u00e5ng i G\u00f6teborg i november 2017, s\u00e4ger Stefan Koskinen.<\/p>\n","protected":false},"excerpt":{"rendered":"<p>\u2013 \u00c4ven om f\u00f6rslaget vid en f\u00f6rsta anblick inte kommer p\u00e5verka l\u00f6nebildningen i Sverige s\u00e5 \u00e4r det v\u00e4ldigt orov\u00e4ckande att EU nu vill lagstifta om l\u00f6ner. Detta \u00e4r en nationell fr\u00e5ga som vi i Sverige &hellip;<\/p>\n","protected":false},"author":3,"featured_media":21555,"comment_status":"closed","ping_status":"closed","sticky":false,"template":"","format":"standard","meta":{"_acf_changed":false,"footnotes":""},"categories":[64,79],"tags":[478],"article_type":[56],"agreement":[],"class_list":["post-31953","post","type-post","status-publish","format-standard","has-post-thumbnail","hentry","category-arbetsmarknad","category-eu-och-internationellt","tag-minimiloner","type-nyheter"],"acf":[],"yoast_head":"<!-- This site is optimized with the Yoast SEO Premium plugin v26.8 (Yoast SEO v26.8) - https:\/\/yoast.com\/product\/yoast-seo-premium-wordpress\/ -->\n<title>EU ska inte l\u00e4gga sig i l\u00f6ner | Almega<\/title>\n<meta name=\"robots\" content=\"index, follow, max-snippet:-1, max-image-preview:large, max-video-preview:-1\" \/>\n<link rel=\"canonical\" href=\"https:\/\/www.almega.se\/2020\/10\/eu-ska-inte-lagga-sig-i-loner\/\" \/>\n<meta property=\"og:locale\" content=\"sv_SE\" \/>\n<meta property=\"og:type\" content=\"article\" \/>\n<meta property=\"og:title\" content=\"EU ska inte l\u00e4gga sig i l\u00f6ner\" \/>\n<meta property=\"og:description\" content=\"\u2013 \u00c4ven om f\u00f6rslaget vid en f\u00f6rsta anblick inte kommer p\u00e5verka l\u00f6nebildningen i Sverige s\u00e5 \u00e4r det v\u00e4ldigt orov\u00e4ckande att EU nu vill lagstifta om l\u00f6ner. Detta \u00e4r en nationell fr\u00e5ga som vi i Sverige &hellip;\" \/>\n<meta property=\"og:url\" content=\"https:\/\/www.almega.se\/2020\/10\/eu-ska-inte-lagga-sig-i-loner\/\" \/>\n<meta property=\"og:site_name\" content=\"Almega\" \/>\n<meta property=\"article:published_time\" content=\"2020-10-28T13:47:07+00:00\" \/>\n<meta property=\"og:image\" content=\"https:\/\/www.almega.se\/app\/uploads\/2019\/01\/stefan-koskinen1.jpg\" \/>\n\t<meta property=\"og:image:width\" content=\"1000\" \/>\n\t<meta property=\"og:image:height\" content=\"600\" \/>\n\t<meta property=\"og:image:type\" content=\"image\/jpeg\" \/>\n<meta name=\"author\" content=\"Julia Schwamberg\" \/>\n<meta name=\"twitter:card\" content=\"summary_large_image\" \/>\n<meta name=\"twitter:label1\" content=\"Skriven av\" \/>\n\t<meta name=\"twitter:data1\" content=\"Julia Schwamberg\" \/>\n\t<meta name=\"twitter:label2\" content=\"Ber\u00e4knad l\u00e4stid\" \/>\n\t<meta name=\"twitter:data2\" content=\"2 minuter\" \/>\n<!-- \/ Yoast SEO Premium plugin. -->","yoast_head_json":{"title":"EU ska inte l\u00e4gga sig i l\u00f6ner | Almega","robots":{"index":"index","follow":"follow","max-snippet":"max-snippet:-1","max-image-preview":"max-image-preview:large","max-video-preview":"max-video-preview:-1"},"canonical":"https:\/\/www.almega.se\/2020\/10\/eu-ska-inte-lagga-sig-i-loner\/","og_locale":"sv_SE","og_type":"article","og_title":"EU ska inte l\u00e4gga sig i l\u00f6ner","og_description":"\u2013 \u00c4ven om f\u00f6rslaget vid en f\u00f6rsta anblick inte kommer p\u00e5verka l\u00f6nebildningen i Sverige s\u00e5 \u00e4r det v\u00e4ldigt orov\u00e4ckande att EU nu vill lagstifta om l\u00f6ner. Detta \u00e4r en nationell fr\u00e5ga som vi i Sverige &hellip;","og_url":"https:\/\/www.almega.se\/2020\/10\/eu-ska-inte-lagga-sig-i-loner\/","og_site_name":"Almega","article_published_time":"2020-10-28T13:47:07+00:00","og_image":[{"width":1000,"height":600,"url":"https:\/\/www.almega.se\/app\/uploads\/2019\/01\/stefan-koskinen1.jpg","type":"image\/jpeg"}],"author":"Julia Schwamberg","twitter_card":"summary_large_image","twitter_misc":{"Skriven av":"Julia Schwamberg","Ber\u00e4knad l\u00e4stid":"2 minuter"},"schema":{"@context":"https:\/\/schema.org","@graph":[{"@type":"NewsArticle","@id":"https:\/\/www.almega.se\/2020\/10\/eu-ska-inte-lagga-sig-i-loner\/#article","isPartOf":{"@id":"https:\/\/www.almega.se\/2020\/10\/eu-ska-inte-lagga-sig-i-loner\/"},"author":{"name":"Julia Schwamberg","@id":"https:\/\/www.almega.se\/#\/schema\/person\/efcc735e9c1ba0f9de79e69dc5be5f8a"},"headline":"EU ska inte l\u00e4gga sig i l\u00f6ner","datePublished":"2020-10-28T13:47:07+00:00","mainEntityOfPage":{"@id":"https:\/\/www.almega.se\/2020\/10\/eu-ska-inte-lagga-sig-i-loner\/"},"wordCount":270,"image":{"@id":"https:\/\/www.almega.se\/2020\/10\/eu-ska-inte-lagga-sig-i-loner\/#primaryimage"},"thumbnailUrl":"https:\/\/www.almega.se\/app\/uploads\/2019\/01\/stefan-koskinen1.jpg","keywords":["Minimil\u00f6ner"],"articleSection":["Arbetsmarknad","EU och internationellt"],"inLanguage":"sv-SE"},{"@type":"WebPage","@id":"https:\/\/www.almega.se\/2020\/10\/eu-ska-inte-lagga-sig-i-loner\/","url":"https:\/\/www.almega.se\/2020\/10\/eu-ska-inte-lagga-sig-i-loner\/","name":"EU ska inte l\u00e4gga sig i l\u00f6ner | Almega","isPartOf":{"@id":"https:\/\/www.almega.se\/#website"},"primaryImageOfPage":{"@id":"https:\/\/www.almega.se\/2020\/10\/eu-ska-inte-lagga-sig-i-loner\/#primaryimage"},"image":{"@id":"https:\/\/www.almega.se\/2020\/10\/eu-ska-inte-lagga-sig-i-loner\/#primaryimage"},"thumbnailUrl":"https:\/\/www.almega.se\/app\/uploads\/2019\/01\/stefan-koskinen1.jpg","datePublished":"2020-10-28T13:47:07+00:00","author":{"@id":"https:\/\/www.almega.se\/#\/schema\/person\/efcc735e9c1ba0f9de79e69dc5be5f8a"},"breadcrumb":{"@id":"https:\/\/www.almega.se\/2020\/10\/eu-ska-inte-lagga-sig-i-loner\/#breadcrumb"},"inLanguage":"sv-SE","potentialAction":[{"@type":"ReadAction","target":["https:\/\/www.almega.se\/2020\/10\/eu-ska-inte-lagga-sig-i-loner\/"]}]},{"@type":"ImageObject","inLanguage":"sv-SE","@id":"https:\/\/www.almega.se\/2020\/10\/eu-ska-inte-lagga-sig-i-loner\/#primaryimage","url":"https:\/\/www.almega.se\/app\/uploads\/2019\/01\/stefan-koskinen1.jpg","contentUrl":"https:\/\/www.almega.se\/app\/uploads\/2019\/01\/stefan-koskinen1.jpg","width":1000,"height":600,"caption":"Stefan koskinen om anst\u00e4llningsskydd"},{"@type":"BreadcrumbList","@id":"https:\/\/www.almega.se\/2020\/10\/eu-ska-inte-lagga-sig-i-loner\/#breadcrumb","itemListElement":[{"@type":"ListItem","position":1,"name":"Home","item":"https:\/\/www.almega.se\/"},{"@type":"ListItem","position":2,"name":"EU ska inte l\u00e4gga sig i l\u00f6ner"}]},{"@type":"WebSite","@id":"https:\/\/www.almega.se\/#website","url":"https:\/\/www.almega.se\/","name":"Almega","description":"","potentialAction":[{"@type":"SearchAction","target":{"@type":"EntryPoint","urlTemplate":"https:\/\/www.almega.se\/?s={search_term_string}"},"query-input":{"@type":"PropertyValueSpecification","valueRequired":true,"valueName":"search_term_string"}}],"inLanguage":"sv-SE"},{"@type":"Person","@id":"https:\/\/www.almega.se\/#\/schema\/person\/efcc735e9c1ba0f9de79e69dc5be5f8a","name":"Julia Schwamberg","image":{"@type":"ImageObject","inLanguage":"sv-SE","@id":"https:\/\/www.almega.se\/#\/schema\/person\/image\/","url":"https:\/\/secure.gravatar.com\/avatar\/60ee7d8b8e9aa9b036f4768c0d2e868d8f080bcf68689c0f64ab3b87b1c2f78b?s=96&d=mm&r=g","contentUrl":"https:\/\/secure.gravatar.com\/avatar\/60ee7d8b8e9aa9b036f4768c0d2e868d8f080bcf68689c0f64ab3b87b1c2f78b?s=96&d=mm&r=g","caption":"Julia Schwamberg"},"url":"https:\/\/www.almega.se\/person\/juliaschwamberg\/"}]}},"_links":{"self":[{"href":"https:\/\/www.almega.se\/api\/wp\/v2\/posts\/31953","targetHints":{"allow":["GET"]}}],"collection":[{"href":"https:\/\/www.almega.se\/api\/wp\/v2\/posts"}],"about":[{"href":"https:\/\/www.almega.se\/api\/wp\/v2\/types\/post"}],"author":[{"embeddable":true,"href":"https:\/\/www.almega.se\/api\/wp\/v2\/users\/3"}],"replies":[{"embeddable":true,"href":"https:\/\/www.almega.se\/api\/wp\/v2\/comments?post=31953"}],"version-history":[{"count":3,"href":"https:\/\/www.almega.se\/api\/wp\/v2\/posts\/31953\/revisions"}],"predecessor-version":[{"id":53864,"href":"https:\/\/www.almega.se\/api\/wp\/v2\/posts\/31953\/revisions\/53864"}],"wp:featuredmedia":[{"embeddable":true,"href":"https:\/\/www.almega.se\/api\/wp\/v2\/media\/21555"}],"wp:attachment":[{"href":"https:\/\/www.almega.se\/api\/wp\/v2\/media?parent=31953"}],"wp:term":[{"taxonomy":"category","embeddable":true,"href":"https:\/\/www.almega.se\/api\/wp\/v2\/categories?post=31953"},{"taxonomy":"post_tag","embeddable":true,"href":"https:\/\/www.almega.se\/api\/wp\/v2\/tags?post=31953"},{"taxonomy":"type","embeddable":true,"href":"https:\/\/www.almega.se\/api\/wp\/v2\/article_type?post=31953"},{"taxonomy":"agreement","embeddable":true,"href":"https:\/\/www.almega.se\/api\/wp\/v2\/agreement?post=31953"}],"curies":[{"name":"wp","href":"https:\/\/api.w.org\/{rel}","templated":true}]}}