{"id":30816,"date":"2020-08-03T06:50:52","date_gmt":"2020-08-03T04:50:52","guid":{"rendered":"https:\/\/www.almega.se\/?p=30816"},"modified":"2020-08-03T06:50:52","modified_gmt":"2020-08-03T04:50:52","slug":"swecos-forstudie-om-framtidens-arbetsliv","status":"publish","type":"post","link":"https:\/\/www.almega.se\/2020\/08\/swecos-forstudie-om-framtidens-arbetsliv\/","title":{"rendered":"Swecos f\u00f6r&shy;studie om framtidens arbetsliv"},"content":{"rendered":"<p class=\"intro\">Sweco, ett av Almegas 11 000 medlemsf\u00f6retag, \u00e4r ett konsultf\u00f6retaget inom teknik och arkitektur som syssels\u00e4tter 17 000 medarbetare i Europa. Genom en f\u00f6rstudie Sweco tagit fram har de l\u00e5tit unders\u00f6ka synen p\u00e5 framtidens arbetsliv.<\/p>\n\n<p>F\u00f6rstudien handlar om hur morgondagens arbetsplats kommer se ut om tio till femton \u00e5r. Sweco har bland annat tittat p\u00e5 vad forskningen s\u00e4ger om hur ungas behov kommer att f\u00f6r\u00e4ndra arbetsplatser.<\/p>\n\n\n\n<p>&#8211; N\u00e5gra av slutsatserna \u00e4r att vi m\u00e5ste prata v\u00e4ldigt mycket mer om &#8221;m\u00f6tesplatsen&#8221; \u2013 vad \u00e4r den och var \u00e4r den om den inte \u00e4r fysisk? Vi beh\u00f6ver tillgodose andra behov \u00e4n vad den fysiska arbetsplatsen idag ger, s\u00e4ger Eva Fagerstr\u00f6m, chef f\u00f6r aff\u00e4rsst\u00f6d p\u00e5 Sweco Sverige.<\/p>\n\n\n\n<p>Att &#8221;m\u00f6tet&#8221; \u00e4r essentiellt har blivit tydligt i studien. Vi \u00e4r inte l\u00e4ngre intresserade av att m\u00f6tas bara f\u00f6r att m\u00f6tas. Det kommer att st\u00e4llas h\u00f6gre krav p\u00e5 de fysiska m\u00f6tena fram\u00f6ver och de m\u00e5ste tillf\u00f6ra n\u00e5got mer ut\u00f6ver det vi kan f\u00e5 till i ett Teams-m\u00f6te.<\/p>\n\n\n\n<p>&#8211; Om man f\u00e5r dr\u00f6mma och att ha tankar om den framtida m\u00f6tesplatsen s\u00e5 t\u00e4nker vi att vi ska kunna m\u00f6ta v\u00e5ra medarbetare, kunder och potentiella medarbetare obehindrat i n\u00e5gon form av kreativt m\u00f6tesnav. Och det som \u00e4r roligt att se \u00e4r att de delar av framtidsstudien som tidigare n\u00e4rmast har uppfattats som utopiska nu mer har blivit fr\u00e5gor som vi hanterar h\u00e4r och nu. Vi har snabbspolat oss till framtiden, s\u00e4ger Eva.<\/p>\n\n\n\n<p>&#8211; Ur ett h\u00e5llbarhetsperspektiv kan man fundera p\u00e5 om det \u00e4r rimligt att exempelvis under en och samma dag transportera medarbetare fram och tillbaka fr\u00e5n hemmen till arbetsplatserna, s\u00e4ger Eva och forts\u00e4tter: M\u00e5nga kontor \u00e4r anpassade f\u00f6r att de flesta ska vara p\u00e5 plats hela tiden medan m\u00e5nga i verkligheten sitter hos kund, g\u00f6r platsbes\u00f6k eller jobbar i f\u00e4lt. Det h\u00e4r betyder kanske att vi inte utnyttjar kontoren h\u00e5llbarhetsm\u00e4ssigt optimalt.<\/p>\n\n\n\n<p>&#8211; Detta matchar inte helt v\u00e5ra viktiga m\u00e5l om att v\u00e5ra egna transporter ska vara fossilfria \u00e5r 2023 och att kontorsdriften ska vara fossilfri 2030. Om vi g\u00f6r en sammantagen bed\u00f6mning av v\u00e5r framtidsspaning, v\u00e5ra h\u00e5llbarhetsm\u00e5l och de behov av m\u00f6tesplatsen som vi ser s\u00e5 kommer nog kontoren att minska i yta. Det kommer dock ta tid att g\u00f6ra den omst\u00e4llningen. Vi kommer beh\u00f6va hitta alternativa l\u00f6sningar, exempelvis tillf\u00e4lliga projektkontor som \u00f6ppnas f\u00f6r ett specifikt projekt och sedan st\u00e4ngs, s\u00e4ger Eva.<\/p>\n\n\n\n<p>\u00c4ven Sweco, liksom m\u00e5nga andra arbetsplatser, upplever att distansarbetet har fungerat \u00f6ver all f\u00f6rv\u00e4ntan.<\/p>\n\n\n\n<p>&#8211; Sammanfattningsvis kan vi s\u00e4ga att den st\u00f6rsta vinsten av den h\u00e4r f\u00f6r\u00e4ndringen \u00e4r att vi har f\u00e5tt bort mycket av resandet. Ur h\u00e5llbarhetsperspektiv \u00e4r det en win-win. En annan vinst var ocks\u00e5 att de regionala gr\u00e4nserna f\u00f6rsvann, helt pl\u00f6tsligt blev du kollega med alla i landet! Landets inre gr\u00e4nser har f\u00f6rsvunnit. P\u00e5 sikt tror jag att gr\u00e4nserna mellan l\u00e4nder ocks\u00e5 kommer f\u00f6rsvinna, s\u00e4ger Eva.<\/p>\n","protected":false},"excerpt":{"rendered":"<p>F\u00f6rstudien handlar om hur morgondagens arbetsplats kommer se ut om tio till femton \u00e5r. Sweco har bland annat tittat p\u00e5 vad forskningen s\u00e4ger om hur ungas behov kommer att f\u00f6r\u00e4ndra arbetsplatser. &#8211; N\u00e5gra av slutsatserna &hellip;<\/p>\n","protected":false},"author":3,"featured_media":23953,"comment_status":"closed","ping_status":"closed","sticky":false,"template":"","format":"standard","meta":{"_acf_changed":false,"footnotes":""},"categories":[603,451],"tags":[527,548],"article_type":[56],"agreement":[],"class_list":["post-30816","post","type-post","status-publish","format-standard","has-post-thumbnail","hentry","category-almega","category-arbetsgivarfragor","tag-framtidens-arbetsliv","tag-medlemsroster","type-nyheter"],"acf":[],"yoast_head":"<!-- This site is optimized with the Yoast SEO Premium plugin v26.8 (Yoast SEO v26.8) - https:\/\/yoast.com\/product\/yoast-seo-premium-wordpress\/ -->\n<title>Swecos f\u00f6rstudie om framtidens arbetsliv | Almega<\/title>\n<meta name=\"robots\" content=\"index, follow, max-snippet:-1, max-image-preview:large, max-video-preview:-1\" \/>\n<link rel=\"canonical\" href=\"https:\/\/www.almega.se\/2020\/08\/swecos-forstudie-om-framtidens-arbetsliv\/\" \/>\n<meta property=\"og:locale\" content=\"sv_SE\" \/>\n<meta property=\"og:type\" content=\"article\" \/>\n<meta property=\"og:title\" content=\"Swecos f\u00f6rstudie om framtidens arbetsliv\" \/>\n<meta property=\"og:description\" content=\"F\u00f6rstudien handlar om hur morgondagens arbetsplats kommer se ut om tio till femton \u00e5r. Sweco har bland annat tittat p\u00e5 vad forskningen s\u00e4ger om hur ungas behov kommer att f\u00f6r\u00e4ndra arbetsplatser. &#8211; N\u00e5gra av slutsatserna &hellip;\" \/>\n<meta property=\"og:url\" content=\"https:\/\/www.almega.se\/2020\/08\/swecos-forstudie-om-framtidens-arbetsliv\/\" \/>\n<meta property=\"og:site_name\" content=\"Almega\" \/>\n<meta property=\"article:published_time\" content=\"2020-08-03T04:50:52+00:00\" \/>\n<meta property=\"og:image\" content=\"https:\/\/www.almega.se\/app\/uploads\/2019\/07\/framtidens-ledarskap.jpg\" \/>\n\t<meta property=\"og:image:width\" content=\"1000\" \/>\n\t<meta property=\"og:image:height\" content=\"600\" \/>\n\t<meta property=\"og:image:type\" content=\"image\/jpeg\" \/>\n<meta name=\"author\" content=\"Julia Schwamberg\" \/>\n<meta name=\"twitter:card\" content=\"summary_large_image\" \/>\n<meta name=\"twitter:label1\" content=\"Skriven av\" \/>\n\t<meta name=\"twitter:data1\" content=\"Julia Schwamberg\" \/>\n\t<meta name=\"twitter:label2\" content=\"Ber\u00e4knad l\u00e4stid\" \/>\n\t<meta name=\"twitter:data2\" content=\"3 minuter\" \/>\n<!-- \/ Yoast SEO Premium plugin. -->","yoast_head_json":{"title":"Swecos f\u00f6rstudie om framtidens arbetsliv | Almega","robots":{"index":"index","follow":"follow","max-snippet":"max-snippet:-1","max-image-preview":"max-image-preview:large","max-video-preview":"max-video-preview:-1"},"canonical":"https:\/\/www.almega.se\/2020\/08\/swecos-forstudie-om-framtidens-arbetsliv\/","og_locale":"sv_SE","og_type":"article","og_title":"Swecos f\u00f6rstudie om framtidens arbetsliv","og_description":"F\u00f6rstudien handlar om hur morgondagens arbetsplats kommer se ut om tio till femton \u00e5r. Sweco har bland annat tittat p\u00e5 vad forskningen s\u00e4ger om hur ungas behov kommer att f\u00f6r\u00e4ndra arbetsplatser. &#8211; N\u00e5gra av slutsatserna &hellip;","og_url":"https:\/\/www.almega.se\/2020\/08\/swecos-forstudie-om-framtidens-arbetsliv\/","og_site_name":"Almega","article_published_time":"2020-08-03T04:50:52+00:00","og_image":[{"width":1000,"height":600,"url":"https:\/\/www.almega.se\/app\/uploads\/2019\/07\/framtidens-ledarskap.jpg","type":"image\/jpeg"}],"author":"Julia Schwamberg","twitter_card":"summary_large_image","twitter_misc":{"Skriven av":"Julia Schwamberg","Ber\u00e4knad l\u00e4stid":"3 minuter"},"schema":{"@context":"https:\/\/schema.org","@graph":[{"@type":"NewsArticle","@id":"https:\/\/www.almega.se\/2020\/08\/swecos-forstudie-om-framtidens-arbetsliv\/#article","isPartOf":{"@id":"https:\/\/www.almega.se\/2020\/08\/swecos-forstudie-om-framtidens-arbetsliv\/"},"author":{"name":"Julia Schwamberg","@id":"https:\/\/www.almega.se\/#\/schema\/person\/efcc735e9c1ba0f9de79e69dc5be5f8a"},"headline":"Swecos f\u00f6r&shy;studie om framtidens arbetsliv","datePublished":"2020-08-03T04:50:52+00:00","mainEntityOfPage":{"@id":"https:\/\/www.almega.se\/2020\/08\/swecos-forstudie-om-framtidens-arbetsliv\/"},"wordCount":522,"image":{"@id":"https:\/\/www.almega.se\/2020\/08\/swecos-forstudie-om-framtidens-arbetsliv\/#primaryimage"},"thumbnailUrl":"https:\/\/www.almega.se\/app\/uploads\/2019\/07\/framtidens-ledarskap.jpg","keywords":["Framtidens arbetsliv","Medlemsr\u00f6ster"],"articleSection":["Almega","Arbetsgivarfr\u00e5gor"],"inLanguage":"sv-SE"},{"@type":"WebPage","@id":"https:\/\/www.almega.se\/2020\/08\/swecos-forstudie-om-framtidens-arbetsliv\/","url":"https:\/\/www.almega.se\/2020\/08\/swecos-forstudie-om-framtidens-arbetsliv\/","name":"Swecos f\u00f6rstudie om framtidens arbetsliv | Almega","isPartOf":{"@id":"https:\/\/www.almega.se\/#website"},"primaryImageOfPage":{"@id":"https:\/\/www.almega.se\/2020\/08\/swecos-forstudie-om-framtidens-arbetsliv\/#primaryimage"},"image":{"@id":"https:\/\/www.almega.se\/2020\/08\/swecos-forstudie-om-framtidens-arbetsliv\/#primaryimage"},"thumbnailUrl":"https:\/\/www.almega.se\/app\/uploads\/2019\/07\/framtidens-ledarskap.jpg","datePublished":"2020-08-03T04:50:52+00:00","author":{"@id":"https:\/\/www.almega.se\/#\/schema\/person\/efcc735e9c1ba0f9de79e69dc5be5f8a"},"breadcrumb":{"@id":"https:\/\/www.almega.se\/2020\/08\/swecos-forstudie-om-framtidens-arbetsliv\/#breadcrumb"},"inLanguage":"sv-SE","potentialAction":[{"@type":"ReadAction","target":["https:\/\/www.almega.se\/2020\/08\/swecos-forstudie-om-framtidens-arbetsliv\/"]}]},{"@type":"ImageObject","inLanguage":"sv-SE","@id":"https:\/\/www.almega.se\/2020\/08\/swecos-forstudie-om-framtidens-arbetsliv\/#primaryimage","url":"https:\/\/www.almega.se\/app\/uploads\/2019\/07\/framtidens-ledarskap.jpg","contentUrl":"https:\/\/www.almega.se\/app\/uploads\/2019\/07\/framtidens-ledarskap.jpg","width":1000,"height":600,"caption":"Framtidens ledarskap"},{"@type":"BreadcrumbList","@id":"https:\/\/www.almega.se\/2020\/08\/swecos-forstudie-om-framtidens-arbetsliv\/#breadcrumb","itemListElement":[{"@type":"ListItem","position":1,"name":"Home","item":"https:\/\/www.almega.se\/"},{"@type":"ListItem","position":2,"name":"Swecos f\u00f6r&shy;studie om framtidens arbetsliv"}]},{"@type":"WebSite","@id":"https:\/\/www.almega.se\/#website","url":"https:\/\/www.almega.se\/","name":"Almega","description":"","potentialAction":[{"@type":"SearchAction","target":{"@type":"EntryPoint","urlTemplate":"https:\/\/www.almega.se\/?s={search_term_string}"},"query-input":{"@type":"PropertyValueSpecification","valueRequired":true,"valueName":"search_term_string"}}],"inLanguage":"sv-SE"},{"@type":"Person","@id":"https:\/\/www.almega.se\/#\/schema\/person\/efcc735e9c1ba0f9de79e69dc5be5f8a","name":"Julia Schwamberg","image":{"@type":"ImageObject","inLanguage":"sv-SE","@id":"https:\/\/www.almega.se\/#\/schema\/person\/image\/","url":"https:\/\/secure.gravatar.com\/avatar\/60ee7d8b8e9aa9b036f4768c0d2e868d8f080bcf68689c0f64ab3b87b1c2f78b?s=96&d=mm&r=g","contentUrl":"https:\/\/secure.gravatar.com\/avatar\/60ee7d8b8e9aa9b036f4768c0d2e868d8f080bcf68689c0f64ab3b87b1c2f78b?s=96&d=mm&r=g","caption":"Julia Schwamberg"},"url":"https:\/\/www.almega.se\/person\/juliaschwamberg\/"}]}},"_links":{"self":[{"href":"https:\/\/www.almega.se\/api\/wp\/v2\/posts\/30816","targetHints":{"allow":["GET"]}}],"collection":[{"href":"https:\/\/www.almega.se\/api\/wp\/v2\/posts"}],"about":[{"href":"https:\/\/www.almega.se\/api\/wp\/v2\/types\/post"}],"author":[{"embeddable":true,"href":"https:\/\/www.almega.se\/api\/wp\/v2\/users\/3"}],"replies":[{"embeddable":true,"href":"https:\/\/www.almega.se\/api\/wp\/v2\/comments?post=30816"}],"version-history":[{"count":2,"href":"https:\/\/www.almega.se\/api\/wp\/v2\/posts\/30816\/revisions"}],"predecessor-version":[{"id":53715,"href":"https:\/\/www.almega.se\/api\/wp\/v2\/posts\/30816\/revisions\/53715"}],"wp:featuredmedia":[{"embeddable":true,"href":"https:\/\/www.almega.se\/api\/wp\/v2\/media\/23953"}],"wp:attachment":[{"href":"https:\/\/www.almega.se\/api\/wp\/v2\/media?parent=30816"}],"wp:term":[{"taxonomy":"category","embeddable":true,"href":"https:\/\/www.almega.se\/api\/wp\/v2\/categories?post=30816"},{"taxonomy":"post_tag","embeddable":true,"href":"https:\/\/www.almega.se\/api\/wp\/v2\/tags?post=30816"},{"taxonomy":"type","embeddable":true,"href":"https:\/\/www.almega.se\/api\/wp\/v2\/article_type?post=30816"},{"taxonomy":"agreement","embeddable":true,"href":"https:\/\/www.almega.se\/api\/wp\/v2\/agreement?post=30816"}],"curies":[{"name":"wp","href":"https:\/\/api.w.org\/{rel}","templated":true}]}}