{"id":30748,"date":"2022-12-20T16:11:48","date_gmt":"2022-12-20T15:11:48","guid":{"rendered":"https:\/\/www.almega.se\/?p=30748"},"modified":"2023-02-14T14:30:06","modified_gmt":"2023-02-14T13:30:06","slug":"krisen-inte-over-atgarder-kravs-for-aterhamtning","status":"publish","type":"post","link":"https:\/\/www.almega.se\/2022\/12\/krisen-inte-over-atgarder-kravs-for-aterhamtning\/","title":{"rendered":"Krisen inte \u00f6ver \u2013 \u00e5tg\u00e4rder kr\u00e4vs f\u00f6r \u00e5terh\u00e4mtning"},"content":{"rendered":"<p class=\"intro\">L\u00e4get f\u00f6r tj\u00e4nstesektorn \u00e4r v\u00e4ldigt dystert, till och med v\u00e4rre \u00e4n under finanskrisen. Men det finns tendenser till f\u00f6rb\u00e4ttringar. Sanningens minut kommer efter sommaren n\u00e4r flera av regeringens kris\u00e5tg\u00e4rder upph\u00f6r och f\u00f6retagen ska anpassa sin verksamhet efter den nya verkligheten utan st\u00f6d. Det beh\u00f6vs fortsatta \u00e5tg\u00e4rder f\u00f6r att minska f\u00f6retagens kostnader och \u00f6ka efterfr\u00e5gan. Det visar Almegas Tj\u00e4nsteindikatorn om det ekonomiska l\u00e4get f\u00f6r tj\u00e4nstef\u00f6retagen som chefekonom Patrick Joyce presenterade under tisdagen.<\/p>\n<a class='Share__link Share__link--url copy-text' href='#' rel='nofollow' data-text='hur-gar-det-for-tjansteforetagen?-\u00c4r-det-varsta-over-nu?' title='Dela url' data-confirmation='L\u00e4nken kopierades till urklipp'><svg class='icon icon--link'  width='18' height='18' viewBox='0 0 18 18' fill='none' xmlns='http:\/\/www.w3.org\/2000\/svg'>\n            <path d='M10.4142 0.514721L6.87868 4.05025L8.29289 5.46447L11.1213 2.63604L15.364 6.87868L12.5355 9.70711L13.9497 11.1213L17.4853 7.58579C17.8763 7.19476 17.8763 6.5626 17.4853 6.17158L11.8284 0.514721C11.4374 0.123691 10.8052 0.123691 10.4142 0.514721Z' fill='black'\/>\n            <path d='M9.7071 12.5355L6.87868 15.364L2.63604 11.1213L5.46446 8.2929L4.05025 6.87868L0.514716 10.4142C0.123686 10.8052 0.123686 11.4374 0.514716 11.8284L6.17157 17.4853C6.5626 17.8763 7.19475 17.8763 7.58578 17.4853L11.1213 13.9497L9.7071 12.5355Z' fill='black'\/>\n            <path d='M6.17157 11.8284C6.5626 12.2195 7.19475 12.2195 7.58578 11.8284L11.8284 7.58579C12.2195 7.19476 12.2195 6.56261 11.8284 6.17158C11.4374 5.78055 10.8052 5.78055 10.4142 6.17158L6.17157 10.4142C5.78054 10.8052 5.78054 11.4374 6.17157 11.8284Z' fill='black'\/>\n            <\/svg> <\/a>\n<h2 class=\"wp-block-heading\"><strong>Hur g\u00e5r det f\u00f6r tj\u00e4nstef\u00f6retagen? \u00c4r det v\u00e4rsta \u00f6ver nu?<\/strong><\/h2>\n\n\n\n<p>&#8211; Nej, krisen \u00e4r l\u00e5ngt ifr\u00e5n \u00f6ver. Efterfr\u00e5gan och produktion i tj\u00e4nstesektorn har fortsatt att falla i maj och juni, men inte i samma takt som i mars och april. Ljusglimten \u00e4r att tj\u00e4nstef\u00f6retagen ser mindre negativt p\u00e5 framtiden \u00e4n de gjorde f\u00f6r bara en m\u00e5nad sedan. Dessutom b\u00f6rjar det v\u00e4nda upp\u00e5t i tj\u00e4nstesektorn och industrin i flera viktiga svenska exportl\u00e4nder. Det kan betyda att vi n\u00e4rmar oss en v\u00e4ndpunkt.<\/p>\n\n\n<a class='Share__link Share__link--url copy-text' href='#' rel='nofollow' data-text='i-vilka-branscher-borjar-det-ljusna-och-vilka-har-fortsatt-svart?' title='Dela url' data-confirmation='L\u00e4nken kopierades till urklipp'><svg class='icon icon--link'  width='18' height='18' viewBox='0 0 18 18' fill='none' xmlns='http:\/\/www.w3.org\/2000\/svg'>\n            <path d='M10.4142 0.514721L6.87868 4.05025L8.29289 5.46447L11.1213 2.63604L15.364 6.87868L12.5355 9.70711L13.9497 11.1213L17.4853 7.58579C17.8763 7.19476 17.8763 6.5626 17.4853 6.17158L11.8284 0.514721C11.4374 0.123691 10.8052 0.123691 10.4142 0.514721Z' fill='black'\/>\n            <path d='M9.7071 12.5355L6.87868 15.364L2.63604 11.1213L5.46446 8.2929L4.05025 6.87868L0.514716 10.4142C0.123686 10.8052 0.123686 11.4374 0.514716 11.8284L6.17157 17.4853C6.5626 17.8763 7.19475 17.8763 7.58578 17.4853L11.1213 13.9497L9.7071 12.5355Z' fill='black'\/>\n            <path d='M6.17157 11.8284C6.5626 12.2195 7.19475 12.2195 7.58578 11.8284L11.8284 7.58579C12.2195 7.19476 12.2195 6.56261 11.8284 6.17158C11.4374 5.78055 10.8052 5.78055 10.4142 6.17158L6.17157 10.4142C5.78054 10.8052 5.78054 11.4374 6.17157 11.8284Z' fill='black'\/>\n            <\/svg> <\/a>\n<h2 class=\"wp-block-heading\"><strong>I vilka branscher b\u00f6rjar det ljusna och vilka har fortsatt sv\u00e5rt?<\/strong><\/h2>\n\n\n\n<p>&#8211; F\u00f6retag inom transporter och researrang\u00f6rer ser mer positivt p\u00e5 framtiden. Det beror p\u00e5 de minskade reserestriktionerna. \u00c4ven datakonsulter och f\u00f6retagskonsulter f\u00f6rv\u00e4ntar sig en uppg\u00e5ng nu. Bemanningsf\u00f6retagen har det d\u00e4remot fortsatt sv\u00e5rt och det g\u00e4ller \u00e4ven tekniska konsulter och arkitekter. Hur de h\u00e4r branscherna utvecklas beror mycket p\u00e5 hur snabbt exporten kan \u00e5terh\u00e4mta sig och hur det g\u00e5r f\u00f6r byggsektorn som hittills klarat sig bra men nu b\u00f6rjar mattas av.<\/p>\n\n\n<a class='Share__link Share__link--url copy-text' href='#' rel='nofollow' data-text='hur-ska-aterhamtningen-skyndas-pa?' title='Dela url' data-confirmation='L\u00e4nken kopierades till urklipp'><svg class='icon icon--link'  width='18' height='18' viewBox='0 0 18 18' fill='none' xmlns='http:\/\/www.w3.org\/2000\/svg'>\n            <path d='M10.4142 0.514721L6.87868 4.05025L8.29289 5.46447L11.1213 2.63604L15.364 6.87868L12.5355 9.70711L13.9497 11.1213L17.4853 7.58579C17.8763 7.19476 17.8763 6.5626 17.4853 6.17158L11.8284 0.514721C11.4374 0.123691 10.8052 0.123691 10.4142 0.514721Z' fill='black'\/>\n            <path d='M9.7071 12.5355L6.87868 15.364L2.63604 11.1213L5.46446 8.2929L4.05025 6.87868L0.514716 10.4142C0.123686 10.8052 0.123686 11.4374 0.514716 11.8284L6.17157 17.4853C6.5626 17.8763 7.19475 17.8763 7.58578 17.4853L11.1213 13.9497L9.7071 12.5355Z' fill='black'\/>\n            <path d='M6.17157 11.8284C6.5626 12.2195 7.19475 12.2195 7.58578 11.8284L11.8284 7.58579C12.2195 7.19476 12.2195 6.56261 11.8284 6.17158C11.4374 5.78055 10.8052 5.78055 10.4142 6.17158L6.17157 10.4142C5.78054 10.8052 5.78054 11.4374 6.17157 11.8284Z' fill='black'\/>\n            <\/svg> <\/a>\n<h2 class=\"wp-block-heading\"><strong>Hur ska \u00e5terh\u00e4mtningen skyndas p\u00e5?<\/strong><\/h2>\n\n\n\n<p>&#8211; De statliga ers\u00e4ttningarna till f\u00f6retagen har varit n\u00f6dv\u00e4ndiga f\u00f6r att undvika massupps\u00e4gningar under v\u00e5ren. Det \u00e4r oroande att flera av ers\u00e4ttningarna avvecklas nu innan krisen \u00e4r \u00f6ver. Det beh\u00f6vs \u00e5tg\u00e4rder f\u00f6r att minska f\u00f6retagens kostnader och \u00f6ka efterfr\u00e5gan. En l\u00e5ngsiktig s\u00e4nkning av arbetsgivaravgifterna f\u00f6r att g\u00f6ra det billigare att anst\u00e4lla och investeringar i b\u00e5de digital och fysisk infrastruktur f\u00f6r att g\u00f6ra n\u00e4ringslivet mer konkurrenskraftigt kommer att beh\u00f6vas.<\/p>\n\n\n\n<p><a href=\"https:\/\/www.almega.se\/app\/uploads\/2022\/12\/tjansteindikatorn-kvartal-fyra-2022-slutversion.pdf\">L\u00e4s mer om l\u00e4get i tj\u00e4nstesektorn i Almegas tj\u00e4nsteindikator. <\/a><\/p>\n\n\n\n<p><\/p>\n","protected":false},"excerpt":{"rendered":"<p>Hur g\u00e5r det f\u00f6r tj\u00e4nstef\u00f6retagen? \u00c4r det v\u00e4rsta \u00f6ver nu? &#8211; Nej, krisen \u00e4r l\u00e5ngt ifr\u00e5n \u00f6ver. Efterfr\u00e5gan och produktion i tj\u00e4nstesektorn har fortsatt att falla i maj och juni, men inte i samma takt &hellip;<\/p>\n","protected":false},"author":3,"featured_media":30725,"comment_status":"closed","ping_status":"closed","sticky":false,"template":"","format":"standard","meta":{"_acf_changed":false,"footnotes":""},"categories":[581],"tags":[50],"article_type":[56,42],"agreement":[],"class_list":["post-30748","post","type-post","status-publish","format-standard","has-post-thumbnail","hentry","category-tjanstesektorns-betydelse","tag-tjanstesektorns-utveckling","type-nyheter","type-rapporter"],"acf":[],"yoast_head":"<!-- This site is optimized with the Yoast SEO Premium plugin v26.8 (Yoast SEO v26.8) - https:\/\/yoast.com\/product\/yoast-seo-premium-wordpress\/ -->\n<title>Krisen inte \u00f6ver \u2013 \u00e5tg\u00e4rder kr\u00e4vs f\u00f6r \u00e5terh\u00e4mtning | Almega<\/title>\n<meta name=\"robots\" content=\"index, follow, max-snippet:-1, max-image-preview:large, max-video-preview:-1\" \/>\n<link rel=\"canonical\" href=\"https:\/\/www.almega.se\/2022\/12\/krisen-inte-over-atgarder-kravs-for-aterhamtning\/\" \/>\n<meta property=\"og:locale\" content=\"sv_SE\" \/>\n<meta property=\"og:type\" content=\"article\" \/>\n<meta property=\"og:title\" content=\"Krisen inte \u00f6ver \u2013 \u00e5tg\u00e4rder kr\u00e4vs f\u00f6r \u00e5terh\u00e4mtning\" \/>\n<meta property=\"og:description\" content=\"Hur g\u00e5r det f\u00f6r tj\u00e4nstef\u00f6retagen? \u00c4r det v\u00e4rsta \u00f6ver nu? &#8211; Nej, krisen \u00e4r l\u00e5ngt ifr\u00e5n \u00f6ver. Efterfr\u00e5gan och produktion i tj\u00e4nstesektorn har fortsatt att falla i maj och juni, men inte i samma takt &hellip;\" \/>\n<meta property=\"og:url\" content=\"https:\/\/www.almega.se\/2022\/12\/krisen-inte-over-atgarder-kravs-for-aterhamtning\/\" \/>\n<meta property=\"og:site_name\" content=\"Almega\" \/>\n<meta property=\"article:published_time\" content=\"2022-12-20T15:11:48+00:00\" \/>\n<meta property=\"article:modified_time\" content=\"2023-02-14T13:30:06+00:00\" \/>\n<meta property=\"og:image\" content=\"https:\/\/www.almega.se\/app\/uploads\/2020\/06\/patrick-joyce-1000x600.jpg\" \/>\n\t<meta property=\"og:image:width\" content=\"1000\" \/>\n\t<meta property=\"og:image:height\" content=\"600\" \/>\n\t<meta property=\"og:image:type\" content=\"image\/jpeg\" \/>\n<meta name=\"author\" content=\"Julia Schwamberg\" \/>\n<meta name=\"twitter:card\" content=\"summary_large_image\" \/>\n<meta name=\"twitter:label1\" content=\"Skriven av\" \/>\n\t<meta name=\"twitter:data1\" content=\"Julia Schwamberg\" \/>\n\t<meta name=\"twitter:label2\" content=\"Ber\u00e4knad l\u00e4stid\" \/>\n\t<meta name=\"twitter:data2\" content=\"2 minuter\" \/>\n<!-- \/ Yoast SEO Premium plugin. -->","yoast_head_json":{"title":"Krisen inte \u00f6ver \u2013 \u00e5tg\u00e4rder kr\u00e4vs f\u00f6r \u00e5terh\u00e4mtning | Almega","robots":{"index":"index","follow":"follow","max-snippet":"max-snippet:-1","max-image-preview":"max-image-preview:large","max-video-preview":"max-video-preview:-1"},"canonical":"https:\/\/www.almega.se\/2022\/12\/krisen-inte-over-atgarder-kravs-for-aterhamtning\/","og_locale":"sv_SE","og_type":"article","og_title":"Krisen inte \u00f6ver \u2013 \u00e5tg\u00e4rder kr\u00e4vs f\u00f6r \u00e5terh\u00e4mtning","og_description":"Hur g\u00e5r det f\u00f6r tj\u00e4nstef\u00f6retagen? \u00c4r det v\u00e4rsta \u00f6ver nu? &#8211; Nej, krisen \u00e4r l\u00e5ngt ifr\u00e5n \u00f6ver. Efterfr\u00e5gan och produktion i tj\u00e4nstesektorn har fortsatt att falla i maj och juni, men inte i samma takt &hellip;","og_url":"https:\/\/www.almega.se\/2022\/12\/krisen-inte-over-atgarder-kravs-for-aterhamtning\/","og_site_name":"Almega","article_published_time":"2022-12-20T15:11:48+00:00","article_modified_time":"2023-02-14T13:30:06+00:00","og_image":[{"width":1000,"height":600,"url":"https:\/\/www.almega.se\/app\/uploads\/2020\/06\/patrick-joyce-1000x600.jpg","type":"image\/jpeg"}],"author":"Julia Schwamberg","twitter_card":"summary_large_image","twitter_misc":{"Skriven av":"Julia Schwamberg","Ber\u00e4knad l\u00e4stid":"2 minuter"},"schema":{"@context":"https:\/\/schema.org","@graph":[{"@type":"NewsArticle","@id":"https:\/\/www.almega.se\/2022\/12\/krisen-inte-over-atgarder-kravs-for-aterhamtning\/#article","isPartOf":{"@id":"https:\/\/www.almega.se\/2022\/12\/krisen-inte-over-atgarder-kravs-for-aterhamtning\/"},"author":{"name":"Julia Schwamberg","@id":"https:\/\/www.almega.se\/#\/schema\/person\/efcc735e9c1ba0f9de79e69dc5be5f8a"},"headline":"Krisen inte \u00f6ver \u2013 \u00e5tg\u00e4rder kr\u00e4vs f\u00f6r \u00e5terh\u00e4mtning","datePublished":"2022-12-20T15:11:48+00:00","dateModified":"2023-02-14T13:30:06+00:00","mainEntityOfPage":{"@id":"https:\/\/www.almega.se\/2022\/12\/krisen-inte-over-atgarder-kravs-for-aterhamtning\/"},"wordCount":319,"image":{"@id":"https:\/\/www.almega.se\/2022\/12\/krisen-inte-over-atgarder-kravs-for-aterhamtning\/#primaryimage"},"thumbnailUrl":"https:\/\/www.almega.se\/app\/uploads\/2020\/06\/patrick-joyce-1000x600.jpg","keywords":["Tj\u00e4nstesektorns utveckling"],"articleSection":["Tj\u00e4nstesektorns betydelse"],"inLanguage":"sv-SE"},{"@type":"WebPage","@id":"https:\/\/www.almega.se\/2022\/12\/krisen-inte-over-atgarder-kravs-for-aterhamtning\/","url":"https:\/\/www.almega.se\/2022\/12\/krisen-inte-over-atgarder-kravs-for-aterhamtning\/","name":"Krisen inte \u00f6ver \u2013 \u00e5tg\u00e4rder kr\u00e4vs f\u00f6r \u00e5terh\u00e4mtning | Almega","isPartOf":{"@id":"https:\/\/www.almega.se\/#website"},"primaryImageOfPage":{"@id":"https:\/\/www.almega.se\/2022\/12\/krisen-inte-over-atgarder-kravs-for-aterhamtning\/#primaryimage"},"image":{"@id":"https:\/\/www.almega.se\/2022\/12\/krisen-inte-over-atgarder-kravs-for-aterhamtning\/#primaryimage"},"thumbnailUrl":"https:\/\/www.almega.se\/app\/uploads\/2020\/06\/patrick-joyce-1000x600.jpg","datePublished":"2022-12-20T15:11:48+00:00","dateModified":"2023-02-14T13:30:06+00:00","author":{"@id":"https:\/\/www.almega.se\/#\/schema\/person\/efcc735e9c1ba0f9de79e69dc5be5f8a"},"breadcrumb":{"@id":"https:\/\/www.almega.se\/2022\/12\/krisen-inte-over-atgarder-kravs-for-aterhamtning\/#breadcrumb"},"inLanguage":"sv-SE","potentialAction":[{"@type":"ReadAction","target":["https:\/\/www.almega.se\/2022\/12\/krisen-inte-over-atgarder-kravs-for-aterhamtning\/"]}]},{"@type":"ImageObject","inLanguage":"sv-SE","@id":"https:\/\/www.almega.se\/2022\/12\/krisen-inte-over-atgarder-kravs-for-aterhamtning\/#primaryimage","url":"https:\/\/www.almega.se\/app\/uploads\/2020\/06\/patrick-joyce-1000x600.jpg","contentUrl":"https:\/\/www.almega.se\/app\/uploads\/2020\/06\/patrick-joyce-1000x600.jpg","width":1000,"height":600},{"@type":"BreadcrumbList","@id":"https:\/\/www.almega.se\/2022\/12\/krisen-inte-over-atgarder-kravs-for-aterhamtning\/#breadcrumb","itemListElement":[{"@type":"ListItem","position":1,"name":"Home","item":"https:\/\/www.almega.se\/"},{"@type":"ListItem","position":2,"name":"Krisen inte \u00f6ver \u2013 \u00e5tg\u00e4rder kr\u00e4vs f\u00f6r \u00e5terh\u00e4mtning"}]},{"@type":"WebSite","@id":"https:\/\/www.almega.se\/#website","url":"https:\/\/www.almega.se\/","name":"Almega","description":"","potentialAction":[{"@type":"SearchAction","target":{"@type":"EntryPoint","urlTemplate":"https:\/\/www.almega.se\/?s={search_term_string}"},"query-input":{"@type":"PropertyValueSpecification","valueRequired":true,"valueName":"search_term_string"}}],"inLanguage":"sv-SE"},{"@type":"Person","@id":"https:\/\/www.almega.se\/#\/schema\/person\/efcc735e9c1ba0f9de79e69dc5be5f8a","name":"Julia Schwamberg","image":{"@type":"ImageObject","inLanguage":"sv-SE","@id":"https:\/\/www.almega.se\/#\/schema\/person\/image\/","url":"https:\/\/secure.gravatar.com\/avatar\/60ee7d8b8e9aa9b036f4768c0d2e868d8f080bcf68689c0f64ab3b87b1c2f78b?s=96&d=mm&r=g","contentUrl":"https:\/\/secure.gravatar.com\/avatar\/60ee7d8b8e9aa9b036f4768c0d2e868d8f080bcf68689c0f64ab3b87b1c2f78b?s=96&d=mm&r=g","caption":"Julia Schwamberg"},"url":"https:\/\/www.almega.se\/person\/juliaschwamberg\/"}]}},"_links":{"self":[{"href":"https:\/\/www.almega.se\/api\/wp\/v2\/posts\/30748","targetHints":{"allow":["GET"]}}],"collection":[{"href":"https:\/\/www.almega.se\/api\/wp\/v2\/posts"}],"about":[{"href":"https:\/\/www.almega.se\/api\/wp\/v2\/types\/post"}],"author":[{"embeddable":true,"href":"https:\/\/www.almega.se\/api\/wp\/v2\/users\/3"}],"replies":[{"embeddable":true,"href":"https:\/\/www.almega.se\/api\/wp\/v2\/comments?post=30748"}],"version-history":[{"count":6,"href":"https:\/\/www.almega.se\/api\/wp\/v2\/posts\/30748\/revisions"}],"predecessor-version":[{"id":59191,"href":"https:\/\/www.almega.se\/api\/wp\/v2\/posts\/30748\/revisions\/59191"}],"wp:featuredmedia":[{"embeddable":true,"href":"https:\/\/www.almega.se\/api\/wp\/v2\/media\/30725"}],"wp:attachment":[{"href":"https:\/\/www.almega.se\/api\/wp\/v2\/media?parent=30748"}],"wp:term":[{"taxonomy":"category","embeddable":true,"href":"https:\/\/www.almega.se\/api\/wp\/v2\/categories?post=30748"},{"taxonomy":"post_tag","embeddable":true,"href":"https:\/\/www.almega.se\/api\/wp\/v2\/tags?post=30748"},{"taxonomy":"type","embeddable":true,"href":"https:\/\/www.almega.se\/api\/wp\/v2\/article_type?post=30748"},{"taxonomy":"agreement","embeddable":true,"href":"https:\/\/www.almega.se\/api\/wp\/v2\/agreement?post=30748"}],"curies":[{"name":"wp","href":"https:\/\/api.w.org\/{rel}","templated":true}]}}