{"id":30744,"date":"2020-06-26T10:15:40","date_gmt":"2020-06-26T08:15:40","guid":{"rendered":"https:\/\/www.almega.se\/2020\/06\/obefogad-oro-for-vita-flackar\/"},"modified":"2020-06-26T10:15:40","modified_gmt":"2020-06-26T08:15:40","slug":"obefogad-oro-for-vita-flackar","status":"publish","type":"post","link":"https:\/\/www.almega.se\/2020\/06\/obefogad-oro-for-vita-flackar\/","title":{"rendered":"&#8221;Obefogad oro f\u00f6r vita fl\u00e4ckar&#8221;"},"content":{"rendered":"<p class=\"intro\">Idag presenterades f\u00f6rslagen i utredningen om kommunernas medverkan i den statliga arbetsmarknadspolitiken. Utredningen \u00e4r en del av arbetet med reformeringen av Arbetsf\u00f6rmedlingen d\u00e4r uppdraget att matcha de arbetsl\u00f6sa helt ska tas \u00f6ver av frist\u00e5ende leverant\u00f6rer under 2022.<\/p>\n\n<p>I utredarens uppdrag har ing\u00e5tt att g\u00f6ra en analys av huruvida dagens regler till\u00e5ter kommuner att vara leverant\u00f6rer av arbetsmarknadspolitiska insatser \u00e5t Arbetsf\u00f6rmedlingen. Utredaren har \u00e4ven haft i uppdrag att l\u00e4mna f\u00f6rslag som \u00f6ppnar f\u00f6r kommuner att utf\u00f6ra tj\u00e4nster \u00e5t Arbetsf\u00f6rmedlingen dels genom medverkan i LOV\/LOU och dels i situationer d\u00e5 vita fl\u00e4ckar uppst\u00e5r. Utredaren har landat i bed\u00f6mningen att kommunerna redan idag har vissa befogenheter p\u00e5 arbetsmarknadsomr\u00e5det och \u00e4ven m\u00f6jlighet att p\u00e5 olika s\u00e4tt samverka med Arbetsf\u00f6rmedlingen. Utredaren l\u00e4mnar \u00e4ven f\u00f6rslag p\u00e5 lagstiftning till st\u00f6d f\u00f6r ytterligare kommunal aktivitet.<\/p>\n\n\n\n<p>Utredaren f\u00f6resl\u00e5r att kommunerna ska kunna delta i LOV-system och LOU-upphandlingar, i konkurrens med frist\u00e5ende leverant\u00f6rer. F\u00f6r att m\u00f6jligg\u00f6ra detta anser utredningen att de kommunala principerna om sj\u00e4lvkostnad och f\u00f6rbud mot vinstdrivande n\u00e4ringsverksamhet ska tas bort och att den kommunala lokaliseringsprincipen ska begr\u00e4nsas.&nbsp;<\/p>\n\n\n\n<p>\u2013 Detta \u00e4r f\u00f6rslag som riskerar att \u00f6ppna f\u00f6r kommunal aff\u00e4rsverksamhet p\u00e5 bred front och utan h\u00e4nsyn tagen till om det r\u00f6r omr\u00e5den med vita fl\u00e4ckar eller ej. Almega anser att detta \u00e4r felt\u00e4nkt, s\u00e4ger Andreas \u00c5str\u00f6m, n\u00e4ringspolitisk chef Almega.<\/p>\n\n\n\n<p>\u2013 Oron f\u00f6r s\u00e5 kallade vita fl\u00e4ckar \u00e4r obefogad. Inte ens en procent av de arbetsl\u00f6sa bor idag i omr\u00e5den som saknar matchningsf\u00f6retag, vilket framg\u00e5r av Riksrevisionens nyligen presenterade granskning av det befintliga LOV-systemet St\u00f6d och matchning (STOM), s\u00e4ger Andreas \u00c5str\u00f6m.<\/p>\n\n\n\n<p>\u2013 Kommunerna b\u00f6r endast komma ifr\u00e5ga som reservl\u00f6sning om det saknas frist\u00e5ende leverant\u00f6rer av arbetsmarknadstj\u00e4nster lokalt. Matchningsf\u00f6retagen kommer att samarbeta t\u00e4tt med kommunerna. I mindre kommuner d\u00e4r frist\u00e5ende akt\u00f6rer inte har egna lokaler b\u00f6r de exempelvis kunna f\u00e5 tillg\u00e5ng till kommunens lokaler f\u00f6r m\u00f6ten med de arbetss\u00f6kande, s\u00e4ger Andreas \u00c5str\u00f6m.<\/p>\n\n\n\n<p>\u2013 Digitala m\u00f6ten med de arbetss\u00f6kande kommer att utg\u00f6ra ett bra komplement till fysiska m\u00f6ten, vilket \u00f6kar tillg\u00e4ngligheten i hela landet. Den viktiga nu \u00e4r att ge fler frist\u00e5ende jobbf\u00f6rmedlare m\u00f6jlighet att hj\u00e4lpa arbetss\u00f6kande fr\u00e5n dag ett. Det \u00e4r s\u00e5 vi s\u00e4tter arbetss\u00f6kande i jobb eller utbildning, avslutar Andreas \u00c5str\u00f6m.<\/p>\n","protected":false},"excerpt":{"rendered":"<p>Idag presenterades f\u00f6rslagen i utredningen om kommunernas medverkan i den statliga arbetsmarknadspolitiken. Utredningen \u00e4r en del av arbetet med reformeringen av Arbetsf\u00f6rmedlingen d\u00e4r uppdraget att matcha de arbetsl\u00f6sa helt ska tas \u00f6ver av frist\u00e5ende leverant\u00f6rer under 2022.<\/p>\n","protected":false},"author":3,"featured_media":30745,"comment_status":"closed","ping_status":"closed","sticky":false,"template":"","format":"standard","meta":{"_acf_changed":false,"footnotes":""},"categories":[64],"tags":[423],"article_type":[93],"agreement":[],"class_list":["post-30744","post","type-post","status-publish","format-standard","has-post-thumbnail","hentry","category-arbetsmarknad","tag-arbetsformedling","type-pressmeddelanden"],"acf":[],"yoast_head":"<!-- This site is optimized with the Yoast SEO Premium plugin v26.8 (Yoast SEO v26.8) - https:\/\/yoast.com\/product\/yoast-seo-premium-wordpress\/ -->\n<title>&quot;Obefogad oro f\u00f6r vita fl\u00e4ckar&quot; | Almega<\/title>\n<meta name=\"robots\" content=\"index, follow, max-snippet:-1, max-image-preview:large, max-video-preview:-1\" \/>\n<link rel=\"canonical\" href=\"https:\/\/www.almega.se\/2020\/06\/obefogad-oro-for-vita-flackar\/\" \/>\n<meta property=\"og:locale\" content=\"sv_SE\" \/>\n<meta property=\"og:type\" content=\"article\" \/>\n<meta property=\"og:title\" content=\"&quot;Obefogad oro f\u00f6r vita fl\u00e4ckar&quot;\" \/>\n<meta property=\"og:description\" content=\"Idag presenterades f\u00f6rslagen i utredningen om kommunernas medverkan i den statliga arbetsmarknadspolitiken. Utredningen \u00e4r en del av arbetet med reformeringen av Arbetsf\u00f6rmedlingen d\u00e4r uppdraget att matcha de arbetsl\u00f6sa helt ska tas \u00f6ver av frist\u00e5ende leverant\u00f6rer under 2022.\" \/>\n<meta property=\"og:url\" content=\"https:\/\/www.almega.se\/2020\/06\/obefogad-oro-for-vita-flackar\/\" \/>\n<meta property=\"og:site_name\" content=\"Almega\" \/>\n<meta property=\"article:published_time\" content=\"2020-06-26T08:15:40+00:00\" \/>\n<meta property=\"og:image\" content=\"https:\/\/www.almega.se\/app\/uploads\/2020\/06\/9e21fdc5-d124-4b39-941c-599bc582f03a-1180x787.jpg\" \/>\n\t<meta property=\"og:image:width\" content=\"1180\" \/>\n\t<meta property=\"og:image:height\" content=\"787\" \/>\n\t<meta property=\"og:image:type\" content=\"image\/jpeg\" \/>\n<meta name=\"author\" content=\"Julia Schwamberg\" \/>\n<meta name=\"twitter:card\" content=\"summary_large_image\" \/>\n<meta name=\"twitter:label1\" content=\"Skriven av\" \/>\n\t<meta name=\"twitter:data1\" content=\"Julia Schwamberg\" \/>\n\t<meta name=\"twitter:label2\" content=\"Ber\u00e4knad l\u00e4stid\" \/>\n\t<meta name=\"twitter:data2\" content=\"2 minuter\" \/>\n<!-- \/ Yoast SEO Premium plugin. -->","yoast_head_json":{"title":"\"Obefogad oro f\u00f6r vita fl\u00e4ckar\" | Almega","robots":{"index":"index","follow":"follow","max-snippet":"max-snippet:-1","max-image-preview":"max-image-preview:large","max-video-preview":"max-video-preview:-1"},"canonical":"https:\/\/www.almega.se\/2020\/06\/obefogad-oro-for-vita-flackar\/","og_locale":"sv_SE","og_type":"article","og_title":"\"Obefogad oro f\u00f6r vita fl\u00e4ckar\"","og_description":"Idag presenterades f\u00f6rslagen i utredningen om kommunernas medverkan i den statliga arbetsmarknadspolitiken. Utredningen \u00e4r en del av arbetet med reformeringen av Arbetsf\u00f6rmedlingen d\u00e4r uppdraget att matcha de arbetsl\u00f6sa helt ska tas \u00f6ver av frist\u00e5ende leverant\u00f6rer under 2022.","og_url":"https:\/\/www.almega.se\/2020\/06\/obefogad-oro-for-vita-flackar\/","og_site_name":"Almega","article_published_time":"2020-06-26T08:15:40+00:00","og_image":[{"width":1180,"height":787,"url":"https:\/\/www.almega.se\/app\/uploads\/2020\/06\/9e21fdc5-d124-4b39-941c-599bc582f03a-1180x787.jpg","type":"image\/jpeg"}],"author":"Julia Schwamberg","twitter_card":"summary_large_image","twitter_misc":{"Skriven av":"Julia Schwamberg","Ber\u00e4knad l\u00e4stid":"2 minuter"},"schema":{"@context":"https:\/\/schema.org","@graph":[{"@type":"NewsArticle","@id":"https:\/\/www.almega.se\/2020\/06\/obefogad-oro-for-vita-flackar\/#article","isPartOf":{"@id":"https:\/\/www.almega.se\/2020\/06\/obefogad-oro-for-vita-flackar\/"},"author":{"name":"Julia Schwamberg","@id":"https:\/\/www.almega.se\/#\/schema\/person\/efcc735e9c1ba0f9de79e69dc5be5f8a"},"headline":"&#8221;Obefogad oro f\u00f6r vita fl\u00e4ckar&#8221;","datePublished":"2020-06-26T08:15:40+00:00","mainEntityOfPage":{"@id":"https:\/\/www.almega.se\/2020\/06\/obefogad-oro-for-vita-flackar\/"},"wordCount":404,"image":{"@id":"https:\/\/www.almega.se\/2020\/06\/obefogad-oro-for-vita-flackar\/#primaryimage"},"thumbnailUrl":"https:\/\/www.almega.se\/app\/uploads\/2020\/06\/9e21fdc5-d124-4b39-941c-599bc582f03a.jpg","keywords":["Arbetsf\u00f6rmedling"],"articleSection":["Arbetsmarknad"],"inLanguage":"sv-SE"},{"@type":"WebPage","@id":"https:\/\/www.almega.se\/2020\/06\/obefogad-oro-for-vita-flackar\/","url":"https:\/\/www.almega.se\/2020\/06\/obefogad-oro-for-vita-flackar\/","name":"\"Obefogad oro f\u00f6r vita fl\u00e4ckar\" | Almega","isPartOf":{"@id":"https:\/\/www.almega.se\/#website"},"primaryImageOfPage":{"@id":"https:\/\/www.almega.se\/2020\/06\/obefogad-oro-for-vita-flackar\/#primaryimage"},"image":{"@id":"https:\/\/www.almega.se\/2020\/06\/obefogad-oro-for-vita-flackar\/#primaryimage"},"thumbnailUrl":"https:\/\/www.almega.se\/app\/uploads\/2020\/06\/9e21fdc5-d124-4b39-941c-599bc582f03a.jpg","datePublished":"2020-06-26T08:15:40+00:00","author":{"@id":"https:\/\/www.almega.se\/#\/schema\/person\/efcc735e9c1ba0f9de79e69dc5be5f8a"},"breadcrumb":{"@id":"https:\/\/www.almega.se\/2020\/06\/obefogad-oro-for-vita-flackar\/#breadcrumb"},"inLanguage":"sv-SE","potentialAction":[{"@type":"ReadAction","target":["https:\/\/www.almega.se\/2020\/06\/obefogad-oro-for-vita-flackar\/"]}]},{"@type":"ImageObject","inLanguage":"sv-SE","@id":"https:\/\/www.almega.se\/2020\/06\/obefogad-oro-for-vita-flackar\/#primaryimage","url":"https:\/\/www.almega.se\/app\/uploads\/2020\/06\/9e21fdc5-d124-4b39-941c-599bc582f03a.jpg","contentUrl":"https:\/\/www.almega.se\/app\/uploads\/2020\/06\/9e21fdc5-d124-4b39-941c-599bc582f03a.jpg","width":5760,"height":3840,"caption":"Andreas \u00c5str\u00f6m, n\u00e4ringspolitisk chef, Almega"},{"@type":"BreadcrumbList","@id":"https:\/\/www.almega.se\/2020\/06\/obefogad-oro-for-vita-flackar\/#breadcrumb","itemListElement":[{"@type":"ListItem","position":1,"name":"Home","item":"https:\/\/www.almega.se\/"},{"@type":"ListItem","position":2,"name":"&#8221;Obefogad oro f\u00f6r vita fl\u00e4ckar&#8221;"}]},{"@type":"WebSite","@id":"https:\/\/www.almega.se\/#website","url":"https:\/\/www.almega.se\/","name":"Almega","description":"","potentialAction":[{"@type":"SearchAction","target":{"@type":"EntryPoint","urlTemplate":"https:\/\/www.almega.se\/?s={search_term_string}"},"query-input":{"@type":"PropertyValueSpecification","valueRequired":true,"valueName":"search_term_string"}}],"inLanguage":"sv-SE"},{"@type":"Person","@id":"https:\/\/www.almega.se\/#\/schema\/person\/efcc735e9c1ba0f9de79e69dc5be5f8a","name":"Julia Schwamberg","image":{"@type":"ImageObject","inLanguage":"sv-SE","@id":"https:\/\/www.almega.se\/#\/schema\/person\/image\/","url":"https:\/\/secure.gravatar.com\/avatar\/60ee7d8b8e9aa9b036f4768c0d2e868d8f080bcf68689c0f64ab3b87b1c2f78b?s=96&d=mm&r=g","contentUrl":"https:\/\/secure.gravatar.com\/avatar\/60ee7d8b8e9aa9b036f4768c0d2e868d8f080bcf68689c0f64ab3b87b1c2f78b?s=96&d=mm&r=g","caption":"Julia Schwamberg"},"url":"https:\/\/www.almega.se\/person\/juliaschwamberg\/"}]}},"_links":{"self":[{"href":"https:\/\/www.almega.se\/api\/wp\/v2\/posts\/30744","targetHints":{"allow":["GET"]}}],"collection":[{"href":"https:\/\/www.almega.se\/api\/wp\/v2\/posts"}],"about":[{"href":"https:\/\/www.almega.se\/api\/wp\/v2\/types\/post"}],"author":[{"embeddable":true,"href":"https:\/\/www.almega.se\/api\/wp\/v2\/users\/3"}],"replies":[{"embeddable":true,"href":"https:\/\/www.almega.se\/api\/wp\/v2\/comments?post=30744"}],"version-history":[{"count":2,"href":"https:\/\/www.almega.se\/api\/wp\/v2\/posts\/30744\/revisions"}],"predecessor-version":[{"id":53533,"href":"https:\/\/www.almega.se\/api\/wp\/v2\/posts\/30744\/revisions\/53533"}],"wp:featuredmedia":[{"embeddable":true,"href":"https:\/\/www.almega.se\/api\/wp\/v2\/media\/30745"}],"wp:attachment":[{"href":"https:\/\/www.almega.se\/api\/wp\/v2\/media?parent=30744"}],"wp:term":[{"taxonomy":"category","embeddable":true,"href":"https:\/\/www.almega.se\/api\/wp\/v2\/categories?post=30744"},{"taxonomy":"post_tag","embeddable":true,"href":"https:\/\/www.almega.se\/api\/wp\/v2\/tags?post=30744"},{"taxonomy":"type","embeddable":true,"href":"https:\/\/www.almega.se\/api\/wp\/v2\/article_type?post=30744"},{"taxonomy":"agreement","embeddable":true,"href":"https:\/\/www.almega.se\/api\/wp\/v2\/agreement?post=30744"}],"curies":[{"name":"wp","href":"https:\/\/api.w.org\/{rel}","templated":true}]}}