{"id":30557,"date":"2024-10-08T11:15:00","date_gmt":"2024-10-08T09:15:00","guid":{"rendered":"https:\/\/www.almega.se\/?p=30557"},"modified":"2024-10-16T16:29:39","modified_gmt":"2024-10-16T14:29:39","slug":"uppsagning-under-semester-detta-galler","status":"publish","type":"post","link":"https:\/\/www.almega.se\/2024\/10\/uppsagning-under-semester-detta-galler\/","title":{"rendered":"Upps\u00e4gning under semester \u2013 detta g\u00e4ller"},"content":{"rendered":"<p class=\"intro\">Om f\u00f6retaget kommer i ett akut l\u00e4ge kan upps\u00e4gningar beh\u00f6va ske \u00e4ven under en semesterperiod, som under julledigheterna eller mitt i sommaren. Men hur ska arbetsgivaren hantera en upps\u00e4gning rent praktiskt?<\/p>\n\n<p><br>N\u00e4r en arbetsgivare har arbetsbrist och ser att man tvingas s\u00e4ga upp personal inleds processen med fackliga f\u00f6rhandlingar. Efter genomf\u00f6rda f\u00f6rhandlingar med facket ska arbetsgivaren l\u00e4mna \u00f6ver upps\u00e4gningsbeskedet till ber\u00f6rda medarbetare.<\/p>\n\n\n<a class='Share__link Share__link--url copy-text' href='#' rel='nofollow' data-text='skriftligt-uppsagningsbesked' title='Dela url' data-confirmation='L\u00e4nken kopierades till urklipp'><svg class='icon icon--link'  width='18' height='18' viewBox='0 0 18 18' fill='none' xmlns='http:\/\/www.w3.org\/2000\/svg'>\n            <path d='M10.4142 0.514721L6.87868 4.05025L8.29289 5.46447L11.1213 2.63604L15.364 6.87868L12.5355 9.70711L13.9497 11.1213L17.4853 7.58579C17.8763 7.19476 17.8763 6.5626 17.4853 6.17158L11.8284 0.514721C11.4374 0.123691 10.8052 0.123691 10.4142 0.514721Z' fill='black'\/>\n            <path d='M9.7071 12.5355L6.87868 15.364L2.63604 11.1213L5.46446 8.2929L4.05025 6.87868L0.514716 10.4142C0.123686 10.8052 0.123686 11.4374 0.514716 11.8284L6.17157 17.4853C6.5626 17.8763 7.19475 17.8763 7.58578 17.4853L11.1213 13.9497L9.7071 12.5355Z' fill='black'\/>\n            <path d='M6.17157 11.8284C6.5626 12.2195 7.19475 12.2195 7.58578 11.8284L11.8284 7.58579C12.2195 7.19476 12.2195 6.56261 11.8284 6.17158C11.4374 5.78055 10.8052 5.78055 10.4142 6.17158L6.17157 10.4142C5.78054 10.8052 5.78054 11.4374 6.17157 11.8284Z' fill='black'\/>\n            <\/svg> <\/a>\n<h2 class=\"wp-block-heading\" id=\"h-skriftligt-uppsagningsbesked\">Skriftligt upps\u00e4gningsbesked<\/h2>\n\n\n\n<p>\u2013&nbsp; Vid upps\u00e4gning p\u00e5 grund av arbetsbrist finns det ett antal ordningsf\u00f6reskrifter du som arbetsgivare har att beakta. F\u00f6r det f\u00f6rsta ska upps\u00e4gningsbeskedet vara skriftligt. Det ska ocks\u00e5 inneh\u00e5lla en fullf\u00f6ljdsh\u00e4nvisning och information om eventuell f\u00f6retr\u00e4desr\u00e4tt till \u00e5teranst\u00e4llning. Dessutom ska upps\u00e4gningsbeskedet som huvudregel l\u00e4mnas till arbetstagaren personligen. Om det inte \u00e4r sk\u00e4ligt att kr\u00e4va detta, f\u00e5r beskedet i st\u00e4llet s\u00e4ndas i rekommenderat brev till arbetstagarens senast k\u00e4nda adress, f\u00f6rklarar <strong>Hedda Mann<\/strong>, arbetsr\u00e4ttsjurist p\u00e5 Almega.<\/p>\n\n\n\n      <blockquote class=\"Expert-comment__quote\">\n      <p>&#8221;Det har uttalats att sj\u00e4lva upps\u00e4gningen anses ha skett i den stund som arbetstagaren f\u00e5r del av upps\u00e4gningen&#8221;<\/p>\n\n      \n             <a href=\"https:\/\/www.almega.se\/person\/heddamann\/\">\n          <figure class=\"Contact-card__image\">\n            <img decoding=\"async\" src=\"https:\/\/www.almega.se\/app\/uploads\/2023\/11\/HeddaMann_0675-edited-380x380.jpg\" alt=\"Hedda Mann\">\n          <\/figure>\n        <\/a>\n          \n      <h2 class=\"Contact-card__title\">Hedda Mann<\/h2>\n      <p class=\"mb-0\">Chef Almegas arbetsgivarservice, Bitr. chefsjurist, ARE<\/p>\n      \n                  <a href=\"https:\/\/www.almega.se\/person\/heddamann\/\" class=\"Contact-card__link\">\n        \n          <p class=\"Contact-card__arrow__text\">L\u00e4s mer<\/p>\n          \n          <svg class='icon icon--arrow-tip'  width=\"11\" height=\"16\" viewBox=\"0 0 11 16\" fill=\"none\" xmlns=\"http:\/\/www.w3.org\/2000\/svg\">\n<path d=\"M0.858398 15L9.2304 7.99664L0.967732 1.00001\" stroke=\"black\" stroke-width=\"2\" stroke-miterlimit=\"10\"\/>\n<\/svg>\n\n          \n      <\/a>\n\n      \n    \n  \n    <\/blockquote>\n  \n\n\n\n<p>F\u00f6ljer man som arbetsgivare inte dessa f\u00f6reskrifter kan det leda till skyldighet att betala skadest\u00e5nd.<\/p>\n\n\n\n<p>\u2013 \u00c4ven om samtliga ordningsf\u00f6reskrifter ska f\u00f6ljas och att brott mot dem kan leda till skadest\u00e5nd, s\u00e5 \u00e4r de i sig inte avg\u00f6rande f\u00f6r bed\u00f6mningen om en upps\u00e4gning har skett.&nbsp; Det regleras ist\u00e4llet i paragraf 10 andra stycket i LAS, d\u00e4r det framg\u00e5r att arbetstagaren skall anses uppsagd n\u00e4r han eller hon f\u00e5r del av upps\u00e4gningen. Det har uttalats att sj\u00e4lva upps\u00e4gningen anses ha skett i den stund som arbetstagaren f\u00e5r del av upps\u00e4gningen, vilket i normalfallet sker n\u00e4r upps\u00e4gningsbeskedet \u00f6verl\u00e4mnas till henne eller honom, s\u00e4ger Hedda Mann.<\/p>\n\n\n<a class='Share__link Share__link--url copy-text' href='#' rel='nofollow' data-text='om-arbetstagaren-redan-hunnit-ga-pa-semester,-vad-galler-da?' title='Dela url' data-confirmation='L\u00e4nken kopierades till urklipp'><svg class='icon icon--link'  width='18' height='18' viewBox='0 0 18 18' fill='none' xmlns='http:\/\/www.w3.org\/2000\/svg'>\n            <path d='M10.4142 0.514721L6.87868 4.05025L8.29289 5.46447L11.1213 2.63604L15.364 6.87868L12.5355 9.70711L13.9497 11.1213L17.4853 7.58579C17.8763 7.19476 17.8763 6.5626 17.4853 6.17158L11.8284 0.514721C11.4374 0.123691 10.8052 0.123691 10.4142 0.514721Z' fill='black'\/>\n            <path d='M9.7071 12.5355L6.87868 15.364L2.63604 11.1213L5.46446 8.2929L4.05025 6.87868L0.514716 10.4142C0.123686 10.8052 0.123686 11.4374 0.514716 11.8284L6.17157 17.4853C6.5626 17.8763 7.19475 17.8763 7.58578 17.4853L11.1213 13.9497L9.7071 12.5355Z' fill='black'\/>\n            <path d='M6.17157 11.8284C6.5626 12.2195 7.19475 12.2195 7.58578 11.8284L11.8284 7.58579C12.2195 7.19476 12.2195 6.56261 11.8284 6.17158C11.4374 5.78055 10.8052 5.78055 10.4142 6.17158L6.17157 10.4142C5.78054 10.8052 5.78054 11.4374 6.17157 11.8284Z' fill='black'\/>\n            <\/svg> <\/a>\n<h2 class=\"wp-block-heading\" id=\"h-om-arbetstagaren-redan-hunnit-ga-pa-semester-vad-galler-da\">Om arbetstagaren redan hunnit g\u00e5 p\u00e5 semester, vad g\u00e4ller d\u00e5?<\/h2>\n\n\n\n<p>\u2013 Har arbetstagaren redan hunnit g\u00e5 p\u00e5 semester, anses upps\u00e4gning ha skett tidigast dagen efter den d\u00e5 semestern upph\u00f6rde.<\/p>\n\n\n\n<p>Du som medlem hittar mer information om upps\u00e4gning (bakom inlogg) i&nbsp;<a href=\"https:\/\/medlem.arbetsgivarguiden.se\/\" target=\"_blank\" rel=\"noreferrer noopener\">Arbetsgivarguiden<\/a>.<\/p>\n\n\n\n\n\n\n<h3 class=\"wp-block-heading\">Arbetsgivarguiden<\/h3>\n\n\n\n<p><a href=\"https:\/\/www.almega.se\/om-arbetsgivarguiden\/\">Arbetsgivarguiden<\/a> hj\u00e4lper dig att g\u00f6ra r\u00e4tt i djungeln av avtal, lagar och praxis som g\u00e4ller p\u00e5 den svenska arbetsmarknaden.<\/p>\n\n\n\n<p>H\u00e4r hittar du bland annat ditt eller dina kollektivavtal, steg f\u00f6r steg-guider och mallar.<\/p>\n\n\n\n      <a href=\"https:\/\/medlem.arbetsgivarguiden.se\/\" target=\"_blank\" class=\"Button is-button is-style-fill has-primary-background-color has-primary-border-color Button--arrow-tip\">\n      \n        Logga in i Arbetsgivarguiden\n      \n      \n                \n                <svg class='icon icon--arrow-tip'  width=\"11\" height=\"16\" viewBox=\"0 0 11 16\" fill=\"none\" xmlns=\"http:\/\/www.w3.org\/2000\/svg\">\n<path d=\"M0.858398 15L9.2304 7.99664L0.967732 1.00001\" stroke=\"black\" stroke-width=\"2\" stroke-miterlimit=\"10\"\/>\n<\/svg>\n\n        \n    <\/a>\n  \n\n\n\n\n<figure class=\"wp-block-embed is-type-video is-provider-vimeo wp-block-embed-vimeo wp-embed-aspect-16-9 wp-has-aspect-ratio\">\n<iframe loading=\"lazy\" title=\"Arbetsgivarguiden.se\" src=\"https:\/\/player.vimeo.com\/video\/264310593?dnt=1&amp;app_id=122963\" width=\"500\" height=\"281\" frameborder=\"0\" allow=\"autoplay; fullscreen; picture-in-picture; clipboard-write\"><\/iframe>\n<\/figure>\n\n\n\n\n","protected":false},"excerpt":{"rendered":"<p>N\u00e4r en arbetsgivare har arbetsbrist och ser att man tvingas s\u00e4ga upp personal inleds processen med fackliga f\u00f6rhandlingar. Efter genomf\u00f6rda f\u00f6rhandlingar med facket ska arbetsgivaren l\u00e4mna \u00f6ver upps\u00e4gningsbeskedet till ber\u00f6rda medarbetare. Skriftligt upps\u00e4gningsbesked \u2013&nbsp; Vid &hellip;<\/p>\n","protected":false},"author":3,"featured_media":30558,"comment_status":"closed","ping_status":"closed","sticky":false,"template":"","format":"standard","meta":{"_acf_changed":false,"footnotes":""},"categories":[451],"tags":[609,488,606],"article_type":[55],"agreement":[],"class_list":["post-30557","post","type-post","status-publish","format-standard","has-post-thumbnail","hentry","category-arbetsgivarfragor","tag-anstallning","tag-korttidspermittering","tag-semester","type-artiklar"],"acf":[],"yoast_head":"<!-- This site is optimized with the Yoast SEO Premium plugin v26.8 (Yoast SEO v26.8) - https:\/\/yoast.com\/product\/yoast-seo-premium-wordpress\/ -->\n<title>Upps\u00e4gning under semester \u2013 detta g\u00e4ller | Almega<\/title>\n<meta name=\"robots\" content=\"index, follow, max-snippet:-1, max-image-preview:large, max-video-preview:-1\" \/>\n<link rel=\"canonical\" href=\"https:\/\/www.almega.se\/2024\/10\/uppsagning-under-semester-detta-galler\/\" \/>\n<meta property=\"og:locale\" content=\"sv_SE\" \/>\n<meta property=\"og:type\" content=\"article\" \/>\n<meta property=\"og:title\" content=\"Upps\u00e4gning under semester \u2013 detta g\u00e4ller\" \/>\n<meta property=\"og:description\" content=\"N\u00e4r en arbetsgivare har arbetsbrist och ser att man tvingas s\u00e4ga upp personal inleds processen med fackliga f\u00f6rhandlingar. Efter genomf\u00f6rda f\u00f6rhandlingar med facket ska arbetsgivaren l\u00e4mna \u00f6ver upps\u00e4gningsbeskedet till ber\u00f6rda medarbetare. Skriftligt upps\u00e4gningsbesked \u2013&nbsp; Vid &hellip;\" \/>\n<meta property=\"og:url\" content=\"https:\/\/www.almega.se\/2024\/10\/uppsagning-under-semester-detta-galler\/\" \/>\n<meta property=\"og:site_name\" content=\"Almega\" \/>\n<meta property=\"article:published_time\" content=\"2024-10-08T09:15:00+00:00\" \/>\n<meta property=\"article:modified_time\" content=\"2024-10-16T14:29:39+00:00\" \/>\n<meta property=\"og:image\" content=\"https:\/\/www.almega.se\/app\/uploads\/2020\/06\/uppsagning-under-semester-1000x600.png\" \/>\n\t<meta property=\"og:image:width\" content=\"1000\" \/>\n\t<meta property=\"og:image:height\" content=\"600\" \/>\n\t<meta property=\"og:image:type\" content=\"image\/png\" \/>\n<meta name=\"author\" content=\"Julia Schwamberg\" \/>\n<meta name=\"twitter:card\" content=\"summary_large_image\" \/>\n<meta name=\"twitter:label1\" content=\"Skriven av\" \/>\n\t<meta name=\"twitter:data1\" content=\"Julia Schwamberg\" \/>\n\t<meta name=\"twitter:label2\" content=\"Ber\u00e4knad l\u00e4stid\" \/>\n\t<meta name=\"twitter:data2\" content=\"2 minuter\" \/>\n<!-- \/ Yoast SEO Premium plugin. -->","yoast_head_json":{"title":"Upps\u00e4gning under semester \u2013 detta g\u00e4ller | Almega","robots":{"index":"index","follow":"follow","max-snippet":"max-snippet:-1","max-image-preview":"max-image-preview:large","max-video-preview":"max-video-preview:-1"},"canonical":"https:\/\/www.almega.se\/2024\/10\/uppsagning-under-semester-detta-galler\/","og_locale":"sv_SE","og_type":"article","og_title":"Upps\u00e4gning under semester \u2013 detta g\u00e4ller","og_description":"N\u00e4r en arbetsgivare har arbetsbrist och ser att man tvingas s\u00e4ga upp personal inleds processen med fackliga f\u00f6rhandlingar. Efter genomf\u00f6rda f\u00f6rhandlingar med facket ska arbetsgivaren l\u00e4mna \u00f6ver upps\u00e4gningsbeskedet till ber\u00f6rda medarbetare. Skriftligt upps\u00e4gningsbesked \u2013&nbsp; Vid &hellip;","og_url":"https:\/\/www.almega.se\/2024\/10\/uppsagning-under-semester-detta-galler\/","og_site_name":"Almega","article_published_time":"2024-10-08T09:15:00+00:00","article_modified_time":"2024-10-16T14:29:39+00:00","og_image":[{"width":1000,"height":600,"url":"https:\/\/www.almega.se\/app\/uploads\/2020\/06\/uppsagning-under-semester-1000x600.png","type":"image\/png"}],"author":"Julia Schwamberg","twitter_card":"summary_large_image","twitter_misc":{"Skriven av":"Julia Schwamberg","Ber\u00e4knad l\u00e4stid":"2 minuter"},"schema":{"@context":"https:\/\/schema.org","@graph":[{"@type":"NewsArticle","@id":"https:\/\/www.almega.se\/2024\/10\/uppsagning-under-semester-detta-galler\/#article","isPartOf":{"@id":"https:\/\/www.almega.se\/2024\/10\/uppsagning-under-semester-detta-galler\/"},"author":{"name":"Julia Schwamberg","@id":"https:\/\/www.almega.se\/#\/schema\/person\/efcc735e9c1ba0f9de79e69dc5be5f8a"},"headline":"Upps\u00e4gning under semester \u2013 detta g\u00e4ller","datePublished":"2024-10-08T09:15:00+00:00","dateModified":"2024-10-16T14:29:39+00:00","mainEntityOfPage":{"@id":"https:\/\/www.almega.se\/2024\/10\/uppsagning-under-semester-detta-galler\/"},"wordCount":316,"image":{"@id":"https:\/\/www.almega.se\/2024\/10\/uppsagning-under-semester-detta-galler\/#primaryimage"},"thumbnailUrl":"https:\/\/www.almega.se\/app\/uploads\/2020\/06\/uppsagning-under-semester-1000x600.png","keywords":["Anst\u00e4llning","Korttidspermittering","Semester"],"articleSection":["Arbetsgivarfr\u00e5gor"],"inLanguage":"sv-SE"},{"@type":"WebPage","@id":"https:\/\/www.almega.se\/2024\/10\/uppsagning-under-semester-detta-galler\/","url":"https:\/\/www.almega.se\/2024\/10\/uppsagning-under-semester-detta-galler\/","name":"Upps\u00e4gning under semester \u2013 detta g\u00e4ller | Almega","isPartOf":{"@id":"https:\/\/www.almega.se\/#website"},"primaryImageOfPage":{"@id":"https:\/\/www.almega.se\/2024\/10\/uppsagning-under-semester-detta-galler\/#primaryimage"},"image":{"@id":"https:\/\/www.almega.se\/2024\/10\/uppsagning-under-semester-detta-galler\/#primaryimage"},"thumbnailUrl":"https:\/\/www.almega.se\/app\/uploads\/2020\/06\/uppsagning-under-semester-1000x600.png","datePublished":"2024-10-08T09:15:00+00:00","dateModified":"2024-10-16T14:29:39+00:00","author":{"@id":"https:\/\/www.almega.se\/#\/schema\/person\/efcc735e9c1ba0f9de79e69dc5be5f8a"},"breadcrumb":{"@id":"https:\/\/www.almega.se\/2024\/10\/uppsagning-under-semester-detta-galler\/#breadcrumb"},"inLanguage":"sv-SE","potentialAction":[{"@type":"ReadAction","target":["https:\/\/www.almega.se\/2024\/10\/uppsagning-under-semester-detta-galler\/"]}]},{"@type":"ImageObject","inLanguage":"sv-SE","@id":"https:\/\/www.almega.se\/2024\/10\/uppsagning-under-semester-detta-galler\/#primaryimage","url":"https:\/\/www.almega.se\/app\/uploads\/2020\/06\/uppsagning-under-semester-1000x600.png","contentUrl":"https:\/\/www.almega.se\/app\/uploads\/2020\/06\/uppsagning-under-semester-1000x600.png","width":1000,"height":600,"caption":"Upps\u00e4gning under semester"},{"@type":"BreadcrumbList","@id":"https:\/\/www.almega.se\/2024\/10\/uppsagning-under-semester-detta-galler\/#breadcrumb","itemListElement":[{"@type":"ListItem","position":1,"name":"Home","item":"https:\/\/www.almega.se\/"},{"@type":"ListItem","position":2,"name":"Upps\u00e4gning under semester \u2013 detta g\u00e4ller"}]},{"@type":"WebSite","@id":"https:\/\/www.almega.se\/#website","url":"https:\/\/www.almega.se\/","name":"Almega","description":"","potentialAction":[{"@type":"SearchAction","target":{"@type":"EntryPoint","urlTemplate":"https:\/\/www.almega.se\/?s={search_term_string}"},"query-input":{"@type":"PropertyValueSpecification","valueRequired":true,"valueName":"search_term_string"}}],"inLanguage":"sv-SE"},{"@type":"Person","@id":"https:\/\/www.almega.se\/#\/schema\/person\/efcc735e9c1ba0f9de79e69dc5be5f8a","name":"Julia Schwamberg","image":{"@type":"ImageObject","inLanguage":"sv-SE","@id":"https:\/\/www.almega.se\/#\/schema\/person\/image\/","url":"https:\/\/secure.gravatar.com\/avatar\/60ee7d8b8e9aa9b036f4768c0d2e868d8f080bcf68689c0f64ab3b87b1c2f78b?s=96&d=mm&r=g","contentUrl":"https:\/\/secure.gravatar.com\/avatar\/60ee7d8b8e9aa9b036f4768c0d2e868d8f080bcf68689c0f64ab3b87b1c2f78b?s=96&d=mm&r=g","caption":"Julia Schwamberg"},"url":"https:\/\/www.almega.se\/person\/juliaschwamberg\/"}]}},"_links":{"self":[{"href":"https:\/\/www.almega.se\/api\/wp\/v2\/posts\/30557","targetHints":{"allow":["GET"]}}],"collection":[{"href":"https:\/\/www.almega.se\/api\/wp\/v2\/posts"}],"about":[{"href":"https:\/\/www.almega.se\/api\/wp\/v2\/types\/post"}],"author":[{"embeddable":true,"href":"https:\/\/www.almega.se\/api\/wp\/v2\/users\/3"}],"replies":[{"embeddable":true,"href":"https:\/\/www.almega.se\/api\/wp\/v2\/comments?post=30557"}],"version-history":[{"count":10,"href":"https:\/\/www.almega.se\/api\/wp\/v2\/posts\/30557\/revisions"}],"predecessor-version":[{"id":76468,"href":"https:\/\/www.almega.se\/api\/wp\/v2\/posts\/30557\/revisions\/76468"}],"wp:featuredmedia":[{"embeddable":true,"href":"https:\/\/www.almega.se\/api\/wp\/v2\/media\/30558"}],"wp:attachment":[{"href":"https:\/\/www.almega.se\/api\/wp\/v2\/media?parent=30557"}],"wp:term":[{"taxonomy":"category","embeddable":true,"href":"https:\/\/www.almega.se\/api\/wp\/v2\/categories?post=30557"},{"taxonomy":"post_tag","embeddable":true,"href":"https:\/\/www.almega.se\/api\/wp\/v2\/tags?post=30557"},{"taxonomy":"type","embeddable":true,"href":"https:\/\/www.almega.se\/api\/wp\/v2\/article_type?post=30557"},{"taxonomy":"agreement","embeddable":true,"href":"https:\/\/www.almega.se\/api\/wp\/v2\/agreement?post=30557"}],"curies":[{"name":"wp","href":"https:\/\/api.w.org\/{rel}","templated":true}]}}