{"id":30538,"date":"2020-06-08T13:58:32","date_gmt":"2020-06-08T11:58:32","guid":{"rendered":"https:\/\/www.almega.se\/?p=30538"},"modified":"2023-12-12T14:29:02","modified_gmt":"2023-12-12T13:29:02","slug":"semesterforlaggning-korttidspermittering","status":"publish","type":"post","link":"https:\/\/www.almega.se\/2020\/06\/semesterforlaggning-korttidspermittering\/","title":{"rendered":"\u00c4r semesterf\u00f6rl\u00e4ggningen bindande trots att regler f\u00f6r korttidspermittering \u00e4ndrats?"},"content":{"rendered":"<p class=\"intro\">En av de vanligaste fr\u00e5gorna i telefonjouren just nu handlar om de konsekvenser av Tillv\u00e4xtverkets f\u00f6r\u00e4ndring av regelverket i semester vid korttidspermittering. \u00c4r det som arbetsgivare m\u00f6jligt att riva upp f\u00f6rl\u00e4ggningsbeslutet med anledning av det \u00e4ndrade regelverket? V\u00e5r arbetsr\u00e4ttsjurist och expert p\u00e5 omr\u00e5det Maria Elinder svarar p\u00e5 fr\u00e5gan.<\/p>\n\n<p>Den vanligaste fr\u00e5gan handlar om att arbetsgivare har f\u00f6rlagt medarbetarnas semester i juni och juli och samtidigt ans\u00f6kt om st\u00f6d fr\u00e5n Tillv\u00e4xtverket f\u00f6r semesterperioden. Nu n\u00e4r Tillv\u00e4xtverket har \u00e4ndrat sin bed\u00f6mning och inte l\u00e4ngre beviljar st\u00f6d f\u00f6r semester s\u00e5 \u00e4r det m\u00e5nga arbetsgivare som undrar om \u00e4r m\u00f6jligt att riva upp den f\u00f6rlagda semestern.<\/p>\n\n\n\n<p>\u2013 Nej, tyv\u00e4rr \u00e4r ett beslut fr\u00e5n arbetsgivaren om semesterf\u00f6rl\u00e4ggning bindande f\u00f6r arbetsgivaren. Man ska vara medveten om att det samtidigt finns en tvingande r\u00e4tt f\u00f6r medarbetarna att f\u00e5 ut fyra veckor sammanh\u00e4ngande betald intj\u00e4nad semesterledighet under perioden juni \u2013 augusti. Det \u00e4r naturligtvis olyckligt f\u00f6r de f\u00f6retag som drabbas, trots att man gjort r\u00e4tt fr\u00e5n b\u00f6rjan, s\u00e4ger Maria Elinder.<\/p>\n\n\n\n<p><strong>L\u00e4s ocks\u00e5:<\/strong> <a href=\"https:\/\/www.almega.se\/2020\/06\/nedskarning-pa-grund-av-arbetsbrist\/\">Nedsk\u00e4rning p\u00e5 grund av arbetsbrist<\/a><\/p>\n\n\n\n<p>Att Tillv\u00e4xtverket \u00e4ndrar sina riktlinjer i efterhand \u00e4r olyckligt. Det inneb\u00e4r att de f\u00f6retag som f\u00f6ljt Tillv\u00e4xtverkets regelverk i tron att man som arbetsgivare kan f\u00e5 ta del av st\u00f6d \u00e4ven f\u00f6r semester nu hamnar i en oh\u00e5llbar situation. Almega har p\u00e5talat detta b\u00e5de f\u00f6r Tillv\u00e4xtverket och Sveriges beslutsfattare och arbetar aktivt f\u00f6r att driva p\u00e5 f\u00f6r en h\u00e5llbar l\u00f6sning f\u00f6r Sveriges alla f\u00f6retagare.<\/p>\n\n\n\n<p><em>Du som medlem hittar mer information om semester och korttidspermittering (bakom inlogg) i <a href=\"https:\/\/medlem.arbetsgivarguiden.se\/\" target=\"_blank\" rel=\"noopener noreferrer\">Arbetsgivarguiden.<\/a><\/em><\/p>\n\n\n\n<p><em><a href=\"https:\/\/medlem.arbetsgivarguiden.se\/\" target=\"_blank\" rel=\"noopener noreferrer\">Arbetsgivarguiden&nbsp;<\/a>\u00e4r Almegas kunskapsbank p\u00e5 webben, som ing\u00e5r i medlemskapet f\u00f6r medlemmar. D\u00e4r f\u00e5r du juridisk r\u00e5dgivning och snabb och aktuell information om ditt eller dina kollektivavtal \u2013 dygnet runt.<\/em><\/p>\n","protected":false},"excerpt":{"rendered":"<p>Den vanligaste fr\u00e5gan handlar om att arbetsgivare har f\u00f6rlagt medarbetarnas semester i juni och juli och samtidigt ans\u00f6kt om st\u00f6d fr\u00e5n Tillv\u00e4xtverket f\u00f6r semesterperioden. Nu n\u00e4r Tillv\u00e4xtverket har \u00e4ndrat sin bed\u00f6mning och inte l\u00e4ngre beviljar &hellip;<\/p>\n","protected":false},"author":3,"featured_media":30539,"comment_status":"closed","ping_status":"closed","sticky":false,"template":"","format":"standard","meta":{"_acf_changed":false,"footnotes":""},"categories":[451,64],"tags":[488,606],"article_type":[56],"agreement":[],"class_list":["post-30538","post","type-post","status-publish","format-standard","has-post-thumbnail","hentry","category-arbetsgivarfragor","category-arbetsmarknad","tag-korttidspermittering","tag-semester","type-nyheter"],"acf":[],"yoast_head":"<!-- This site is optimized with the Yoast SEO Premium plugin v26.8 (Yoast SEO v26.8) - https:\/\/yoast.com\/product\/yoast-seo-premium-wordpress\/ -->\n<title>\u00c4r semesterf\u00f6rl\u00e4ggningen bindande trots att regler f\u00f6r korttidspermittering \u00e4ndrats? | Almega<\/title>\n<meta name=\"robots\" content=\"index, follow, max-snippet:-1, max-image-preview:large, max-video-preview:-1\" \/>\n<link rel=\"canonical\" href=\"https:\/\/www.almega.se\/2020\/06\/semesterforlaggning-korttidspermittering\/\" \/>\n<meta property=\"og:locale\" content=\"sv_SE\" \/>\n<meta property=\"og:type\" content=\"article\" \/>\n<meta property=\"og:title\" content=\"\u00c4r semesterf\u00f6rl\u00e4ggningen bindande trots att regler f\u00f6r korttidspermittering \u00e4ndrats?\" \/>\n<meta property=\"og:description\" content=\"Den vanligaste fr\u00e5gan handlar om att arbetsgivare har f\u00f6rlagt medarbetarnas semester i juni och juli och samtidigt ans\u00f6kt om st\u00f6d fr\u00e5n Tillv\u00e4xtverket f\u00f6r semesterperioden. Nu n\u00e4r Tillv\u00e4xtverket har \u00e4ndrat sin bed\u00f6mning och inte l\u00e4ngre beviljar &hellip;\" \/>\n<meta property=\"og:url\" content=\"https:\/\/www.almega.se\/2020\/06\/semesterforlaggning-korttidspermittering\/\" \/>\n<meta property=\"og:site_name\" content=\"Almega\" \/>\n<meta property=\"article:published_time\" content=\"2020-06-08T11:58:32+00:00\" \/>\n<meta property=\"article:modified_time\" content=\"2023-12-12T13:29:02+00:00\" \/>\n<meta property=\"og:image\" content=\"https:\/\/www.almega.se\/app\/uploads\/2020\/06\/semesterforlaggning-korttidspermittering-1000x600.png\" \/>\n\t<meta property=\"og:image:width\" content=\"1000\" \/>\n\t<meta property=\"og:image:height\" content=\"600\" \/>\n\t<meta property=\"og:image:type\" content=\"image\/png\" \/>\n<meta name=\"author\" content=\"Julia Schwamberg\" \/>\n<meta name=\"twitter:card\" content=\"summary_large_image\" \/>\n<meta name=\"twitter:label1\" content=\"Skriven av\" \/>\n\t<meta name=\"twitter:data1\" content=\"Julia Schwamberg\" \/>\n\t<meta name=\"twitter:label2\" content=\"Ber\u00e4knad l\u00e4stid\" \/>\n\t<meta name=\"twitter:data2\" content=\"2 minuter\" \/>\n<!-- \/ Yoast SEO Premium plugin. -->","yoast_head_json":{"title":"\u00c4r semesterf\u00f6rl\u00e4ggningen bindande trots att regler f\u00f6r korttidspermittering \u00e4ndrats? | Almega","robots":{"index":"index","follow":"follow","max-snippet":"max-snippet:-1","max-image-preview":"max-image-preview:large","max-video-preview":"max-video-preview:-1"},"canonical":"https:\/\/www.almega.se\/2020\/06\/semesterforlaggning-korttidspermittering\/","og_locale":"sv_SE","og_type":"article","og_title":"\u00c4r semesterf\u00f6rl\u00e4ggningen bindande trots att regler f\u00f6r korttidspermittering \u00e4ndrats?","og_description":"Den vanligaste fr\u00e5gan handlar om att arbetsgivare har f\u00f6rlagt medarbetarnas semester i juni och juli och samtidigt ans\u00f6kt om st\u00f6d fr\u00e5n Tillv\u00e4xtverket f\u00f6r semesterperioden. Nu n\u00e4r Tillv\u00e4xtverket har \u00e4ndrat sin bed\u00f6mning och inte l\u00e4ngre beviljar &hellip;","og_url":"https:\/\/www.almega.se\/2020\/06\/semesterforlaggning-korttidspermittering\/","og_site_name":"Almega","article_published_time":"2020-06-08T11:58:32+00:00","article_modified_time":"2023-12-12T13:29:02+00:00","og_image":[{"width":1000,"height":600,"url":"https:\/\/www.almega.se\/app\/uploads\/2020\/06\/semesterforlaggning-korttidspermittering-1000x600.png","type":"image\/png"}],"author":"Julia Schwamberg","twitter_card":"summary_large_image","twitter_misc":{"Skriven av":"Julia Schwamberg","Ber\u00e4knad l\u00e4stid":"2 minuter"},"schema":{"@context":"https:\/\/schema.org","@graph":[{"@type":"NewsArticle","@id":"https:\/\/www.almega.se\/2020\/06\/semesterforlaggning-korttidspermittering\/#article","isPartOf":{"@id":"https:\/\/www.almega.se\/2020\/06\/semesterforlaggning-korttidspermittering\/"},"author":{"name":"Julia Schwamberg","@id":"https:\/\/www.almega.se\/#\/schema\/person\/efcc735e9c1ba0f9de79e69dc5be5f8a"},"headline":"\u00c4r semesterf\u00f6rl\u00e4ggningen bindande trots att regler f\u00f6r korttidspermittering \u00e4ndrats?","datePublished":"2020-06-08T11:58:32+00:00","dateModified":"2023-12-12T13:29:02+00:00","mainEntityOfPage":{"@id":"https:\/\/www.almega.se\/2020\/06\/semesterforlaggning-korttidspermittering\/"},"wordCount":295,"image":{"@id":"https:\/\/www.almega.se\/2020\/06\/semesterforlaggning-korttidspermittering\/#primaryimage"},"thumbnailUrl":"https:\/\/www.almega.se\/app\/uploads\/2020\/06\/semesterforlaggning-korttidspermittering-1000x600.png","keywords":["Korttidspermittering","Semester"],"articleSection":["Arbetsgivarfr\u00e5gor","Arbetsmarknad"],"inLanguage":"sv-SE"},{"@type":"WebPage","@id":"https:\/\/www.almega.se\/2020\/06\/semesterforlaggning-korttidspermittering\/","url":"https:\/\/www.almega.se\/2020\/06\/semesterforlaggning-korttidspermittering\/","name":"\u00c4r semesterf\u00f6rl\u00e4ggningen bindande trots att regler f\u00f6r korttidspermittering \u00e4ndrats? | Almega","isPartOf":{"@id":"https:\/\/www.almega.se\/#website"},"primaryImageOfPage":{"@id":"https:\/\/www.almega.se\/2020\/06\/semesterforlaggning-korttidspermittering\/#primaryimage"},"image":{"@id":"https:\/\/www.almega.se\/2020\/06\/semesterforlaggning-korttidspermittering\/#primaryimage"},"thumbnailUrl":"https:\/\/www.almega.se\/app\/uploads\/2020\/06\/semesterforlaggning-korttidspermittering-1000x600.png","datePublished":"2020-06-08T11:58:32+00:00","dateModified":"2023-12-12T13:29:02+00:00","author":{"@id":"https:\/\/www.almega.se\/#\/schema\/person\/efcc735e9c1ba0f9de79e69dc5be5f8a"},"breadcrumb":{"@id":"https:\/\/www.almega.se\/2020\/06\/semesterforlaggning-korttidspermittering\/#breadcrumb"},"inLanguage":"sv-SE","potentialAction":[{"@type":"ReadAction","target":["https:\/\/www.almega.se\/2020\/06\/semesterforlaggning-korttidspermittering\/"]}]},{"@type":"ImageObject","inLanguage":"sv-SE","@id":"https:\/\/www.almega.se\/2020\/06\/semesterforlaggning-korttidspermittering\/#primaryimage","url":"https:\/\/www.almega.se\/app\/uploads\/2020\/06\/semesterforlaggning-korttidspermittering-1000x600.png","contentUrl":"https:\/\/www.almega.se\/app\/uploads\/2020\/06\/semesterforlaggning-korttidspermittering-1000x600.png","width":1000,"height":600,"caption":"Bild p\u00e5 en \u00e4ng i solnedg\u00e5ng. Inklippt i nedre v\u00e4nstra h\u00f6rnet \u00e4r Maria Elinder."},{"@type":"BreadcrumbList","@id":"https:\/\/www.almega.se\/2020\/06\/semesterforlaggning-korttidspermittering\/#breadcrumb","itemListElement":[{"@type":"ListItem","position":1,"name":"Home","item":"https:\/\/www.almega.se\/"},{"@type":"ListItem","position":2,"name":"\u00c4r semesterf\u00f6rl\u00e4ggningen bindande trots att regler f\u00f6r korttidspermittering \u00e4ndrats?"}]},{"@type":"WebSite","@id":"https:\/\/www.almega.se\/#website","url":"https:\/\/www.almega.se\/","name":"Almega","description":"","potentialAction":[{"@type":"SearchAction","target":{"@type":"EntryPoint","urlTemplate":"https:\/\/www.almega.se\/?s={search_term_string}"},"query-input":{"@type":"PropertyValueSpecification","valueRequired":true,"valueName":"search_term_string"}}],"inLanguage":"sv-SE"},{"@type":"Person","@id":"https:\/\/www.almega.se\/#\/schema\/person\/efcc735e9c1ba0f9de79e69dc5be5f8a","name":"Julia Schwamberg","image":{"@type":"ImageObject","inLanguage":"sv-SE","@id":"https:\/\/www.almega.se\/#\/schema\/person\/image\/","url":"https:\/\/secure.gravatar.com\/avatar\/60ee7d8b8e9aa9b036f4768c0d2e868d8f080bcf68689c0f64ab3b87b1c2f78b?s=96&d=mm&r=g","contentUrl":"https:\/\/secure.gravatar.com\/avatar\/60ee7d8b8e9aa9b036f4768c0d2e868d8f080bcf68689c0f64ab3b87b1c2f78b?s=96&d=mm&r=g","caption":"Julia Schwamberg"},"url":"https:\/\/www.almega.se\/person\/juliaschwamberg\/"}]}},"_links":{"self":[{"href":"https:\/\/www.almega.se\/api\/wp\/v2\/posts\/30538","targetHints":{"allow":["GET"]}}],"collection":[{"href":"https:\/\/www.almega.se\/api\/wp\/v2\/posts"}],"about":[{"href":"https:\/\/www.almega.se\/api\/wp\/v2\/types\/post"}],"author":[{"embeddable":true,"href":"https:\/\/www.almega.se\/api\/wp\/v2\/users\/3"}],"replies":[{"embeddable":true,"href":"https:\/\/www.almega.se\/api\/wp\/v2\/comments?post=30538"}],"version-history":[{"count":4,"href":"https:\/\/www.almega.se\/api\/wp\/v2\/posts\/30538\/revisions"}],"predecessor-version":[{"id":69561,"href":"https:\/\/www.almega.se\/api\/wp\/v2\/posts\/30538\/revisions\/69561"}],"wp:featuredmedia":[{"embeddable":true,"href":"https:\/\/www.almega.se\/api\/wp\/v2\/media\/30539"}],"wp:attachment":[{"href":"https:\/\/www.almega.se\/api\/wp\/v2\/media?parent=30538"}],"wp:term":[{"taxonomy":"category","embeddable":true,"href":"https:\/\/www.almega.se\/api\/wp\/v2\/categories?post=30538"},{"taxonomy":"post_tag","embeddable":true,"href":"https:\/\/www.almega.se\/api\/wp\/v2\/tags?post=30538"},{"taxonomy":"type","embeddable":true,"href":"https:\/\/www.almega.se\/api\/wp\/v2\/article_type?post=30538"},{"taxonomy":"agreement","embeddable":true,"href":"https:\/\/www.almega.se\/api\/wp\/v2\/agreement?post=30538"}],"curies":[{"name":"wp","href":"https:\/\/api.w.org\/{rel}","templated":true}]}}