{"id":30393,"date":"2020-05-28T17:55:32","date_gmt":"2020-05-28T15:55:32","guid":{"rendered":"https:\/\/www.almega.se\/?p=30393"},"modified":"2020-05-28T17:55:32","modified_gmt":"2020-05-28T15:55:32","slug":"spectrum-arkitekter-tipsar-om-hur-man-corona-anpassar-kontor","status":"publish","type":"post","link":"https:\/\/www.almega.se\/2020\/05\/spectrum-arkitekter-tipsar-om-hur-man-corona-anpassar-kontor\/","title":{"rendered":"Spectrum arkitekter tipsar om hur man corona-anpassar kontor"},"content":{"rendered":"<p class=\"intro\">M\u00e5nga arbetsplatser har \u00f6verg\u00e5tt till att arbeta p\u00e5 distans f\u00f6r att minska smittspridningen av covid-19. Nu b\u00f6rjar m\u00e5nga f\u00f6retag fundera p\u00e5 hur man ska g\u00f6ra n\u00e4r medarbetarna kommer tillbaka till sina arbetsplatser. Spectrum arkitekter arbetar med reserach-baserade metoder och unders\u00f6ker vad arbetsgivare kan t\u00e4nka p\u00e5 n\u00e4r det blir dags f\u00f6r en \u00e5terstart.<\/p>\n\n<p>Spectrum arkitekter arbetar med kunder som har kontor, restauranger och hotell. N\u00e4r spridningen av coronaviruset fick f\u00f6retag att \u00f6verg\u00e5 till distansarbete b\u00f6rjade de direkt unders\u00f6ka vad situationen inneb\u00e4r i kontors- och arbetsmilj\u00f6n. Till en b\u00f6rjan handlade det mycket om arbetsmilj\u00f6n i hemmet vid distansarbete. Ergonomi, tillg\u00e5ng till teknik, hj\u00e4lpmedel och hur man skapar sociala sammanhang \u00e4r n\u00e5gra exempel p\u00e5 omr\u00e5den som diskuteras. Nu n\u00e4r m\u00e5nga f\u00f6retag funderar p\u00e5 man ska \u00f6ppna upp kontoren igen b\u00f6rjar det ist\u00e4llet bli aktuellt att diskutera f\u00f6r\u00e4ndrad arbetsmilj\u00f6 p\u00e5 arbetsplatsen. Wivian Eidsaunet p\u00e5 Spectrum Arkitekter ber\u00e4ttar hur \u00e5terkomsten till kontoret kan inneb\u00e4ra olika utmaningar f\u00f6r olika f\u00f6retag.<\/p>\n\n\n\n<p>\u2013 Utifr\u00e5n v\u00e5r arkitektkompetens har vi b\u00f6rjat skissa p\u00e5 hur \u00e5terkomsten till kontoret kan se ut f\u00f6r olika f\u00f6retag. Innan covid-19 br\u00f6t ut i Sverige var det vanligt f\u00f6r v\u00e4ldigt m\u00e5nga att sitta ganska t\u00e4tt bredvid varandra i sina kontorslandskap. Sannolikt kommer det inte l\u00e4ngre att vara attraktivt att sitta i stora grupper vid sm\u00e5 skrivbord l\u00e4ngre, och konsekvenserna detta f\u00e5r f\u00f6r m\u00f6bleringen i lokalen \u00e4r en av de saker som vi har skissat p\u00e5.<\/p>\n\n\n\n<p>P\u00e5 Spectrum arkitekter tror man att spridningen av covid-19 kan leda till ett paradigmskifte vad g\u00e4ller inst\u00e4llningen till vilken utg\u00e5ngspunkt man har n\u00e4r man planerar sitt kontor och s\u00f6ker nya lokaler. Tidigare har planering av kontorsytor ofta utg\u00e5tt fr\u00e5n parametrar som antal kvadratmeter per person &#8211; ofta s\u00e5 f\u00e5 som m\u00f6jligt -, ventilationens kapacitet, med mera. Nu tror Spectrum Arkitekter att situationen som uppst\u00e5tt p\u00e5 grund av coronaviruset kan leda till att fr\u00e5gor som handlar om m\u00e4nniskor och deras behov kan komma att f\u00e5 st\u00f6rre plats.<\/p>\n\n\n\n<p>\u2013 Vi tar med oss erfarenheterna och v\u00e5r nya kunskap inom h\u00e4lsa, smitta och skydd och l\u00e4gger till detta i den m\u00e4nskliga aspekten. Vi har inte n\u00e5tt en punkt d\u00e4r man i st\u00f6rre skala b\u00f6rjat diskutera praktiska fr\u00e5gor \u00e4nnu, men m\u00e5nga beh\u00f6ver f\u00f6rbereda sig p\u00e5 vad som ska h\u00e4nda n\u00e4r de anst\u00e4llda beh\u00f6ver komma tillbaka till kontoret. Kanske \u00e4r det andra funktioner vi beh\u00f6ver ha och inte fr\u00e4mst att vi fyller den st\u00f6rsta ytan i ett kontor med skrivbord. M\u00e5nga standardm\u00e5tt p\u00e5 till exempel bord och antal stolar i m\u00f6tesrum skapades f\u00f6r l\u00e4nge sedan, och den h\u00e4r situationen kan g\u00f6ra att s\u00e5dana l\u00f6sningar beh\u00f6ver ompr\u00f6vas, ber\u00e4ttar Wivian Eidsaunet.<\/p>\n\n\n\n<p>Studier visar att m\u00e4nniskor i genomsnitt spenderar 50 procent av sin arbetstid vid skrivbordet. Att ha m\u00f6jligheten att v\u00e4lja hur n\u00e4ra sina kollegor man vill sitta \u00e4r n\u00e5got som ocks\u00e5 kan komma att bli viktigare fram\u00f6ver. Om det finns en m\u00f6jlighet att skapa st\u00f6rre avst\u00e5nd mellan arbetsplatserna och en m\u00f6jlighet skapa en varierad placering kan det underl\u00e4tta f\u00f6r medarbetarna. Detta kan komma att inneb\u00e4ra en omstrukturering av kontorets m\u00f6blering.<\/p>\n\n\n\n<p>\u2013 Den individuella tryggheten kan komma att bli en arbetsmilj\u00f6fr\u00e5ga f\u00f6r arbetsgivare. En fr\u00e5ga att st\u00e4lla sig \u00e4r hur vi som arbetsgivare kan erbjuda mer frihet f\u00f6r individen s\u00e5 att den k\u00e4nner sig trygg att komma till jobbet. Det kan g\u00e4lla hur man strukturerar kombinationer av att arbeta hemma, schemal\u00e4ggning av n\u00e4rvaro p\u00e5 kontoret, policies f\u00f6r m\u00f6ten och annat. L\u00e5ngsiktigt kommer vi sannolikt att b\u00f6rja jobba mer med avst\u00e5nd, d\u00e4r till exempel synen p\u00e5 hur sm\u00e5 m\u00f6tesrum vi vill vistas i kan komma att f\u00f6r\u00e4ndras, s\u00e4ger Wivian Eidsaunet.<\/p>\n\n\n\n<p>P\u00e5 kort sikt finns det n\u00e5gra saker som f\u00f6retag kan t\u00e4nka p\u00e5 f\u00f6r att corona-anpassa kontoret f\u00f6r sina medarbetare. En viktig del i det arbetet handlar om att skapa trygghet och tillit bland annat genom att rent konkret visa att det har skett f\u00f6r\u00e4ndringar i lokalen. Spectrum arkitekter har n\u00e5gra konkreta tips p\u00e5 hur man som arbetsgivare kan corona-anpassa sitt kontor.<\/p>\n\n\n\n<p>\u2013 Till att b\u00f6rja med kan det vara bra att fundera p\u00e5 hur tr\u00e5ngt man har det p\u00e5 sitt kontor. Sedan kan det vara bra att fundera p\u00e5 vad man kan g\u00f6ra p\u00e5 kort respektive l\u00e5ng sikt. P\u00e5 kort sikt finns det enkla l\u00f6sningar att ta till. Till exempel kan man ta bort varannan stol, dra is\u00e4r skrivbord och placera om dem s\u00e5 att man inte sitter mittemot varandra. En annan enklare \u00e5tg\u00e4rd \u00e4r att skapa fler m\u00f6ten i \u00f6ppna ytor, till exempel i fikarummet. N\u00e5got som kan vara bra att t\u00e4nka p\u00e5 lite extra \u00e4r hur man anv\u00e4nder sk\u00e4rmar f\u00f6r att skydda och skapa distans mellan m\u00e4nniskor. Sk\u00e4rmar i sig \u00e4r ett hinder f\u00f6r samarbete och att l\u00e4ra av varandra p\u00e5 ett enkelt sett. Sannolikt \u00e4r det just detta vi vill anv\u00e4nda v\u00e5ra kontor till fram\u00f6ver, eftersom det \u00e4r aktiviteter som \u00e4r sv\u00e5rare att g\u00f6ra p\u00e5 distans. Dessutom \u00e4r den sociala aspekten en viktig del i att vara p\u00e5 kontoret. En b\u00e4ttre l\u00f6sning kan vara att arbeta med avst\u00e5nd ist\u00e4llet f\u00f6r sk\u00e4rmar, f\u00f6rklarar Wivian Eidsaunet.<\/p>\n\n\n\n<p>Spectrum Arkitekter upplever att det \u00e4r m\u00e5nga f\u00f6retag som just nu \u00e4r avvaktande till att corona-anpassa kontoret, samtidigt som m\u00e5nga planerar att dra ig\u00e5ng arbetet med en \u00e5terstart efter sommaren. En avvaktande inst\u00e4llning kan bli ett problem n\u00e4r allt fler v\u00e4l ska tillbaka till arbetsplatsen. Ett s\u00e4tt att b\u00f6rja arbeta med hur man ska anpassa sina kontor \u00e4r att se \u00f6ver sina arbetsplatsstrategier.<\/p>\n\n\n\n<p>\u2013 Arbetsgivare kan till exempel b\u00f6rja fundera p\u00e5 hur man p\u00e5verkats av att man har arbetat mer digitalt. Typiska fr\u00e5gor att jobba med \u00e4r att beskriva av vilka sk\u00e4l och hur ofta man f\u00f6rv\u00e4ntar sig att folk ska komma till kontoret. Finns det f\u00f6rdelar med att forts\u00e4tta ha digitala m\u00f6ten i stor utstr\u00e4ckning och hur ska detta g\u00e5 till? Att inleda arbetet med att g\u00e5 igenom och f\u00f6r\u00e4ndra policys g\u00e5r att starta redan nu, s\u00e4ger Wivian Eidsaunet.<\/p>\n\n\n\n<p>Om distansarbetet kvarst\u00e5r, men begr\u00e4nsat till ett visst antal dagar i veckan, finns det andra policyfr\u00e5gor som man som arbetsgivare kan st\u00f6ta p\u00e5. Det kan handla om att arbeta med schemal\u00e4ggning f\u00f6r distansarbete och att man kan f\u00e5 ett st\u00f6rre ansvar f\u00f6r hemarbetsmilj\u00f6n om distansarbetet beordras. Att arbeta med att formulera strategier kring arbetsmilj\u00f6n kan i sig ge en f\u00f6rdel inf\u00f6r att medarbetarna b\u00f6rjar komma tillbaka. I grunden \u00e4r de anst\u00e4lldas trygghet en bra utg\u00e5ngspunkt f\u00f6r att arbeta med f\u00f6r\u00e4ndringar i arbetsmilj\u00f6n.<\/p>\n\n\n\n<p>\u2013 Vi beh\u00f6ver hantera m\u00e4nniskors oro p\u00e5 ett annat s\u00e4tt \u00e4n tidigare. Det kommer kanske att finnas en st\u00f6rre ovilja att dela skrivbord och annan utrustning, vilket b\u00e5de handlar om psykologi och olika fysiska f\u00f6ruts\u00e4ttningar. Det g\u00e4ller att vara lyh\u00f6rd, visa god vilja och att det fysiskt ska synas p\u00e5 kontoret att man har gjort f\u00f6r\u00e4ndringar i arbetsmilj\u00f6n, s\u00e4ger Wivian Eidsaunet.<\/p>\n","protected":false},"excerpt":{"rendered":"<p>Spectrum arkitekter arbetar med kunder som har kontor, restauranger och hotell. N\u00e4r spridningen av coronaviruset fick f\u00f6retag att \u00f6verg\u00e5 till distansarbete b\u00f6rjade de direkt unders\u00f6ka vad situationen inneb\u00e4r i kontors- och arbetsmilj\u00f6n. Till en b\u00f6rjan &hellip;<\/p>\n","protected":false},"author":4371,"featured_media":30394,"comment_status":"closed","ping_status":"closed","sticky":false,"template":"","format":"standard","meta":{"_acf_changed":false,"footnotes":""},"categories":[603,451],"tags":[533,486,548],"article_type":[55],"agreement":[],"class_list":["post-30393","post","type-post","status-publish","format-standard","has-post-thumbnail","hentry","category-almega","category-arbetsgivarfragor","tag-arbetsmiljo","tag-covid-19","tag-medlemsroster","type-artiklar"],"acf":[],"yoast_head":"<!-- This site is optimized with the Yoast SEO Premium plugin v26.8 (Yoast SEO v26.8) - https:\/\/yoast.com\/product\/yoast-seo-premium-wordpress\/ -->\n<title>Spectrum arkitekter tipsar om hur man corona-anpassar kontor | Almega<\/title>\n<meta name=\"robots\" content=\"index, follow, max-snippet:-1, max-image-preview:large, max-video-preview:-1\" \/>\n<link rel=\"canonical\" href=\"https:\/\/www.almega.se\/2020\/05\/spectrum-arkitekter-tipsar-om-hur-man-corona-anpassar-kontor\/\" \/>\n<meta property=\"og:locale\" content=\"sv_SE\" \/>\n<meta property=\"og:type\" content=\"article\" \/>\n<meta property=\"og:title\" content=\"Spectrum arkitekter tipsar om hur man corona-anpassar kontor\" \/>\n<meta property=\"og:description\" content=\"Spectrum arkitekter arbetar med kunder som har kontor, restauranger och hotell. N\u00e4r spridningen av coronaviruset fick f\u00f6retag att \u00f6verg\u00e5 till distansarbete b\u00f6rjade de direkt unders\u00f6ka vad situationen inneb\u00e4r i kontors- och arbetsmilj\u00f6n. Till en b\u00f6rjan &hellip;\" \/>\n<meta property=\"og:url\" content=\"https:\/\/www.almega.se\/2020\/05\/spectrum-arkitekter-tipsar-om-hur-man-corona-anpassar-kontor\/\" \/>\n<meta property=\"og:site_name\" content=\"Almega\" \/>\n<meta property=\"article:published_time\" content=\"2020-05-28T15:55:32+00:00\" \/>\n<meta property=\"og:image\" content=\"https:\/\/www.almega.se\/app\/uploads\/2020\/05\/webb_1000x600-22.png\" \/>\n\t<meta property=\"og:image:width\" content=\"1000\" \/>\n\t<meta property=\"og:image:height\" content=\"600\" \/>\n\t<meta property=\"og:image:type\" content=\"image\/png\" \/>\n<meta name=\"author\" content=\"Katarina Ahlsen\" \/>\n<meta name=\"twitter:card\" content=\"summary_large_image\" \/>\n<meta name=\"twitter:label1\" content=\"Skriven av\" \/>\n\t<meta name=\"twitter:data1\" content=\"Katarina Ahlsen\" \/>\n\t<meta name=\"twitter:label2\" content=\"Ber\u00e4knad l\u00e4stid\" \/>\n\t<meta name=\"twitter:data2\" content=\"6 minuter\" \/>\n<!-- \/ Yoast SEO Premium plugin. -->","yoast_head_json":{"title":"Spectrum arkitekter tipsar om hur man corona-anpassar kontor | Almega","robots":{"index":"index","follow":"follow","max-snippet":"max-snippet:-1","max-image-preview":"max-image-preview:large","max-video-preview":"max-video-preview:-1"},"canonical":"https:\/\/www.almega.se\/2020\/05\/spectrum-arkitekter-tipsar-om-hur-man-corona-anpassar-kontor\/","og_locale":"sv_SE","og_type":"article","og_title":"Spectrum arkitekter tipsar om hur man corona-anpassar kontor","og_description":"Spectrum arkitekter arbetar med kunder som har kontor, restauranger och hotell. N\u00e4r spridningen av coronaviruset fick f\u00f6retag att \u00f6verg\u00e5 till distansarbete b\u00f6rjade de direkt unders\u00f6ka vad situationen inneb\u00e4r i kontors- och arbetsmilj\u00f6n. Till en b\u00f6rjan &hellip;","og_url":"https:\/\/www.almega.se\/2020\/05\/spectrum-arkitekter-tipsar-om-hur-man-corona-anpassar-kontor\/","og_site_name":"Almega","article_published_time":"2020-05-28T15:55:32+00:00","og_image":[{"width":1000,"height":600,"url":"https:\/\/www.almega.se\/app\/uploads\/2020\/05\/webb_1000x600-22.png","type":"image\/png"}],"author":"Katarina Ahlsen","twitter_card":"summary_large_image","twitter_misc":{"Skriven av":"Katarina Ahlsen","Ber\u00e4knad l\u00e4stid":"6 minuter"},"schema":{"@context":"https:\/\/schema.org","@graph":[{"@type":"NewsArticle","@id":"https:\/\/www.almega.se\/2020\/05\/spectrum-arkitekter-tipsar-om-hur-man-corona-anpassar-kontor\/#article","isPartOf":{"@id":"https:\/\/www.almega.se\/2020\/05\/spectrum-arkitekter-tipsar-om-hur-man-corona-anpassar-kontor\/"},"author":{"name":"Katarina Ahlsen","@id":"https:\/\/www.almega.se\/#\/schema\/person\/21bb090beed442a47a2cf1e64374f091"},"headline":"Spectrum arkitekter tipsar om hur man corona-anpassar kontor","datePublished":"2020-05-28T15:55:32+00:00","mainEntityOfPage":{"@id":"https:\/\/www.almega.se\/2020\/05\/spectrum-arkitekter-tipsar-om-hur-man-corona-anpassar-kontor\/"},"wordCount":1256,"image":{"@id":"https:\/\/www.almega.se\/2020\/05\/spectrum-arkitekter-tipsar-om-hur-man-corona-anpassar-kontor\/#primaryimage"},"thumbnailUrl":"https:\/\/www.almega.se\/app\/uploads\/2020\/05\/webb_1000x600-22.png","keywords":["Arbetsmilj\u00f6","covid -19","Medlemsr\u00f6ster"],"articleSection":["Almega","Arbetsgivarfr\u00e5gor"],"inLanguage":"sv-SE"},{"@type":"WebPage","@id":"https:\/\/www.almega.se\/2020\/05\/spectrum-arkitekter-tipsar-om-hur-man-corona-anpassar-kontor\/","url":"https:\/\/www.almega.se\/2020\/05\/spectrum-arkitekter-tipsar-om-hur-man-corona-anpassar-kontor\/","name":"Spectrum arkitekter tipsar om hur man corona-anpassar kontor | Almega","isPartOf":{"@id":"https:\/\/www.almega.se\/#website"},"primaryImageOfPage":{"@id":"https:\/\/www.almega.se\/2020\/05\/spectrum-arkitekter-tipsar-om-hur-man-corona-anpassar-kontor\/#primaryimage"},"image":{"@id":"https:\/\/www.almega.se\/2020\/05\/spectrum-arkitekter-tipsar-om-hur-man-corona-anpassar-kontor\/#primaryimage"},"thumbnailUrl":"https:\/\/www.almega.se\/app\/uploads\/2020\/05\/webb_1000x600-22.png","datePublished":"2020-05-28T15:55:32+00:00","author":{"@id":"https:\/\/www.almega.se\/#\/schema\/person\/21bb090beed442a47a2cf1e64374f091"},"breadcrumb":{"@id":"https:\/\/www.almega.se\/2020\/05\/spectrum-arkitekter-tipsar-om-hur-man-corona-anpassar-kontor\/#breadcrumb"},"inLanguage":"sv-SE","potentialAction":[{"@type":"ReadAction","target":["https:\/\/www.almega.se\/2020\/05\/spectrum-arkitekter-tipsar-om-hur-man-corona-anpassar-kontor\/"]}]},{"@type":"ImageObject","inLanguage":"sv-SE","@id":"https:\/\/www.almega.se\/2020\/05\/spectrum-arkitekter-tipsar-om-hur-man-corona-anpassar-kontor\/#primaryimage","url":"https:\/\/www.almega.se\/app\/uploads\/2020\/05\/webb_1000x600-22.png","contentUrl":"https:\/\/www.almega.se\/app\/uploads\/2020\/05\/webb_1000x600-22.png","width":1000,"height":600,"caption":"Spectrum arkitekter"},{"@type":"BreadcrumbList","@id":"https:\/\/www.almega.se\/2020\/05\/spectrum-arkitekter-tipsar-om-hur-man-corona-anpassar-kontor\/#breadcrumb","itemListElement":[{"@type":"ListItem","position":1,"name":"Home","item":"https:\/\/www.almega.se\/"},{"@type":"ListItem","position":2,"name":"Spectrum arkitekter tipsar om hur man corona-anpassar kontor"}]},{"@type":"WebSite","@id":"https:\/\/www.almega.se\/#website","url":"https:\/\/www.almega.se\/","name":"Almega","description":"","potentialAction":[{"@type":"SearchAction","target":{"@type":"EntryPoint","urlTemplate":"https:\/\/www.almega.se\/?s={search_term_string}"},"query-input":{"@type":"PropertyValueSpecification","valueRequired":true,"valueName":"search_term_string"}}],"inLanguage":"sv-SE"},{"@type":"Person","@id":"https:\/\/www.almega.se\/#\/schema\/person\/21bb090beed442a47a2cf1e64374f091","name":"Katarina Ahlsen","image":{"@type":"ImageObject","inLanguage":"sv-SE","@id":"https:\/\/www.almega.se\/#\/schema\/person\/image\/","url":"https:\/\/secure.gravatar.com\/avatar\/08acb5974fe161bc44fe8e62ec32e85c446ac625c171f9a7eb9f4941b883d3d9?s=96&d=mm&r=g","contentUrl":"https:\/\/secure.gravatar.com\/avatar\/08acb5974fe161bc44fe8e62ec32e85c446ac625c171f9a7eb9f4941b883d3d9?s=96&d=mm&r=g","caption":"Katarina Ahlsen"},"url":"https:\/\/www.almega.se\/person\/katarinaahlsen\/"}]}},"_links":{"self":[{"href":"https:\/\/www.almega.se\/api\/wp\/v2\/posts\/30393","targetHints":{"allow":["GET"]}}],"collection":[{"href":"https:\/\/www.almega.se\/api\/wp\/v2\/posts"}],"about":[{"href":"https:\/\/www.almega.se\/api\/wp\/v2\/types\/post"}],"author":[{"embeddable":true,"href":"https:\/\/www.almega.se\/api\/wp\/v2\/users\/4371"}],"replies":[{"embeddable":true,"href":"https:\/\/www.almega.se\/api\/wp\/v2\/comments?post=30393"}],"version-history":[{"count":2,"href":"https:\/\/www.almega.se\/api\/wp\/v2\/posts\/30393\/revisions"}],"predecessor-version":[{"id":53388,"href":"https:\/\/www.almega.se\/api\/wp\/v2\/posts\/30393\/revisions\/53388"}],"wp:featuredmedia":[{"embeddable":true,"href":"https:\/\/www.almega.se\/api\/wp\/v2\/media\/30394"}],"wp:attachment":[{"href":"https:\/\/www.almega.se\/api\/wp\/v2\/media?parent=30393"}],"wp:term":[{"taxonomy":"category","embeddable":true,"href":"https:\/\/www.almega.se\/api\/wp\/v2\/categories?post=30393"},{"taxonomy":"post_tag","embeddable":true,"href":"https:\/\/www.almega.se\/api\/wp\/v2\/tags?post=30393"},{"taxonomy":"type","embeddable":true,"href":"https:\/\/www.almega.se\/api\/wp\/v2\/article_type?post=30393"},{"taxonomy":"agreement","embeddable":true,"href":"https:\/\/www.almega.se\/api\/wp\/v2\/agreement?post=30393"}],"curies":[{"name":"wp","href":"https:\/\/api.w.org\/{rel}","templated":true}]}}