{"id":30344,"date":"2020-05-26T09:37:19","date_gmt":"2020-05-26T07:37:19","guid":{"rendered":"https:\/\/www.almega.se\/?p=30344"},"modified":"2020-05-26T09:37:19","modified_gmt":"2020-05-26T07:37:19","slug":"sa-forbereder-sodexo-for-det-nya-normala","status":"publish","type":"post","link":"https:\/\/www.almega.se\/2020\/05\/sa-forbereder-sodexo-for-det-nya-normala\/","title":{"rendered":"S\u00e5 f\u00f6rbereder Sodexo f\u00f6r \u201ddet nya normala\u201d"},"content":{"rendered":"<p class=\"intro\">Tj\u00e4nstef\u00f6retaget Sodexo \u00e4r v\u00e4rldens nittonde st\u00f6rsta arbetsgivare med verksamhet i 72 l\u00e4nder. Ett av dem \u00e4r Kina d\u00e4r bland annat universitetssjukhuset i Wohan \u00e4r kund. De var allts\u00e5 med fr\u00e5n dag ett, n\u00e5got som pr\u00e4glat hur hela f\u00f6retaget hanterat Corona-pandemin. Peter Mellin \u00e4r vd f\u00f6r Sodexo Sverige och han ber\u00e4ttar att de, liksom de flesta andra, har p\u00e5verkats starkt av pandemin och varit tvungna att vara b\u00e5de flexibla och t\u00e4nka nytt.<\/p>\n\n<p>&#8211; Vi ser en \u00f6kad sjukfr\u00e5nvaro samtidigt som mycket i v\u00e5r verksamhet \u00e4r samh\u00e4llskritiskt. Vi st\u00e4dar till exempel p\u00e5 sjukhus, lagar mat p\u00e5 \u00e4ldreboenden och sk\u00f6ter servicen p\u00e5 f\u00f6retag inom pharma- och medicinteknik. Men vi har ocks\u00e5 kunder vars verksamhet minskat v\u00e4ldigt mycket, s\u00e5 vi har verkligen f\u00e5tt t\u00e4nka till och vara kreativa.<\/p>\n\n\n\n<p>Just nu \u00e4gnar Peter och hans kollegor mycket tid till att planera f\u00f6r tiden efter den akuta krisen: \u201ddet nya normala\u201d. Hur ser de till att medarbetarna k\u00e4nner sig trygga p\u00e5 jobbet?<\/p>\n\n\n\n<p>&#8211; Faktum \u00e4r att m\u00e5nga av de som har de allra mest riskfyllda jobben, som t ex smittsanerare p\u00e5 Corona-avdelningar, k\u00e4nner sig v\u00e4ldigt trygga p\u00e5 jobbet. D\u00e4r finns all skyddsutrustning de beh\u00f6ver och reglerna \u00e4r klara och tydliga. Ist\u00e4llet \u00e4r de os\u00e4kra i kollektivtrafiken p\u00e5 v\u00e4g till och fr\u00e5n jobbet. Det kan vara en utmaning. Eftersom vi arbetar inom s\u00e5 m\u00e5nga olika branscher m\u00e5ste vi kunna anpassa och se till att vi har r\u00e4tt policy p\u00e5 r\u00e4tt plats. Vi tar varje medarbetares eventuella oro p\u00e5 stort allvar och har jobbat mycket med b\u00e5de ledarskaps- och arbetsmilj\u00f6fr\u00e5gor under den h\u00e4r tiden.<\/p>\n\n\n\n<p>P\u00e5 kontoren arbetar de flesta fortfarande hemifr\u00e5n, men lagom till att medarbetarna kommer tillbaka till huvudkontoret i Solna testas ett helt nytt hj\u00e4lpmedel som Peter tror kan bli popul\u00e4r \u00e4ven hos kunderna i framtiden. Det handlar om en app som till exempel talar om var det finns plats att sitta med acceptabelt avst\u00e5nd, vilka m\u00f6tesrum som \u00e4r stora nog och n\u00e4r olika toaletter rengjorts. All typ av information som kan hj\u00e4lpa medarbetarna att fatta kloka praktiska beslut i arbetsvardagen.<\/p>\n\n\n\n<p>Mycket kommer att f\u00f6r\u00e4ndras efter Corona, b\u00e5de i samh\u00e4llet och f\u00f6r Sodexos egna aff\u00e4r tror Peter Mellin.<\/p>\n\n\n\n<p>&#8211; Vad g\u00e4ller v\u00e5r aff\u00e4rsverksamhet tror jag att vi i den privata sektorn kommer att leverera l\u00e4ngre ut i kedjan f\u00f6r att g\u00f6ra jobbet enklare f\u00f6r medarbetare som inte befinner sig p\u00e5 kontoret. F\u00f6r kommuner och regioner har vi visat att de kan fokusera \u00e4nnu mer p\u00e5 k\u00e4rnverksamheten n\u00e4r vi sk\u00f6ter servicen runt omkring. F\u00f6rhoppningsvis kan det leda till att \u00e4nnu fler \u00f6ppnar f\u00f6r att upphandla de h\u00e4r tj\u00e4nsterna ist\u00e4llet f\u00f6r att utf\u00f6ra dem sj\u00e4lva.<\/p>\n\n\n\n<p>&#8211; Men framf\u00f6rallt tycker jag att det \u00e4r bra att vi \u00f6kar v\u00e5r krismedvetenhet. Det \u00e4r p\u00e5 tiden att kritiska samh\u00e4llsfunktioner f\u00e5r den uppskattning de med r\u00e4tta ska ha. Vi har sett prov p\u00e5 fantastiska insatser. M\u00e4nniskor arbetar tillsammans som lag och l\u00f6ser uppgifterna utan prestige och respekten har \u00f6kat f\u00f6r allas respektive arbetsuppgifter. Det hoppas jag att vi kan ta med oss i den nya tiden: \u201ddet nya normala\u201d.<\/p>\n","protected":false},"excerpt":{"rendered":"<p>&#8211; Vi ser en \u00f6kad sjukfr\u00e5nvaro samtidigt som mycket i v\u00e5r verksamhet \u00e4r samh\u00e4llskritiskt. Vi st\u00e4dar till exempel p\u00e5 sjukhus, lagar mat p\u00e5 \u00e4ldreboenden och sk\u00f6ter servicen p\u00e5 f\u00f6retag inom pharma- och medicinteknik. Men vi &hellip;<\/p>\n","protected":false},"author":3,"featured_media":30345,"comment_status":"closed","ping_status":"closed","sticky":false,"template":"","format":"standard","meta":{"_acf_changed":false,"footnotes":""},"categories":[603,451],"tags":[486,527,548],"article_type":[55],"agreement":[],"class_list":["post-30344","post","type-post","status-publish","format-standard","has-post-thumbnail","hentry","category-almega","category-arbetsgivarfragor","tag-covid-19","tag-framtidens-arbetsliv","tag-medlemsroster","type-artiklar"],"acf":[],"yoast_head":"<!-- This site is optimized with the Yoast SEO Premium plugin v26.8 (Yoast SEO v26.8) - https:\/\/yoast.com\/product\/yoast-seo-premium-wordpress\/ -->\n<title>S\u00e5 f\u00f6rbereder Sodexo f\u00f6r \u201ddet nya normala\u201d | Almega<\/title>\n<meta name=\"robots\" content=\"index, follow, max-snippet:-1, max-image-preview:large, max-video-preview:-1\" \/>\n<link rel=\"canonical\" href=\"https:\/\/www.almega.se\/2020\/05\/sa-forbereder-sodexo-for-det-nya-normala\/\" \/>\n<meta property=\"og:locale\" content=\"sv_SE\" \/>\n<meta property=\"og:type\" content=\"article\" \/>\n<meta property=\"og:title\" content=\"S\u00e5 f\u00f6rbereder Sodexo f\u00f6r \u201ddet nya normala\u201d\" \/>\n<meta property=\"og:description\" content=\"&#8211; Vi ser en \u00f6kad sjukfr\u00e5nvaro samtidigt som mycket i v\u00e5r verksamhet \u00e4r samh\u00e4llskritiskt. Vi st\u00e4dar till exempel p\u00e5 sjukhus, lagar mat p\u00e5 \u00e4ldreboenden och sk\u00f6ter servicen p\u00e5 f\u00f6retag inom pharma- och medicinteknik. Men vi &hellip;\" \/>\n<meta property=\"og:url\" content=\"https:\/\/www.almega.se\/2020\/05\/sa-forbereder-sodexo-for-det-nya-normala\/\" \/>\n<meta property=\"og:site_name\" content=\"Almega\" \/>\n<meta property=\"article:published_time\" content=\"2020-05-26T07:37:19+00:00\" \/>\n<meta property=\"og:image\" content=\"https:\/\/www.almega.se\/app\/uploads\/2020\/05\/peter-mellin.jpg\" \/>\n\t<meta property=\"og:image:width\" content=\"1000\" \/>\n\t<meta property=\"og:image:height\" content=\"600\" \/>\n\t<meta property=\"og:image:type\" content=\"image\/jpeg\" \/>\n<meta name=\"author\" content=\"Julia Schwamberg\" \/>\n<meta name=\"twitter:card\" content=\"summary_large_image\" \/>\n<meta name=\"twitter:label1\" content=\"Skriven av\" \/>\n\t<meta name=\"twitter:data1\" content=\"Julia Schwamberg\" \/>\n\t<meta name=\"twitter:label2\" content=\"Ber\u00e4knad l\u00e4stid\" \/>\n\t<meta name=\"twitter:data2\" content=\"3 minuter\" \/>\n<!-- \/ Yoast SEO Premium plugin. -->","yoast_head_json":{"title":"S\u00e5 f\u00f6rbereder Sodexo f\u00f6r \u201ddet nya normala\u201d | Almega","robots":{"index":"index","follow":"follow","max-snippet":"max-snippet:-1","max-image-preview":"max-image-preview:large","max-video-preview":"max-video-preview:-1"},"canonical":"https:\/\/www.almega.se\/2020\/05\/sa-forbereder-sodexo-for-det-nya-normala\/","og_locale":"sv_SE","og_type":"article","og_title":"S\u00e5 f\u00f6rbereder Sodexo f\u00f6r \u201ddet nya normala\u201d","og_description":"&#8211; Vi ser en \u00f6kad sjukfr\u00e5nvaro samtidigt som mycket i v\u00e5r verksamhet \u00e4r samh\u00e4llskritiskt. Vi st\u00e4dar till exempel p\u00e5 sjukhus, lagar mat p\u00e5 \u00e4ldreboenden och sk\u00f6ter servicen p\u00e5 f\u00f6retag inom pharma- och medicinteknik. Men vi &hellip;","og_url":"https:\/\/www.almega.se\/2020\/05\/sa-forbereder-sodexo-for-det-nya-normala\/","og_site_name":"Almega","article_published_time":"2020-05-26T07:37:19+00:00","og_image":[{"width":1000,"height":600,"url":"https:\/\/www.almega.se\/app\/uploads\/2020\/05\/peter-mellin.jpg","type":"image\/jpeg"}],"author":"Julia Schwamberg","twitter_card":"summary_large_image","twitter_misc":{"Skriven av":"Julia Schwamberg","Ber\u00e4knad l\u00e4stid":"3 minuter"},"schema":{"@context":"https:\/\/schema.org","@graph":[{"@type":"NewsArticle","@id":"https:\/\/www.almega.se\/2020\/05\/sa-forbereder-sodexo-for-det-nya-normala\/#article","isPartOf":{"@id":"https:\/\/www.almega.se\/2020\/05\/sa-forbereder-sodexo-for-det-nya-normala\/"},"author":{"name":"Julia Schwamberg","@id":"https:\/\/www.almega.se\/#\/schema\/person\/efcc735e9c1ba0f9de79e69dc5be5f8a"},"headline":"S\u00e5 f\u00f6rbereder Sodexo f\u00f6r \u201ddet nya normala\u201d","datePublished":"2020-05-26T07:37:19+00:00","mainEntityOfPage":{"@id":"https:\/\/www.almega.se\/2020\/05\/sa-forbereder-sodexo-for-det-nya-normala\/"},"wordCount":503,"image":{"@id":"https:\/\/www.almega.se\/2020\/05\/sa-forbereder-sodexo-for-det-nya-normala\/#primaryimage"},"thumbnailUrl":"https:\/\/www.almega.se\/app\/uploads\/2020\/05\/peter-mellin.jpg","keywords":["covid -19","Framtidens arbetsliv","Medlemsr\u00f6ster"],"articleSection":["Almega","Arbetsgivarfr\u00e5gor"],"inLanguage":"sv-SE"},{"@type":"WebPage","@id":"https:\/\/www.almega.se\/2020\/05\/sa-forbereder-sodexo-for-det-nya-normala\/","url":"https:\/\/www.almega.se\/2020\/05\/sa-forbereder-sodexo-for-det-nya-normala\/","name":"S\u00e5 f\u00f6rbereder Sodexo f\u00f6r \u201ddet nya normala\u201d | Almega","isPartOf":{"@id":"https:\/\/www.almega.se\/#website"},"primaryImageOfPage":{"@id":"https:\/\/www.almega.se\/2020\/05\/sa-forbereder-sodexo-for-det-nya-normala\/#primaryimage"},"image":{"@id":"https:\/\/www.almega.se\/2020\/05\/sa-forbereder-sodexo-for-det-nya-normala\/#primaryimage"},"thumbnailUrl":"https:\/\/www.almega.se\/app\/uploads\/2020\/05\/peter-mellin.jpg","datePublished":"2020-05-26T07:37:19+00:00","author":{"@id":"https:\/\/www.almega.se\/#\/schema\/person\/efcc735e9c1ba0f9de79e69dc5be5f8a"},"breadcrumb":{"@id":"https:\/\/www.almega.se\/2020\/05\/sa-forbereder-sodexo-for-det-nya-normala\/#breadcrumb"},"inLanguage":"sv-SE","potentialAction":[{"@type":"ReadAction","target":["https:\/\/www.almega.se\/2020\/05\/sa-forbereder-sodexo-for-det-nya-normala\/"]}]},{"@type":"ImageObject","inLanguage":"sv-SE","@id":"https:\/\/www.almega.se\/2020\/05\/sa-forbereder-sodexo-for-det-nya-normala\/#primaryimage","url":"https:\/\/www.almega.se\/app\/uploads\/2020\/05\/peter-mellin.jpg","contentUrl":"https:\/\/www.almega.se\/app\/uploads\/2020\/05\/peter-mellin.jpg","width":1000,"height":600},{"@type":"BreadcrumbList","@id":"https:\/\/www.almega.se\/2020\/05\/sa-forbereder-sodexo-for-det-nya-normala\/#breadcrumb","itemListElement":[{"@type":"ListItem","position":1,"name":"Home","item":"https:\/\/www.almega.se\/"},{"@type":"ListItem","position":2,"name":"S\u00e5 f\u00f6rbereder Sodexo f\u00f6r \u201ddet nya normala\u201d"}]},{"@type":"WebSite","@id":"https:\/\/www.almega.se\/#website","url":"https:\/\/www.almega.se\/","name":"Almega","description":"","potentialAction":[{"@type":"SearchAction","target":{"@type":"EntryPoint","urlTemplate":"https:\/\/www.almega.se\/?s={search_term_string}"},"query-input":{"@type":"PropertyValueSpecification","valueRequired":true,"valueName":"search_term_string"}}],"inLanguage":"sv-SE"},{"@type":"Person","@id":"https:\/\/www.almega.se\/#\/schema\/person\/efcc735e9c1ba0f9de79e69dc5be5f8a","name":"Julia Schwamberg","image":{"@type":"ImageObject","inLanguage":"sv-SE","@id":"https:\/\/www.almega.se\/#\/schema\/person\/image\/","url":"https:\/\/secure.gravatar.com\/avatar\/60ee7d8b8e9aa9b036f4768c0d2e868d8f080bcf68689c0f64ab3b87b1c2f78b?s=96&d=mm&r=g","contentUrl":"https:\/\/secure.gravatar.com\/avatar\/60ee7d8b8e9aa9b036f4768c0d2e868d8f080bcf68689c0f64ab3b87b1c2f78b?s=96&d=mm&r=g","caption":"Julia Schwamberg"},"url":"https:\/\/www.almega.se\/person\/juliaschwamberg\/"}]}},"_links":{"self":[{"href":"https:\/\/www.almega.se\/api\/wp\/v2\/posts\/30344","targetHints":{"allow":["GET"]}}],"collection":[{"href":"https:\/\/www.almega.se\/api\/wp\/v2\/posts"}],"about":[{"href":"https:\/\/www.almega.se\/api\/wp\/v2\/types\/post"}],"author":[{"embeddable":true,"href":"https:\/\/www.almega.se\/api\/wp\/v2\/users\/3"}],"replies":[{"embeddable":true,"href":"https:\/\/www.almega.se\/api\/wp\/v2\/comments?post=30344"}],"version-history":[{"count":2,"href":"https:\/\/www.almega.se\/api\/wp\/v2\/posts\/30344\/revisions"}],"predecessor-version":[{"id":53355,"href":"https:\/\/www.almega.se\/api\/wp\/v2\/posts\/30344\/revisions\/53355"}],"wp:featuredmedia":[{"embeddable":true,"href":"https:\/\/www.almega.se\/api\/wp\/v2\/media\/30345"}],"wp:attachment":[{"href":"https:\/\/www.almega.se\/api\/wp\/v2\/media?parent=30344"}],"wp:term":[{"taxonomy":"category","embeddable":true,"href":"https:\/\/www.almega.se\/api\/wp\/v2\/categories?post=30344"},{"taxonomy":"post_tag","embeddable":true,"href":"https:\/\/www.almega.se\/api\/wp\/v2\/tags?post=30344"},{"taxonomy":"type","embeddable":true,"href":"https:\/\/www.almega.se\/api\/wp\/v2\/article_type?post=30344"},{"taxonomy":"agreement","embeddable":true,"href":"https:\/\/www.almega.se\/api\/wp\/v2\/agreement?post=30344"}],"curies":[{"name":"wp","href":"https:\/\/api.w.org\/{rel}","templated":true}]}}