{"id":30261,"date":"2020-05-20T11:21:19","date_gmt":"2020-05-20T09:21:19","guid":{"rendered":"https:\/\/www.almega.se\/?p=30261"},"modified":"2020-05-20T11:21:19","modified_gmt":"2020-05-20T09:21:19","slug":"nytida-vastertorp-fortsatter-att-sprida-gladje","status":"publish","type":"post","link":"https:\/\/www.almega.se\/2020\/05\/nytida-vastertorp-fortsatter-att-sprida-gladje\/","title":{"rendered":"Nytida V\u00e4stertorp forts\u00e4tter att sprida gl\u00e4dje"},"content":{"rendered":"<p class=\"intro\">F\u00f6r att undvika spridning av coronaviruset beslutade Stockholms stad f\u00f6r n\u00e5gra veckor sen att st\u00e4nga ner de dagliga verksamheterna inom LSS. Nytida V\u00e4stertorp \u00e4r en av verksamheterna som tvingats st\u00e4lla om.<\/p>\n\n<p>Enhetschefen Stella Linnhag och enhetsst\u00f6det Carolina Lundman ber\u00e4ttar mer om hur det gick till n\u00e4r de flyttade \u00f6ver huvuddelen av sina aktiviteter till Facebook.<\/p>\n\n\n\n<p>&#8211; Vi ins\u00e5g att vi var tvungna att g\u00f6ra stora f\u00f6r\u00e4ndringar och valde d\u00e4rf\u00f6r att digitalisera verksamheten. Vi utgick fr\u00e5n deltagarnas vanliga scheman och valde med omsorg ut de aktiviteter som vi tyckte funkade b\u00e4st att g\u00f6ra p\u00e5 distans, s\u00e4ger Stella.<\/p>\n\n\n\n<figure class=\"wp-block-image size-full\"><img loading=\"lazy\" decoding=\"async\" width=\"1000\" height=\"600\" src=\"https:\/\/www.almega.se\/app\/uploads\/2020\/05\/enhetschef-stella-linnhag-och-enhetsstod-carolina-lundman.jpg\" alt=\"\" class=\"wp-image-30262\" srcset=\"https:\/\/www.almega.se\/app\/uploads\/2020\/05\/enhetschef-stella-linnhag-och-enhetsstod-carolina-lundman.jpg 1000w, https:\/\/www.almega.se\/app\/uploads\/2020\/05\/enhetschef-stella-linnhag-och-enhetsstod-carolina-lundman-380x228.jpg 380w, https:\/\/www.almega.se\/app\/uploads\/2020\/05\/enhetschef-stella-linnhag-och-enhetsstod-carolina-lundman-580x348.jpg 580w, https:\/\/www.almega.se\/app\/uploads\/2020\/05\/enhetschef-stella-linnhag-och-enhetsstod-carolina-lundman-768x461.jpg 768w\" sizes=\"auto, (max-width: 1000px) 100vw, 1000px\" \/><figcaption class=\"wp-element-caption\">Enhetschef Stella Linnhag, Enhetsst\u00f6d Carolina Lundman<\/figcaption><\/figure>\n\n\n\n<p>P\u00e5 V\u00e4stertorps dagliga verksamhet skapades den slutna Facebookgruppen \u201dB\u00e4stertorp \u2013 b\u00e4st\u201d. Carolina ber\u00e4ttar att man valde Facebook eftersom det \u00e4r en plattform som anv\u00e4nds av m\u00e5nga av deltagarna och f\u00f6r att Facebook har flera bra funktioner som g\u00f6r det l\u00e4tt att g\u00f6ra saker tillsammans p\u00e5 distans.<\/p>\n\n\n\n<p>&#8211; Vi \u00e4r n\u00e4stan i chock \u00f6ver hur bra det funkat! Jag \u00e4r ocks\u00e5 glad \u00f6ver att vi lyckats ha ett s\u00e5 bra samarbete med deltagarna och deras assistenter, s\u00e4ger Stella.<\/p>\n\n\n\n<p>&#8211; Ja, det \u00e4r v\u00e4ldigt roligt. F\u00f6r oss har det varit v\u00e4ldigt viktigt att sprida gl\u00e4dje och bryta den sociala isoleringen som annars l\u00e4tt kan uppst\u00e5 n\u00e4r man m\u00e5ste stanna hemma, fyller Carolina i.<\/p>\n\n\n\n<p>P\u00e5 V\u00e4stertorp erbjuder man nu digitala aktiviteter som musik, rullstolsdans, teater och tr\u00e4ning. Varje fredag \u00e4r det alls\u00e5ng och d\u00e5 spelar en av coacherna p\u00e5 V\u00e4stertorp Gitarr och alla sjunger med.<\/p>\n\n\n\n<p>&#8211; Den h\u00e4r veckan \u00e4r det ocks\u00e5 m\u00e5nga som f\u00f6rbereder sig inf\u00f6r v\u00e5rt event \u201dDigital \u00f6ppen scen\u201d, d\u00e4r deltagare fr\u00e5n \u00e5tta olika enheter upptr\u00e4der, ber\u00e4ttar Stella.<\/p>\n\n\n\n<p>Stella och Carolina menar att mottagandet varit v\u00e4ldigt bra. B\u00e5de deltagare, men ocks\u00e5 assistenter och anh\u00f6riga har h\u00f6rt av sig och varit v\u00e4ldigt positiva.<\/p>\n\n\n\n<p>&#8211; Jag \u00e4r v\u00e4ldigt stolt \u00f6ver hur v\u00e4l vi lyckats anpassa oss. Alla har tagit ansvar och varit med och hj\u00e4lpt till. Det \u00e4r speciellt h\u00e4ftigt hur bra samarbetet med assistenterna har fungerat, s\u00e4ger Stella.<\/p>\n\n\n\n<p>&#8211; Dessutom har vi en del deltagare som \u00e4r v\u00e4ldigt sjuka och som kanske inte alltid kan vara med fysiskt. Det k\u00e4nns ocks\u00e5 v\u00e4ldigt fint att vi \u00e4ven i framtiden kommer kunna erbjuda dem ett digitalt alternativ, avslutar Carolina.<\/p>\n","protected":false},"excerpt":{"rendered":"<p>Enhetschefen Stella Linnhag och enhetsst\u00f6det Carolina Lundman ber\u00e4ttar mer om hur det gick till n\u00e4r de flyttade \u00f6ver huvuddelen av sina aktiviteter till Facebook. &#8211; Vi ins\u00e5g att vi var tvungna att g\u00f6ra stora f\u00f6r\u00e4ndringar &hellip;<\/p>\n","protected":false},"author":3,"featured_media":30263,"comment_status":"closed","ping_status":"closed","sticky":false,"template":"","format":"standard","meta":{"_acf_changed":false,"footnotes":""},"categories":[603,451,46],"tags":[486,527,548,62],"article_type":[55],"agreement":[],"class_list":["post-30261","post","type-post","status-publish","format-standard","has-post-thumbnail","hentry","category-almega","category-arbetsgivarfragor","category-valfard","tag-covid-19","tag-framtidens-arbetsliv","tag-medlemsroster","tag-vard-och-omsorg","type-artiklar"],"acf":[],"yoast_head":"<!-- This site is optimized with the Yoast SEO Premium plugin v26.8 (Yoast SEO v26.8) - https:\/\/yoast.com\/product\/yoast-seo-premium-wordpress\/ -->\n<title>Nytida V\u00e4stertorp forts\u00e4tter att sprida gl\u00e4dje | Almega<\/title>\n<meta name=\"robots\" content=\"index, follow, max-snippet:-1, max-image-preview:large, max-video-preview:-1\" \/>\n<link rel=\"canonical\" href=\"https:\/\/www.almega.se\/2020\/05\/nytida-vastertorp-fortsatter-att-sprida-gladje\/\" \/>\n<meta property=\"og:locale\" content=\"sv_SE\" \/>\n<meta property=\"og:type\" content=\"article\" \/>\n<meta property=\"og:title\" content=\"Nytida V\u00e4stertorp forts\u00e4tter att sprida gl\u00e4dje\" \/>\n<meta property=\"og:description\" content=\"Enhetschefen Stella Linnhag och enhetsst\u00f6det Carolina Lundman ber\u00e4ttar mer om hur det gick till n\u00e4r de flyttade \u00f6ver huvuddelen av sina aktiviteter till Facebook. &#8211; Vi ins\u00e5g att vi var tvungna att g\u00f6ra stora f\u00f6r\u00e4ndringar &hellip;\" \/>\n<meta property=\"og:url\" content=\"https:\/\/www.almega.se\/2020\/05\/nytida-vastertorp-fortsatter-att-sprida-gladje\/\" \/>\n<meta property=\"og:site_name\" content=\"Almega\" \/>\n<meta property=\"article:published_time\" content=\"2020-05-20T09:21:19+00:00\" \/>\n<meta property=\"og:image\" content=\"https:\/\/www.almega.se\/app\/uploads\/2020\/05\/nygarda.jpg\" \/>\n\t<meta property=\"og:image:width\" content=\"1000\" \/>\n\t<meta property=\"og:image:height\" content=\"600\" \/>\n\t<meta property=\"og:image:type\" content=\"image\/jpeg\" \/>\n<meta name=\"author\" content=\"Julia Schwamberg\" \/>\n<meta name=\"twitter:card\" content=\"summary_large_image\" \/>\n<meta name=\"twitter:label1\" content=\"Skriven av\" \/>\n\t<meta name=\"twitter:data1\" content=\"Julia Schwamberg\" \/>\n\t<meta name=\"twitter:label2\" content=\"Ber\u00e4knad l\u00e4stid\" \/>\n\t<meta name=\"twitter:data2\" content=\"2 minuter\" \/>\n<!-- \/ Yoast SEO Premium plugin. -->","yoast_head_json":{"title":"Nytida V\u00e4stertorp forts\u00e4tter att sprida gl\u00e4dje | Almega","robots":{"index":"index","follow":"follow","max-snippet":"max-snippet:-1","max-image-preview":"max-image-preview:large","max-video-preview":"max-video-preview:-1"},"canonical":"https:\/\/www.almega.se\/2020\/05\/nytida-vastertorp-fortsatter-att-sprida-gladje\/","og_locale":"sv_SE","og_type":"article","og_title":"Nytida V\u00e4stertorp forts\u00e4tter att sprida gl\u00e4dje","og_description":"Enhetschefen Stella Linnhag och enhetsst\u00f6det Carolina Lundman ber\u00e4ttar mer om hur det gick till n\u00e4r de flyttade \u00f6ver huvuddelen av sina aktiviteter till Facebook. &#8211; Vi ins\u00e5g att vi var tvungna att g\u00f6ra stora f\u00f6r\u00e4ndringar &hellip;","og_url":"https:\/\/www.almega.se\/2020\/05\/nytida-vastertorp-fortsatter-att-sprida-gladje\/","og_site_name":"Almega","article_published_time":"2020-05-20T09:21:19+00:00","og_image":[{"width":1000,"height":600,"url":"https:\/\/www.almega.se\/app\/uploads\/2020\/05\/nygarda.jpg","type":"image\/jpeg"}],"author":"Julia Schwamberg","twitter_card":"summary_large_image","twitter_misc":{"Skriven av":"Julia Schwamberg","Ber\u00e4knad l\u00e4stid":"2 minuter"},"schema":{"@context":"https:\/\/schema.org","@graph":[{"@type":"NewsArticle","@id":"https:\/\/www.almega.se\/2020\/05\/nytida-vastertorp-fortsatter-att-sprida-gladje\/#article","isPartOf":{"@id":"https:\/\/www.almega.se\/2020\/05\/nytida-vastertorp-fortsatter-att-sprida-gladje\/"},"author":{"name":"Julia Schwamberg","@id":"https:\/\/www.almega.se\/#\/schema\/person\/efcc735e9c1ba0f9de79e69dc5be5f8a"},"headline":"Nytida V\u00e4stertorp forts\u00e4tter att sprida gl\u00e4dje","datePublished":"2020-05-20T09:21:19+00:00","mainEntityOfPage":{"@id":"https:\/\/www.almega.se\/2020\/05\/nytida-vastertorp-fortsatter-att-sprida-gladje\/"},"wordCount":404,"image":{"@id":"https:\/\/www.almega.se\/2020\/05\/nytida-vastertorp-fortsatter-att-sprida-gladje\/#primaryimage"},"thumbnailUrl":"https:\/\/www.almega.se\/app\/uploads\/2020\/05\/nygarda.jpg","keywords":["covid -19","Framtidens arbetsliv","Medlemsr\u00f6ster","V\u00e5rd och omsorg"],"articleSection":["Almega","Arbetsgivarfr\u00e5gor","V\u00e4lf\u00e4rd"],"inLanguage":"sv-SE"},{"@type":"WebPage","@id":"https:\/\/www.almega.se\/2020\/05\/nytida-vastertorp-fortsatter-att-sprida-gladje\/","url":"https:\/\/www.almega.se\/2020\/05\/nytida-vastertorp-fortsatter-att-sprida-gladje\/","name":"Nytida V\u00e4stertorp forts\u00e4tter att sprida gl\u00e4dje | Almega","isPartOf":{"@id":"https:\/\/www.almega.se\/#website"},"primaryImageOfPage":{"@id":"https:\/\/www.almega.se\/2020\/05\/nytida-vastertorp-fortsatter-att-sprida-gladje\/#primaryimage"},"image":{"@id":"https:\/\/www.almega.se\/2020\/05\/nytida-vastertorp-fortsatter-att-sprida-gladje\/#primaryimage"},"thumbnailUrl":"https:\/\/www.almega.se\/app\/uploads\/2020\/05\/nygarda.jpg","datePublished":"2020-05-20T09:21:19+00:00","author":{"@id":"https:\/\/www.almega.se\/#\/schema\/person\/efcc735e9c1ba0f9de79e69dc5be5f8a"},"breadcrumb":{"@id":"https:\/\/www.almega.se\/2020\/05\/nytida-vastertorp-fortsatter-att-sprida-gladje\/#breadcrumb"},"inLanguage":"sv-SE","potentialAction":[{"@type":"ReadAction","target":["https:\/\/www.almega.se\/2020\/05\/nytida-vastertorp-fortsatter-att-sprida-gladje\/"]}]},{"@type":"ImageObject","inLanguage":"sv-SE","@id":"https:\/\/www.almega.se\/2020\/05\/nytida-vastertorp-fortsatter-att-sprida-gladje\/#primaryimage","url":"https:\/\/www.almega.se\/app\/uploads\/2020\/05\/nygarda.jpg","contentUrl":"https:\/\/www.almega.se\/app\/uploads\/2020\/05\/nygarda.jpg","width":1000,"height":600},{"@type":"BreadcrumbList","@id":"https:\/\/www.almega.se\/2020\/05\/nytida-vastertorp-fortsatter-att-sprida-gladje\/#breadcrumb","itemListElement":[{"@type":"ListItem","position":1,"name":"Home","item":"https:\/\/www.almega.se\/"},{"@type":"ListItem","position":2,"name":"Nytida V\u00e4stertorp forts\u00e4tter att sprida gl\u00e4dje"}]},{"@type":"WebSite","@id":"https:\/\/www.almega.se\/#website","url":"https:\/\/www.almega.se\/","name":"Almega","description":"","potentialAction":[{"@type":"SearchAction","target":{"@type":"EntryPoint","urlTemplate":"https:\/\/www.almega.se\/?s={search_term_string}"},"query-input":{"@type":"PropertyValueSpecification","valueRequired":true,"valueName":"search_term_string"}}],"inLanguage":"sv-SE"},{"@type":"Person","@id":"https:\/\/www.almega.se\/#\/schema\/person\/efcc735e9c1ba0f9de79e69dc5be5f8a","name":"Julia Schwamberg","image":{"@type":"ImageObject","inLanguage":"sv-SE","@id":"https:\/\/www.almega.se\/#\/schema\/person\/image\/","url":"https:\/\/secure.gravatar.com\/avatar\/60ee7d8b8e9aa9b036f4768c0d2e868d8f080bcf68689c0f64ab3b87b1c2f78b?s=96&d=mm&r=g","contentUrl":"https:\/\/secure.gravatar.com\/avatar\/60ee7d8b8e9aa9b036f4768c0d2e868d8f080bcf68689c0f64ab3b87b1c2f78b?s=96&d=mm&r=g","caption":"Julia Schwamberg"},"url":"https:\/\/www.almega.se\/person\/juliaschwamberg\/"}]}},"_links":{"self":[{"href":"https:\/\/www.almega.se\/api\/wp\/v2\/posts\/30261","targetHints":{"allow":["GET"]}}],"collection":[{"href":"https:\/\/www.almega.se\/api\/wp\/v2\/posts"}],"about":[{"href":"https:\/\/www.almega.se\/api\/wp\/v2\/types\/post"}],"author":[{"embeddable":true,"href":"https:\/\/www.almega.se\/api\/wp\/v2\/users\/3"}],"replies":[{"embeddable":true,"href":"https:\/\/www.almega.se\/api\/wp\/v2\/comments?post=30261"}],"version-history":[{"count":6,"href":"https:\/\/www.almega.se\/api\/wp\/v2\/posts\/30261\/revisions"}],"predecessor-version":[{"id":53346,"href":"https:\/\/www.almega.se\/api\/wp\/v2\/posts\/30261\/revisions\/53346"}],"wp:featuredmedia":[{"embeddable":true,"href":"https:\/\/www.almega.se\/api\/wp\/v2\/media\/30263"}],"wp:attachment":[{"href":"https:\/\/www.almega.se\/api\/wp\/v2\/media?parent=30261"}],"wp:term":[{"taxonomy":"category","embeddable":true,"href":"https:\/\/www.almega.se\/api\/wp\/v2\/categories?post=30261"},{"taxonomy":"post_tag","embeddable":true,"href":"https:\/\/www.almega.se\/api\/wp\/v2\/tags?post=30261"},{"taxonomy":"type","embeddable":true,"href":"https:\/\/www.almega.se\/api\/wp\/v2\/article_type?post=30261"},{"taxonomy":"agreement","embeddable":true,"href":"https:\/\/www.almega.se\/api\/wp\/v2\/agreement?post=30261"}],"curies":[{"name":"wp","href":"https:\/\/api.w.org\/{rel}","templated":true}]}}