{"id":30241,"date":"2020-05-18T19:05:03","date_gmt":"2020-05-18T17:05:03","guid":{"rendered":"https:\/\/www.almega.se\/?p=30241"},"modified":"2020-05-18T19:05:03","modified_gmt":"2020-05-18T17:05:03","slug":"vad-som-galler-kring-korttidsarbete-och-semester","status":"publish","type":"post","link":"https:\/\/www.almega.se\/2020\/05\/vad-som-galler-kring-korttidsarbete-och-semester\/","title":{"rendered":"Vad som g\u00e4ller kring korttidsarbete och semester"},"content":{"rendered":"<p class=\"intro\">Flera arbetsgivare upplever att semesterplanering \u00e4r mer komplicerad i \u00e5r p\u00e5 grund av krisen kopplad till Covid-19. Utmaningarna \u00e4r m\u00e5nga och handlar b\u00e5de om sv\u00e5righeten att f\u00f6rutse vilken bemanning som kr\u00e4vs under sommaren men ocks\u00e5 vad som h\u00e4nder med de anst\u00e4lldas semester n\u00e4r f\u00f6retaget korttidspermitterar. Nedan \u00e4r n\u00e5gra av de vanligaste fr\u00e5gorna som Almegas arbetsgivarjour har f\u00e5tt.<\/p>\n\n<h3 class=\"wp-block-heading\">Vad h\u00e4nder n\u00e4r anst\u00e4llda \u00e4r permitterade 3 dagar\/vecka och sedan ans\u00f6ker om semester 2 dagar\/vecka?<\/h3>\n\n\n\n<p>Det \u00e4r arbetsgivaren som beslutar om semester och m\u00e5ste erbjuda fyra veckors sammanh\u00e4ngande semesterledighet under juni-augusti som huvudregel. Det \u00e4r viktigt att semestern planeras i god tid. I det h\u00e4r exemplet l\u00e4ggs semesterledigheten ut p\u00e5 b\u00e5de permitterade dagar och p\u00e5 arbetsdagar. Den anst\u00e4llde f\u00e5r 20 semesterdagar under de fyra veckorna. Det finns ingen skyldighet f\u00f6r arbetsgivare att bevilja semesterledighet f\u00f6r enbart arbetsdagarna under permitteringen och vi avr\u00e5der fr\u00e5n det. L\u00e4s mer i <a href=\"https:\/\/www.arbetsgivarguiden.se\/\" target=\"_blank\" rel=\"noreferrer noopener\">Arbetsgivarguiden<\/a> (inloggning kr\u00e4vs).<\/p>\n\n\n\n<h3 class=\"wp-block-heading\">Korttidspermitterad och r\u00f6d dag&nbsp;infaller under ett veckoslut. Har de permitterade i dessa fall r\u00e4tt till en extra ledig dag?<\/h3>\n\n\n\n<p>F\u00f6r de som regelm\u00e4ssigt arbetar m\u00e5ndag &#8211; fredag p\u00e5verkas inte arbetstiden av att en helgdag infaller l\u00f6rdag eller s\u00f6ndag. Undantag \u00e4r de kollektivavtalsregleringar om en extra ledig dag n\u00e4r Nationaldagen infaller p\u00e5 en l\u00f6rdag eller s\u00f6ndag. Om ditt f\u00f6retag har kollektivavtal ska du d\u00e4rf\u00f6r kontrollera vilka regler som g\u00e4ller. L\u00e4s mer i <a href=\"https:\/\/www.arbetsgivarguiden.se\/\" target=\"_blank\" rel=\"noreferrer noopener\">Arbetsgivarguiden<\/a> (inloggning kr\u00e4vs).<\/p>\n\n\n\n<p>F\u00f6r anst\u00e4llda som inte \u00e4r korttidspermitterade, l\u00e4s ocks\u00e5: <a href=\"https:\/\/www.almega.se\/2020\/02\/ratt-till-ledig-dag-om-nationaldagen-infaller-pa-helg\/\">R\u00e4tt till ledig dag om nationaldagen infaller p\u00e5 helg?<\/a><\/p>\n\n\n\n<h3 class=\"wp-block-heading\">En medarbetare \u00e4r korttidspermitterad och jobbar hemma samt \u00e4r permitterad tre dagar och jobbar tv\u00e5 dagar i veckan. Kan medarbetaren avst\u00e5 fr\u00e5n sommarsemester och jobba ist\u00e4llet?<\/h3>\n\n\n\n<p>Det \u00e4r inte till\u00e5tet att avst\u00e5 fr\u00e5n betald semesterledighet. Anst\u00e4lld kan inte heller kr\u00e4va att planerad semester \u00e4ndras f\u00f6r att han \u00e4r korttidspermitterad. Enligt semesterlagen ska arbetsgivaren erbjuda huvudsemestern under perioden juni-augusti, med fyra veckor. Om arbetsgivare och arbetstagare \u00e4r \u00f6verens om det kan arbetstagaren f\u00e5 sin huvudsemester vid en annan tidpunkt. Arbetsgivaren f\u00e5r inte permitteringsst\u00f6d f\u00f6r semester. Om verksamheten \u00e5terupptas efter sommaren kan det vara en f\u00f6rdel f\u00f6r arbetsgivaren att den anst\u00e4llde haft sin semester n\u00e4r det var lite att g\u00f6ra. L\u00e4s mer i <a href=\"https:\/\/www.arbetsgivarguiden.se\/\" target=\"_blank\" rel=\"noreferrer noopener\">Arbetsgivarguiden<\/a> (inloggning kr\u00e4vs).<\/p>\n\n\n<a class='Share__link Share__link--url copy-text' href='#' rel='nofollow' data-text='vad-ar-det-som-galler-kring-forskottssemester?' title='Dela url' data-confirmation='L\u00e4nken kopierades till urklipp'><svg class='icon icon--link'  width='18' height='18' viewBox='0 0 18 18' fill='none' xmlns='http:\/\/www.w3.org\/2000\/svg'>\n            <path d='M10.4142 0.514721L6.87868 4.05025L8.29289 5.46447L11.1213 2.63604L15.364 6.87868L12.5355 9.70711L13.9497 11.1213L17.4853 7.58579C17.8763 7.19476 17.8763 6.5626 17.4853 6.17158L11.8284 0.514721C11.4374 0.123691 10.8052 0.123691 10.4142 0.514721Z' fill='black'\/>\n            <path d='M9.7071 12.5355L6.87868 15.364L2.63604 11.1213L5.46446 8.2929L4.05025 6.87868L0.514716 10.4142C0.123686 10.8052 0.123686 11.4374 0.514716 11.8284L6.17157 17.4853C6.5626 17.8763 7.19475 17.8763 7.58578 17.4853L11.1213 13.9497L9.7071 12.5355Z' fill='black'\/>\n            <path d='M6.17157 11.8284C6.5626 12.2195 7.19475 12.2195 7.58578 11.8284L11.8284 7.58579C12.2195 7.19476 12.2195 6.56261 11.8284 6.17158C11.4374 5.78055 10.8052 5.78055 10.4142 6.17158L6.17157 10.4142C5.78054 10.8052 5.78054 11.4374 6.17157 11.8284Z' fill='black'\/>\n            <\/svg> <\/a>\n<h2 class=\"wp-block-heading\">Vad \u00e4r det som g\u00e4ller kring f\u00f6rskottssemester?<\/h2>\n\n\n\n<p>R\u00e4tten till semesterledighet g\u00e4ller f\u00f6r alla medarbetare, och ledigheten kan vara betald eller obetald. F\u00f6rskottssemester \u00e4r frivilligt f\u00f6r arbetsgivare att erbjuda. F\u00f6rskottssemester inneb\u00e4r att en nyanst\u00e4lld medarbetare som inte tj\u00e4nat in full semester f\u00e5r betald semester i f\u00f6rskott. Om anst\u00e4llningen upph\u00f6r inom fem \u00e5r av annat sk\u00e4l \u00e4n arbetsbrist ska den f\u00f6rskottsbetalade semesterl\u00f6nen betalas tillbaka. &nbsp;L\u00e4s mer i <a href=\"https:\/\/www.arbetsgivarguiden.se\/\" target=\"_blank\" rel=\"noreferrer noopener\">Arbetsgivarguiden<\/a> (inloggning kr\u00e4vs).<\/p>\n","protected":false},"excerpt":{"rendered":"<p>Vad h\u00e4nder n\u00e4r anst\u00e4llda \u00e4r permitterade 3 dagar\/vecka och sedan ans\u00f6ker om semester 2 dagar\/vecka? Det \u00e4r arbetsgivaren som beslutar om semester och m\u00e5ste erbjuda fyra veckors sammanh\u00e4ngande semesterledighet under juni-augusti som huvudregel. Det \u00e4r &hellip;<\/p>\n","protected":false},"author":3,"featured_media":30242,"comment_status":"closed","ping_status":"closed","sticky":false,"template":"","format":"standard","meta":{"_acf_changed":false,"footnotes":""},"categories":[64],"tags":[488,606],"article_type":[56],"agreement":[],"class_list":["post-30241","post","type-post","status-publish","format-standard","has-post-thumbnail","hentry","category-arbetsmarknad","tag-korttidspermittering","tag-semester","type-nyheter"],"acf":[],"yoast_head":"<!-- This site is optimized with the Yoast SEO Premium plugin v26.8 (Yoast SEO v26.8) - https:\/\/yoast.com\/product\/yoast-seo-premium-wordpress\/ -->\n<title>Vad som g\u00e4ller kring korttidsarbete och semester | Almega<\/title>\n<meta name=\"robots\" content=\"index, follow, max-snippet:-1, max-image-preview:large, max-video-preview:-1\" \/>\n<link rel=\"canonical\" href=\"https:\/\/www.almega.se\/2020\/05\/vad-som-galler-kring-korttidsarbete-och-semester\/\" \/>\n<meta property=\"og:locale\" content=\"sv_SE\" \/>\n<meta property=\"og:type\" content=\"article\" \/>\n<meta property=\"og:title\" content=\"Vad som g\u00e4ller kring korttidsarbete och semester\" \/>\n<meta property=\"og:description\" content=\"Vad h\u00e4nder n\u00e4r anst\u00e4llda \u00e4r permitterade 3 dagar\/vecka och sedan ans\u00f6ker om semester 2 dagar\/vecka? Det \u00e4r arbetsgivaren som beslutar om semester och m\u00e5ste erbjuda fyra veckors sammanh\u00e4ngande semesterledighet under juni-augusti som huvudregel. Det \u00e4r &hellip;\" \/>\n<meta property=\"og:url\" content=\"https:\/\/www.almega.se\/2020\/05\/vad-som-galler-kring-korttidsarbete-och-semester\/\" \/>\n<meta property=\"og:site_name\" content=\"Almega\" \/>\n<meta property=\"article:published_time\" content=\"2020-05-18T17:05:03+00:00\" \/>\n<meta property=\"og:image\" content=\"https:\/\/www.almega.se\/app\/uploads\/2020\/05\/axel-holen-dwfz-snsmam-unsplash.jpg\" \/>\n\t<meta property=\"og:image:width\" content=\"5456\" \/>\n\t<meta property=\"og:image:height\" content=\"3632\" \/>\n\t<meta property=\"og:image:type\" content=\"image\/jpeg\" \/>\n<meta name=\"author\" content=\"Julia Schwamberg\" \/>\n<meta name=\"twitter:card\" content=\"summary_large_image\" \/>\n<meta name=\"twitter:label1\" content=\"Skriven av\" \/>\n\t<meta name=\"twitter:data1\" content=\"Julia Schwamberg\" \/>\n\t<meta name=\"twitter:label2\" content=\"Ber\u00e4knad l\u00e4stid\" \/>\n\t<meta name=\"twitter:data2\" content=\"2 minuter\" \/>\n<!-- \/ Yoast SEO Premium plugin. -->","yoast_head_json":{"title":"Vad som g\u00e4ller kring korttidsarbete och semester | Almega","robots":{"index":"index","follow":"follow","max-snippet":"max-snippet:-1","max-image-preview":"max-image-preview:large","max-video-preview":"max-video-preview:-1"},"canonical":"https:\/\/www.almega.se\/2020\/05\/vad-som-galler-kring-korttidsarbete-och-semester\/","og_locale":"sv_SE","og_type":"article","og_title":"Vad som g\u00e4ller kring korttidsarbete och semester","og_description":"Vad h\u00e4nder n\u00e4r anst\u00e4llda \u00e4r permitterade 3 dagar\/vecka och sedan ans\u00f6ker om semester 2 dagar\/vecka? Det \u00e4r arbetsgivaren som beslutar om semester och m\u00e5ste erbjuda fyra veckors sammanh\u00e4ngande semesterledighet under juni-augusti som huvudregel. Det \u00e4r &hellip;","og_url":"https:\/\/www.almega.se\/2020\/05\/vad-som-galler-kring-korttidsarbete-och-semester\/","og_site_name":"Almega","article_published_time":"2020-05-18T17:05:03+00:00","og_image":[{"width":5456,"height":3632,"url":"https:\/\/www.almega.se\/app\/uploads\/2020\/05\/axel-holen-dwfz-snsmam-unsplash.jpg","type":"image\/jpeg"}],"author":"Julia Schwamberg","twitter_card":"summary_large_image","twitter_misc":{"Skriven av":"Julia Schwamberg","Ber\u00e4knad l\u00e4stid":"2 minuter"},"schema":{"@context":"https:\/\/schema.org","@graph":[{"@type":"NewsArticle","@id":"https:\/\/www.almega.se\/2020\/05\/vad-som-galler-kring-korttidsarbete-och-semester\/#article","isPartOf":{"@id":"https:\/\/www.almega.se\/2020\/05\/vad-som-galler-kring-korttidsarbete-och-semester\/"},"author":{"name":"Julia Schwamberg","@id":"https:\/\/www.almega.se\/#\/schema\/person\/efcc735e9c1ba0f9de79e69dc5be5f8a"},"headline":"Vad som g\u00e4ller kring korttidsarbete och semester","datePublished":"2020-05-18T17:05:03+00:00","mainEntityOfPage":{"@id":"https:\/\/www.almega.se\/2020\/05\/vad-som-galler-kring-korttidsarbete-och-semester\/"},"wordCount":448,"image":{"@id":"https:\/\/www.almega.se\/2020\/05\/vad-som-galler-kring-korttidsarbete-och-semester\/#primaryimage"},"thumbnailUrl":"https:\/\/www.almega.se\/app\/uploads\/2020\/05\/axel-holen-dwfz-snsmam-unsplash.jpg","keywords":["Korttidspermittering","Semester"],"articleSection":["Arbetsmarknad"],"inLanguage":"sv-SE"},{"@type":"WebPage","@id":"https:\/\/www.almega.se\/2020\/05\/vad-som-galler-kring-korttidsarbete-och-semester\/","url":"https:\/\/www.almega.se\/2020\/05\/vad-som-galler-kring-korttidsarbete-och-semester\/","name":"Vad som g\u00e4ller kring korttidsarbete och semester | Almega","isPartOf":{"@id":"https:\/\/www.almega.se\/#website"},"primaryImageOfPage":{"@id":"https:\/\/www.almega.se\/2020\/05\/vad-som-galler-kring-korttidsarbete-och-semester\/#primaryimage"},"image":{"@id":"https:\/\/www.almega.se\/2020\/05\/vad-som-galler-kring-korttidsarbete-och-semester\/#primaryimage"},"thumbnailUrl":"https:\/\/www.almega.se\/app\/uploads\/2020\/05\/axel-holen-dwfz-snsmam-unsplash.jpg","datePublished":"2020-05-18T17:05:03+00:00","author":{"@id":"https:\/\/www.almega.se\/#\/schema\/person\/efcc735e9c1ba0f9de79e69dc5be5f8a"},"breadcrumb":{"@id":"https:\/\/www.almega.se\/2020\/05\/vad-som-galler-kring-korttidsarbete-och-semester\/#breadcrumb"},"inLanguage":"sv-SE","potentialAction":[{"@type":"ReadAction","target":["https:\/\/www.almega.se\/2020\/05\/vad-som-galler-kring-korttidsarbete-och-semester\/"]}]},{"@type":"ImageObject","inLanguage":"sv-SE","@id":"https:\/\/www.almega.se\/2020\/05\/vad-som-galler-kring-korttidsarbete-och-semester\/#primaryimage","url":"https:\/\/www.almega.se\/app\/uploads\/2020\/05\/axel-holen-dwfz-snsmam-unsplash.jpg","contentUrl":"https:\/\/www.almega.se\/app\/uploads\/2020\/05\/axel-holen-dwfz-snsmam-unsplash.jpg","width":5456,"height":3632,"caption":"semester korttidspermittering"},{"@type":"BreadcrumbList","@id":"https:\/\/www.almega.se\/2020\/05\/vad-som-galler-kring-korttidsarbete-och-semester\/#breadcrumb","itemListElement":[{"@type":"ListItem","position":1,"name":"Home","item":"https:\/\/www.almega.se\/"},{"@type":"ListItem","position":2,"name":"Vad som g\u00e4ller kring korttidsarbete och semester"}]},{"@type":"WebSite","@id":"https:\/\/www.almega.se\/#website","url":"https:\/\/www.almega.se\/","name":"Almega","description":"","potentialAction":[{"@type":"SearchAction","target":{"@type":"EntryPoint","urlTemplate":"https:\/\/www.almega.se\/?s={search_term_string}"},"query-input":{"@type":"PropertyValueSpecification","valueRequired":true,"valueName":"search_term_string"}}],"inLanguage":"sv-SE"},{"@type":"Person","@id":"https:\/\/www.almega.se\/#\/schema\/person\/efcc735e9c1ba0f9de79e69dc5be5f8a","name":"Julia Schwamberg","image":{"@type":"ImageObject","inLanguage":"sv-SE","@id":"https:\/\/www.almega.se\/#\/schema\/person\/image\/","url":"https:\/\/secure.gravatar.com\/avatar\/60ee7d8b8e9aa9b036f4768c0d2e868d8f080bcf68689c0f64ab3b87b1c2f78b?s=96&d=mm&r=g","contentUrl":"https:\/\/secure.gravatar.com\/avatar\/60ee7d8b8e9aa9b036f4768c0d2e868d8f080bcf68689c0f64ab3b87b1c2f78b?s=96&d=mm&r=g","caption":"Julia Schwamberg"},"url":"https:\/\/www.almega.se\/person\/juliaschwamberg\/"}]}},"_links":{"self":[{"href":"https:\/\/www.almega.se\/api\/wp\/v2\/posts\/30241","targetHints":{"allow":["GET"]}}],"collection":[{"href":"https:\/\/www.almega.se\/api\/wp\/v2\/posts"}],"about":[{"href":"https:\/\/www.almega.se\/api\/wp\/v2\/types\/post"}],"author":[{"embeddable":true,"href":"https:\/\/www.almega.se\/api\/wp\/v2\/users\/3"}],"replies":[{"embeddable":true,"href":"https:\/\/www.almega.se\/api\/wp\/v2\/comments?post=30241"}],"version-history":[{"count":4,"href":"https:\/\/www.almega.se\/api\/wp\/v2\/posts\/30241\/revisions"}],"predecessor-version":[{"id":53317,"href":"https:\/\/www.almega.se\/api\/wp\/v2\/posts\/30241\/revisions\/53317"}],"wp:featuredmedia":[{"embeddable":true,"href":"https:\/\/www.almega.se\/api\/wp\/v2\/media\/30242"}],"wp:attachment":[{"href":"https:\/\/www.almega.se\/api\/wp\/v2\/media?parent=30241"}],"wp:term":[{"taxonomy":"category","embeddable":true,"href":"https:\/\/www.almega.se\/api\/wp\/v2\/categories?post=30241"},{"taxonomy":"post_tag","embeddable":true,"href":"https:\/\/www.almega.se\/api\/wp\/v2\/tags?post=30241"},{"taxonomy":"type","embeddable":true,"href":"https:\/\/www.almega.se\/api\/wp\/v2\/article_type?post=30241"},{"taxonomy":"agreement","embeddable":true,"href":"https:\/\/www.almega.se\/api\/wp\/v2\/agreement?post=30241"}],"curies":[{"name":"wp","href":"https:\/\/api.w.org\/{rel}","templated":true}]}}