{"id":30154,"date":"2020-05-11T15:45:24","date_gmt":"2020-05-11T13:45:24","guid":{"rendered":"https:\/\/www.almega.se\/?p=30154"},"modified":"2024-02-06T13:14:03","modified_gmt":"2024-02-06T12:14:03","slug":"vanligaste-fragorna-i-jouren","status":"publish","type":"post","link":"https:\/\/www.almega.se\/2020\/05\/vanligaste-fragorna-i-jouren\/","title":{"rendered":"Vanligaste fr\u00e5gorna i jouren v\u00e5ren 2020"},"content":{"rendered":"<p class=\"intro\">Vanliga fr\u00e5gor till Almega under v\u00e5ren 2020.<\/p>\n\n<p>I jouren arbetar m\u00e5nga av Sveriges b\u00e4sta arbetsr\u00e4ttsjurister, avtalsexperter och f\u00f6rhandlare. P\u00e5 v\u00e5r medlemswebb, <a href=\"https:\/\/www.arbetsgivarguiden.se\/\" target=\"_blank\" rel=\"noreferrer noopener\">Arbetsgivarguiden<\/a>, finns utf\u00f6rliga svar och mer detaljerade fr\u00e5gor f\u00f6r dig som \u00e4r medlem. Som medlem i n\u00e5gon av Almegas f\u00f6rbund kan du f\u00e5 arbetsr\u00e4ttsligt st\u00f6d dygnet runt. St\u00f6det f\u00e5r du antingen via v\u00e5ra digitala verktyg, mejl eller samtal.<\/p>\n\n\n\n<h3 class=\"wp-block-heading\">Hur fungerar det med semester om ens anst\u00e4llda \u00e4r korttidspermitterade?<\/h3>\n\n\n\n<p>Det fungerar ungef\u00e4r som vanligt. Om det finns ett avtal om korttidsarbete s\u00e5 l\u00f6per det \u00e4ven under semestern. Enligt besked fr\u00e5n Tillv\u00e4xtverket den 14 maj 2020 har de beslutat att dagar n\u00e4r medaFr\u00e5gor som inkomrbetare har semester inte omfattas av r\u00e4tt till statligt st\u00f6d. \u00a0Den anst\u00e4llde f\u00e5r full l\u00f6n under semestern och inte det procentuella avdraget som f\u00f6ljer av korttidsarbetet.<\/p>\n\n\n\n<p>Arbetsgivare ska som huvudregel l\u00e4gga ut fyra veckors sammanh\u00e4ngande semester under perioden juni-augusti. F\u00f6r fyra veckors semester l\u00e4ggs 20 semesterdagar ut.<\/p>\n\n\n\n<h3 class=\"wp-block-heading\">Kan vi ta in semestervikarier trots att vi har personer som \u00e4r korttidspermitterade?<\/h3>\n\n\n\n<p>Huvudregeln \u00e4r att vikariatsbehovet ska l\u00f6sas med de medarbetare som \u00e4r korttidspermitterad.&nbsp;&nbsp;Det \u00e4r&nbsp;dock&nbsp;alltid&nbsp;arbetsgivaren som beslutar om det \u00e4r n\u00f6dv\u00e4ndigt att ta in&nbsp;vikarier.&nbsp;F\u00f6r att kunna ta del av korttidssystemet m\u00e5ste f\u00f6retaget&nbsp;se \u00f6ver sina kostnader och s\u00e4nka dem.&nbsp;&nbsp;D\u00e4rmed kan anst\u00e4llningar av sommarvikarier p\u00e5verka m\u00f6jligheten att f\u00e5 st\u00f6d f\u00f6r korttidsarbete.<\/p>\n\n\n\n<h3 class=\"wp-block-heading\">Hur ska vi t\u00e4nka kring l\u00f6nerevisionen i dessa tider?<\/h3>\n\n\n\n<p>N\u00e4stan alla kollektivavtal \u00e4r prolongerande (f\u00f6rl\u00e4ngda med befintliga villkor) med sju m\u00e5nader. Utl\u00f6pningsdatumet \u00e4r i de flesta fall 2020-10-31. Det inneb\u00e4r att det inte finns n\u00e5gon kollektivavtalsm\u00e4ssig skyldighet att revidera l\u00f6ner redan nu. Det \u00e4r rekommenderat att v\u00e4nta med l\u00f6nerevisionen tills de centrala f\u00f6rhandlingarna har avslutats. D\u00e4remot \u00e4r det viktigt att \u00e4nd\u00e5 ha medarbetarsamtal och att bibeh\u00e5lla dialogen mellan chef och medarbetare.<\/p>\n\n\n\n<h3 class=\"wp-block-heading\">Hur hanterar man som arbetsgivare om en anst\u00e4lld, som \u00e4r riskgrupp, inte vill komma till jobbet?<\/h3>\n\n\n\n<p>Det \u00e4r viktigt att f\u00f6lja myndigheternas f\u00f6reskrifter om&nbsp;vilka som Folkh\u00e4lsomyndigheten och Socialstyrelsen klassar som riskgrupp. Alla kan tyv\u00e4rr bli allvarligt sjuka i covid-19 men riskgrupperna&nbsp;l\u00f6per&nbsp;s\u00e4rskilt stor&nbsp;risk att drabbas av allvarliga komplikationer vid smitta. Som arbetsgivare \u00e4r det viktigt att f\u00f6rst\u00e5 den anst\u00e4lldas oro och f\u00f6rs\u00f6ka str\u00e4va mot en l\u00f6sning som passar, om hemarbete inte \u00e4r m\u00f6jligt s\u00e5 kan tj\u00e4nstledighet, semester eller kompensation av \u00f6vertid sedan tidigare&nbsp;vara alternativ.<\/p>\n\n\n\n<h3 class=\"wp-block-heading\">Om grundskolor och f\u00f6rskolor st\u00e4nger, f\u00e5r de anst\u00e4llda som arbetar n\u00e5gon ers\u00e4ttning?<\/h3>\n\n\n\n<p>Sedan den 25:e april kan du som f\u00f6r\u00e4lder ans\u00f6ka om VAB om ditt barns skola \u00e4r st\u00e4ngd p\u00e5 grund av smittspridning. &nbsp;Du kan l\u00e4sa mer om den h\u00e4r tillf\u00e4lliga f\u00f6r\u00e4ldrapenningen p\u00e5 F\u00f6rs\u00e4kringskassans webb. Huvudregeln \u00e4r annars att barnet m\u00e5ste vara sjuk f\u00f6r att v\u00e5rdnadshavaren ska kunna avst\u00e5 arbete och uppb\u00e4ra ers\u00e4ttning. Det \u00e4r dock viktigt att arbetsgivaren och den anst\u00e4llda har en dialog kring detta och att medarbetaren anm\u00e4ler att man VAB:ar.<\/p>\n\n\n\n<p><strong>Inte medlem \u00e4nnu? L\u00e4s mer om medlemskapet i Almega&nbsp;<a href=\"https:\/\/www.almega.se\/bli-medlem\/\">h\u00e4r.<\/a><\/strong><\/p>\n","protected":false},"excerpt":{"rendered":"<p>I jouren arbetar m\u00e5nga av Sveriges b\u00e4sta arbetsr\u00e4ttsjurister, avtalsexperter och f\u00f6rhandlare. P\u00e5 v\u00e5r medlemswebb, Arbetsgivarguiden, finns utf\u00f6rliga svar och mer detaljerade fr\u00e5gor f\u00f6r dig som \u00e4r medlem. Som medlem i n\u00e5gon av Almegas f\u00f6rbund kan &hellip;<\/p>\n","protected":false},"author":3,"featured_media":29688,"comment_status":"closed","ping_status":"closed","sticky":false,"template":"","format":"standard","meta":{"_acf_changed":false,"footnotes":""},"categories":[451,64],"tags":[488,58,606],"article_type":[56],"agreement":[],"class_list":["post-30154","post","type-post","status-publish","format-standard","has-post-thumbnail","hentry","category-arbetsgivarfragor","category-arbetsmarknad","tag-korttidspermittering","tag-lon","tag-semester","type-nyheter"],"acf":[],"yoast_head":"<!-- This site is optimized with the Yoast SEO Premium plugin v26.8 (Yoast SEO v26.8) - https:\/\/yoast.com\/product\/yoast-seo-premium-wordpress\/ -->\n<title>Vanligaste fr\u00e5gorna i jouren v\u00e5ren 2020 | Almega<\/title>\n<meta name=\"robots\" content=\"index, follow, max-snippet:-1, max-image-preview:large, max-video-preview:-1\" \/>\n<link rel=\"canonical\" href=\"https:\/\/www.almega.se\/2020\/05\/vanligaste-fragorna-i-jouren\/\" \/>\n<meta property=\"og:locale\" content=\"sv_SE\" \/>\n<meta property=\"og:type\" content=\"article\" \/>\n<meta property=\"og:title\" content=\"Vanligaste fr\u00e5gorna i jouren v\u00e5ren 2020\" \/>\n<meta property=\"og:description\" content=\"I jouren arbetar m\u00e5nga av Sveriges b\u00e4sta arbetsr\u00e4ttsjurister, avtalsexperter och f\u00f6rhandlare. P\u00e5 v\u00e5r medlemswebb, Arbetsgivarguiden, finns utf\u00f6rliga svar och mer detaljerade fr\u00e5gor f\u00f6r dig som \u00e4r medlem. Som medlem i n\u00e5gon av Almegas f\u00f6rbund kan &hellip;\" \/>\n<meta property=\"og:url\" content=\"https:\/\/www.almega.se\/2020\/05\/vanligaste-fragorna-i-jouren\/\" \/>\n<meta property=\"og:site_name\" content=\"Almega\" \/>\n<meta property=\"article:published_time\" content=\"2020-05-11T13:45:24+00:00\" \/>\n<meta property=\"article:modified_time\" content=\"2024-02-06T12:14:03+00:00\" \/>\n<meta property=\"og:image\" content=\"https:\/\/www.almega.se\/app\/uploads\/2020\/04\/utbildning-3.jpg\" \/>\n\t<meta property=\"og:image:width\" content=\"500\" \/>\n\t<meta property=\"og:image:height\" content=\"300\" \/>\n\t<meta property=\"og:image:type\" content=\"image\/jpeg\" \/>\n<meta name=\"author\" content=\"Julia Schwamberg\" \/>\n<meta name=\"twitter:card\" content=\"summary_large_image\" \/>\n<meta name=\"twitter:label1\" content=\"Skriven av\" \/>\n\t<meta name=\"twitter:data1\" content=\"Julia Schwamberg\" \/>\n\t<meta name=\"twitter:label2\" content=\"Ber\u00e4knad l\u00e4stid\" \/>\n\t<meta name=\"twitter:data2\" content=\"3 minuter\" \/>\n<!-- \/ Yoast SEO Premium plugin. -->","yoast_head_json":{"title":"Vanligaste fr\u00e5gorna i jouren v\u00e5ren 2020 | Almega","robots":{"index":"index","follow":"follow","max-snippet":"max-snippet:-1","max-image-preview":"max-image-preview:large","max-video-preview":"max-video-preview:-1"},"canonical":"https:\/\/www.almega.se\/2020\/05\/vanligaste-fragorna-i-jouren\/","og_locale":"sv_SE","og_type":"article","og_title":"Vanligaste fr\u00e5gorna i jouren v\u00e5ren 2020","og_description":"I jouren arbetar m\u00e5nga av Sveriges b\u00e4sta arbetsr\u00e4ttsjurister, avtalsexperter och f\u00f6rhandlare. P\u00e5 v\u00e5r medlemswebb, Arbetsgivarguiden, finns utf\u00f6rliga svar och mer detaljerade fr\u00e5gor f\u00f6r dig som \u00e4r medlem. Som medlem i n\u00e5gon av Almegas f\u00f6rbund kan &hellip;","og_url":"https:\/\/www.almega.se\/2020\/05\/vanligaste-fragorna-i-jouren\/","og_site_name":"Almega","article_published_time":"2020-05-11T13:45:24+00:00","article_modified_time":"2024-02-06T12:14:03+00:00","og_image":[{"width":500,"height":300,"url":"https:\/\/www.almega.se\/app\/uploads\/2020\/04\/utbildning-3.jpg","type":"image\/jpeg"}],"author":"Julia Schwamberg","twitter_card":"summary_large_image","twitter_misc":{"Skriven av":"Julia Schwamberg","Ber\u00e4knad l\u00e4stid":"3 minuter"},"schema":{"@context":"https:\/\/schema.org","@graph":[{"@type":"NewsArticle","@id":"https:\/\/www.almega.se\/2020\/05\/vanligaste-fragorna-i-jouren\/#article","isPartOf":{"@id":"https:\/\/www.almega.se\/2020\/05\/vanligaste-fragorna-i-jouren\/"},"author":{"name":"Julia Schwamberg","@id":"https:\/\/www.almega.se\/#\/schema\/person\/efcc735e9c1ba0f9de79e69dc5be5f8a"},"headline":"Vanligaste fr\u00e5gorna i jouren v\u00e5ren 2020","datePublished":"2020-05-11T13:45:24+00:00","dateModified":"2024-02-06T12:14:03+00:00","mainEntityOfPage":{"@id":"https:\/\/www.almega.se\/2020\/05\/vanligaste-fragorna-i-jouren\/"},"wordCount":589,"image":{"@id":"https:\/\/www.almega.se\/2020\/05\/vanligaste-fragorna-i-jouren\/#primaryimage"},"thumbnailUrl":"https:\/\/www.almega.se\/app\/uploads\/2020\/04\/utbildning-3.jpg","keywords":["Korttidspermittering","L\u00f6n","Semester"],"articleSection":["Arbetsgivarfr\u00e5gor","Arbetsmarknad"],"inLanguage":"sv-SE"},{"@type":"WebPage","@id":"https:\/\/www.almega.se\/2020\/05\/vanligaste-fragorna-i-jouren\/","url":"https:\/\/www.almega.se\/2020\/05\/vanligaste-fragorna-i-jouren\/","name":"Vanligaste fr\u00e5gorna i jouren v\u00e5ren 2020 | Almega","isPartOf":{"@id":"https:\/\/www.almega.se\/#website"},"primaryImageOfPage":{"@id":"https:\/\/www.almega.se\/2020\/05\/vanligaste-fragorna-i-jouren\/#primaryimage"},"image":{"@id":"https:\/\/www.almega.se\/2020\/05\/vanligaste-fragorna-i-jouren\/#primaryimage"},"thumbnailUrl":"https:\/\/www.almega.se\/app\/uploads\/2020\/04\/utbildning-3.jpg","datePublished":"2020-05-11T13:45:24+00:00","dateModified":"2024-02-06T12:14:03+00:00","author":{"@id":"https:\/\/www.almega.se\/#\/schema\/person\/efcc735e9c1ba0f9de79e69dc5be5f8a"},"breadcrumb":{"@id":"https:\/\/www.almega.se\/2020\/05\/vanligaste-fragorna-i-jouren\/#breadcrumb"},"inLanguage":"sv-SE","potentialAction":[{"@type":"ReadAction","target":["https:\/\/www.almega.se\/2020\/05\/vanligaste-fragorna-i-jouren\/"]}]},{"@type":"ImageObject","inLanguage":"sv-SE","@id":"https:\/\/www.almega.se\/2020\/05\/vanligaste-fragorna-i-jouren\/#primaryimage","url":"https:\/\/www.almega.se\/app\/uploads\/2020\/04\/utbildning-3.jpg","contentUrl":"https:\/\/www.almega.se\/app\/uploads\/2020\/04\/utbildning-3.jpg","width":500,"height":300},{"@type":"BreadcrumbList","@id":"https:\/\/www.almega.se\/2020\/05\/vanligaste-fragorna-i-jouren\/#breadcrumb","itemListElement":[{"@type":"ListItem","position":1,"name":"Home","item":"https:\/\/www.almega.se\/"},{"@type":"ListItem","position":2,"name":"Vanligaste fr\u00e5gorna i jouren v\u00e5ren 2020"}]},{"@type":"WebSite","@id":"https:\/\/www.almega.se\/#website","url":"https:\/\/www.almega.se\/","name":"Almega","description":"","potentialAction":[{"@type":"SearchAction","target":{"@type":"EntryPoint","urlTemplate":"https:\/\/www.almega.se\/?s={search_term_string}"},"query-input":{"@type":"PropertyValueSpecification","valueRequired":true,"valueName":"search_term_string"}}],"inLanguage":"sv-SE"},{"@type":"Person","@id":"https:\/\/www.almega.se\/#\/schema\/person\/efcc735e9c1ba0f9de79e69dc5be5f8a","name":"Julia Schwamberg","image":{"@type":"ImageObject","inLanguage":"sv-SE","@id":"https:\/\/www.almega.se\/#\/schema\/person\/image\/","url":"https:\/\/secure.gravatar.com\/avatar\/60ee7d8b8e9aa9b036f4768c0d2e868d8f080bcf68689c0f64ab3b87b1c2f78b?s=96&d=mm&r=g","contentUrl":"https:\/\/secure.gravatar.com\/avatar\/60ee7d8b8e9aa9b036f4768c0d2e868d8f080bcf68689c0f64ab3b87b1c2f78b?s=96&d=mm&r=g","caption":"Julia Schwamberg"},"url":"https:\/\/www.almega.se\/person\/juliaschwamberg\/"}]}},"_links":{"self":[{"href":"https:\/\/www.almega.se\/api\/wp\/v2\/posts\/30154","targetHints":{"allow":["GET"]}}],"collection":[{"href":"https:\/\/www.almega.se\/api\/wp\/v2\/posts"}],"about":[{"href":"https:\/\/www.almega.se\/api\/wp\/v2\/types\/post"}],"author":[{"embeddable":true,"href":"https:\/\/www.almega.se\/api\/wp\/v2\/users\/3"}],"replies":[{"embeddable":true,"href":"https:\/\/www.almega.se\/api\/wp\/v2\/comments?post=30154"}],"version-history":[{"count":5,"href":"https:\/\/www.almega.se\/api\/wp\/v2\/posts\/30154\/revisions"}],"predecessor-version":[{"id":71252,"href":"https:\/\/www.almega.se\/api\/wp\/v2\/posts\/30154\/revisions\/71252"}],"wp:featuredmedia":[{"embeddable":true,"href":"https:\/\/www.almega.se\/api\/wp\/v2\/media\/29688"}],"wp:attachment":[{"href":"https:\/\/www.almega.se\/api\/wp\/v2\/media?parent=30154"}],"wp:term":[{"taxonomy":"category","embeddable":true,"href":"https:\/\/www.almega.se\/api\/wp\/v2\/categories?post=30154"},{"taxonomy":"post_tag","embeddable":true,"href":"https:\/\/www.almega.se\/api\/wp\/v2\/tags?post=30154"},{"taxonomy":"type","embeddable":true,"href":"https:\/\/www.almega.se\/api\/wp\/v2\/article_type?post=30154"},{"taxonomy":"agreement","embeddable":true,"href":"https:\/\/www.almega.se\/api\/wp\/v2\/agreement?post=30154"}],"curies":[{"name":"wp","href":"https:\/\/api.w.org\/{rel}","templated":true}]}}