{"id":30142,"date":"2020-05-11T13:42:41","date_gmt":"2020-05-11T11:42:41","guid":{"rendered":"https:\/\/www.almega.se\/?p=30142"},"modified":"2023-06-07T13:55:34","modified_gmt":"2023-06-07T11:55:34","slug":"inititativ-till-tillfallig-infektionsmottagning","status":"publish","type":"post","link":"https:\/\/www.almega.se\/2020\/05\/inititativ-till-tillfallig-infektionsmottagning\/","title":{"rendered":"Initiativ till tillf\u00e4llig infektionsmottagning"},"content":{"rendered":"<p class=\"intro\">Just nu \u00e4r sjukv\u00e5rden v\u00e4ldigt tungt belastad. F\u00f6r att minska spridningen av covid-19 tog Svea v\u00e5rdcentral i S\u00e4ffle d\u00e4rf\u00f6r initiativ till att starta en luftv\u00e4gsinfektionsmottagning. Sen n\u00e5gra veckor skickar alla v\u00e5rdcentraler i v\u00e4stra V\u00e4rmland sina patienter med luftv\u00e4gssymptom till mottagningen i Nys\u00e4ter.<\/p>\n\n<p>&#8211; Vi ville hitta ett s\u00e4tt att separera de som hade luftv\u00e4gsinfektionsymtom fr\u00e5n andra patienter, s\u00e5 vi kom p\u00e5 id\u00e9n att \u00f6ppna en egen mottagning f\u00f6r de med luftv\u00e4gssymtom. Vi hade dock inte m\u00f6jlighet att ordna en mottagning med separat ing\u00e5ng och tog d\u00e4rf\u00f6r kontakt med den offentliga sjukv\u00e5rden i regionen, ber\u00e4ttar Marjola Kock, distriktsl\u00e4kare och verksamhetschef p\u00e5 Svea V\u00e5rdcentral i S\u00e4ffle.<\/p>\n\n\n\n<p>I v\u00e4stra V\u00e4rmland finns det fyra v\u00e5rdcentraler. Tv\u00e5 v\u00e5rdcentraler \u00e4r privat\u00e4gda och tv\u00e5 drivs i offentlig regi.<\/p>\n\n\n\n<p>&#8211; Vi har ett bra samarbete med regionens v\u00e5rdcentraler och n\u00e4r vi f\u00f6reslog att vi skulle starta en mottagning ihop nappade de direkt. Vi kom tillsammans fram till att lokalerna i Nys\u00e4ter skulle funka bra. P\u00e5 mottagningen i Nys\u00e4ter kan vi garantera maximal patients\u00e4kerhet.<\/p>\n\n\n\n<p>Svea v\u00e5rdcentral ansvarade f\u00f6r uppstarten av och satte arbetsrutinerna f\u00f6r den nya infektionsmottagningen. Numera turas dock medarbetarna p\u00e5 de olika v\u00e5rdcentralerna om att jobba p\u00e5 infektionsmottagningen och hittills har ingen medarbetare blivit sjuk.<\/p>\n\n\n\n<p>&#8211; V\u00e5ra kollegor har varit oerh\u00f6rt engagerade i den nya mottagningen och hela tiden kommit med id\u00e9er och f\u00f6rslag. Det k\u00e4nns bra att vi lyckats s\u00e5 v\u00e4l med att p\u00e5 kort tid komma ig\u00e5ng med mottagningen och att vi lyckas h\u00e5lla h\u00f6g s\u00e4kerhet f\u00f6r b\u00e5de patienter och personal.<\/p>\n\n\n\n<p>Marjola menar att mottagningen aldrig hade kommit till om det inte hade varit f\u00f6r det goda samarbetet mellan v\u00e5rdcentralerna i omr\u00e5det. Tack vare fungerande dialogrutiner och en gemensam vilja hantera krisen kan man drifta den tillf\u00e4lliga mottagningen.<\/p>\n\n\n\n<p>&#8211; Jag tror absolut att det hade varit fler smittade i omr\u00e5det om vi inte hade \u00f6ppnat infektionsmottagningen. Vi har bra kontakt med v\u00e5ra v\u00e5rdgrannar och viljan till samarbete \u00e4r stor. Jag \u00e4r v\u00e4ldigt glad att vi kan ha ett s\u00e5 fint samarbete, det \u00e4r bra f\u00f6r hela prim\u00e4rv\u00e5rden, avslutar Marjola.<\/p>\n","protected":false},"excerpt":{"rendered":"<p>&#8211; Vi ville hitta ett s\u00e4tt att separera de som hade luftv\u00e4gsinfektionsymtom fr\u00e5n andra patienter, s\u00e5 vi kom p\u00e5 id\u00e9n att \u00f6ppna en egen mottagning f\u00f6r de med luftv\u00e4gssymtom. Vi hade dock inte m\u00f6jlighet att &hellip;<\/p>\n","protected":false},"author":4371,"featured_media":30145,"comment_status":"closed","ping_status":"closed","sticky":false,"template":"","format":"standard","meta":{"_acf_changed":false,"footnotes":""},"categories":[603,46],"tags":[486,548,62],"article_type":[55],"agreement":[],"class_list":["post-30142","post","type-post","status-publish","format-standard","has-post-thumbnail","hentry","category-almega","category-valfard","tag-covid-19","tag-medlemsroster","tag-vard-och-omsorg","type-artiklar"],"acf":[],"yoast_head":"<!-- This site is optimized with the Yoast SEO Premium plugin v26.8 (Yoast SEO v26.8) - https:\/\/yoast.com\/product\/yoast-seo-premium-wordpress\/ -->\n<title>Initiativ till tillf\u00e4llig infektionsmottagning | Almega<\/title>\n<meta name=\"robots\" content=\"index, follow, max-snippet:-1, max-image-preview:large, max-video-preview:-1\" \/>\n<link rel=\"canonical\" href=\"https:\/\/www.almega.se\/2020\/05\/inititativ-till-tillfallig-infektionsmottagning\/\" \/>\n<meta property=\"og:locale\" content=\"sv_SE\" \/>\n<meta property=\"og:type\" content=\"article\" \/>\n<meta property=\"og:title\" content=\"Initiativ till tillf\u00e4llig infektionsmottagning\" \/>\n<meta property=\"og:description\" content=\"&#8211; Vi ville hitta ett s\u00e4tt att separera de som hade luftv\u00e4gsinfektionsymtom fr\u00e5n andra patienter, s\u00e5 vi kom p\u00e5 id\u00e9n att \u00f6ppna en egen mottagning f\u00f6r de med luftv\u00e4gssymtom. Vi hade dock inte m\u00f6jlighet att &hellip;\" \/>\n<meta property=\"og:url\" content=\"https:\/\/www.almega.se\/2020\/05\/inititativ-till-tillfallig-infektionsmottagning\/\" \/>\n<meta property=\"og:site_name\" content=\"Almega\" \/>\n<meta property=\"article:published_time\" content=\"2020-05-11T11:42:41+00:00\" \/>\n<meta property=\"article:modified_time\" content=\"2023-06-07T11:55:34+00:00\" \/>\n<meta property=\"og:image\" content=\"https:\/\/www.almega.se\/app\/uploads\/2020\/05\/webb_1000x600-16.png\" \/>\n\t<meta property=\"og:image:width\" content=\"1000\" \/>\n\t<meta property=\"og:image:height\" content=\"600\" \/>\n\t<meta property=\"og:image:type\" content=\"image\/png\" \/>\n<meta name=\"author\" content=\"Katarina Ahlsen\" \/>\n<meta name=\"twitter:card\" content=\"summary_large_image\" \/>\n<meta name=\"twitter:label1\" content=\"Skriven av\" \/>\n\t<meta name=\"twitter:data1\" content=\"Katarina Ahlsen\" \/>\n\t<meta name=\"twitter:label2\" content=\"Ber\u00e4knad l\u00e4stid\" \/>\n\t<meta name=\"twitter:data2\" content=\"2 minuter\" \/>\n<!-- \/ Yoast SEO Premium plugin. -->","yoast_head_json":{"title":"Initiativ till tillf\u00e4llig infektionsmottagning | Almega","robots":{"index":"index","follow":"follow","max-snippet":"max-snippet:-1","max-image-preview":"max-image-preview:large","max-video-preview":"max-video-preview:-1"},"canonical":"https:\/\/www.almega.se\/2020\/05\/inititativ-till-tillfallig-infektionsmottagning\/","og_locale":"sv_SE","og_type":"article","og_title":"Initiativ till tillf\u00e4llig infektionsmottagning","og_description":"&#8211; Vi ville hitta ett s\u00e4tt att separera de som hade luftv\u00e4gsinfektionsymtom fr\u00e5n andra patienter, s\u00e5 vi kom p\u00e5 id\u00e9n att \u00f6ppna en egen mottagning f\u00f6r de med luftv\u00e4gssymtom. Vi hade dock inte m\u00f6jlighet att &hellip;","og_url":"https:\/\/www.almega.se\/2020\/05\/inititativ-till-tillfallig-infektionsmottagning\/","og_site_name":"Almega","article_published_time":"2020-05-11T11:42:41+00:00","article_modified_time":"2023-06-07T11:55:34+00:00","og_image":[{"width":1000,"height":600,"url":"https:\/\/www.almega.se\/app\/uploads\/2020\/05\/webb_1000x600-16.png","type":"image\/png"}],"author":"Katarina Ahlsen","twitter_card":"summary_large_image","twitter_misc":{"Skriven av":"Katarina Ahlsen","Ber\u00e4knad l\u00e4stid":"2 minuter"},"schema":{"@context":"https:\/\/schema.org","@graph":[{"@type":"NewsArticle","@id":"https:\/\/www.almega.se\/2020\/05\/inititativ-till-tillfallig-infektionsmottagning\/#article","isPartOf":{"@id":"https:\/\/www.almega.se\/2020\/05\/inititativ-till-tillfallig-infektionsmottagning\/"},"author":{"name":"Katarina Ahlsen","@id":"https:\/\/www.almega.se\/#\/schema\/person\/21bb090beed442a47a2cf1e64374f091"},"headline":"Initiativ till tillf\u00e4llig infektionsmottagning","datePublished":"2020-05-11T11:42:41+00:00","dateModified":"2023-06-07T11:55:34+00:00","mainEntityOfPage":{"@id":"https:\/\/www.almega.se\/2020\/05\/inititativ-till-tillfallig-infektionsmottagning\/"},"wordCount":350,"image":{"@id":"https:\/\/www.almega.se\/2020\/05\/inititativ-till-tillfallig-infektionsmottagning\/#primaryimage"},"thumbnailUrl":"https:\/\/www.almega.se\/app\/uploads\/2020\/05\/webb_1000x600-16.png","keywords":["covid -19","Medlemsr\u00f6ster","V\u00e5rd och omsorg"],"articleSection":["Almega","V\u00e4lf\u00e4rd"],"inLanguage":"sv-SE"},{"@type":"WebPage","@id":"https:\/\/www.almega.se\/2020\/05\/inititativ-till-tillfallig-infektionsmottagning\/","url":"https:\/\/www.almega.se\/2020\/05\/inititativ-till-tillfallig-infektionsmottagning\/","name":"Initiativ till tillf\u00e4llig infektionsmottagning | Almega","isPartOf":{"@id":"https:\/\/www.almega.se\/#website"},"primaryImageOfPage":{"@id":"https:\/\/www.almega.se\/2020\/05\/inititativ-till-tillfallig-infektionsmottagning\/#primaryimage"},"image":{"@id":"https:\/\/www.almega.se\/2020\/05\/inititativ-till-tillfallig-infektionsmottagning\/#primaryimage"},"thumbnailUrl":"https:\/\/www.almega.se\/app\/uploads\/2020\/05\/webb_1000x600-16.png","datePublished":"2020-05-11T11:42:41+00:00","dateModified":"2023-06-07T11:55:34+00:00","author":{"@id":"https:\/\/www.almega.se\/#\/schema\/person\/21bb090beed442a47a2cf1e64374f091"},"breadcrumb":{"@id":"https:\/\/www.almega.se\/2020\/05\/inititativ-till-tillfallig-infektionsmottagning\/#breadcrumb"},"inLanguage":"sv-SE","potentialAction":[{"@type":"ReadAction","target":["https:\/\/www.almega.se\/2020\/05\/inititativ-till-tillfallig-infektionsmottagning\/"]}]},{"@type":"ImageObject","inLanguage":"sv-SE","@id":"https:\/\/www.almega.se\/2020\/05\/inititativ-till-tillfallig-infektionsmottagning\/#primaryimage","url":"https:\/\/www.almega.se\/app\/uploads\/2020\/05\/webb_1000x600-16.png","contentUrl":"https:\/\/www.almega.se\/app\/uploads\/2020\/05\/webb_1000x600-16.png","width":1000,"height":600},{"@type":"BreadcrumbList","@id":"https:\/\/www.almega.se\/2020\/05\/inititativ-till-tillfallig-infektionsmottagning\/#breadcrumb","itemListElement":[{"@type":"ListItem","position":1,"name":"Home","item":"https:\/\/www.almega.se\/"},{"@type":"ListItem","position":2,"name":"Initiativ till tillf\u00e4llig infektionsmottagning"}]},{"@type":"WebSite","@id":"https:\/\/www.almega.se\/#website","url":"https:\/\/www.almega.se\/","name":"Almega","description":"","potentialAction":[{"@type":"SearchAction","target":{"@type":"EntryPoint","urlTemplate":"https:\/\/www.almega.se\/?s={search_term_string}"},"query-input":{"@type":"PropertyValueSpecification","valueRequired":true,"valueName":"search_term_string"}}],"inLanguage":"sv-SE"},{"@type":"Person","@id":"https:\/\/www.almega.se\/#\/schema\/person\/21bb090beed442a47a2cf1e64374f091","name":"Katarina Ahlsen","image":{"@type":"ImageObject","inLanguage":"sv-SE","@id":"https:\/\/www.almega.se\/#\/schema\/person\/image\/","url":"https:\/\/secure.gravatar.com\/avatar\/08acb5974fe161bc44fe8e62ec32e85c446ac625c171f9a7eb9f4941b883d3d9?s=96&d=mm&r=g","contentUrl":"https:\/\/secure.gravatar.com\/avatar\/08acb5974fe161bc44fe8e62ec32e85c446ac625c171f9a7eb9f4941b883d3d9?s=96&d=mm&r=g","caption":"Katarina Ahlsen"},"url":"https:\/\/www.almega.se\/person\/katarinaahlsen\/"}]}},"_links":{"self":[{"href":"https:\/\/www.almega.se\/api\/wp\/v2\/posts\/30142","targetHints":{"allow":["GET"]}}],"collection":[{"href":"https:\/\/www.almega.se\/api\/wp\/v2\/posts"}],"about":[{"href":"https:\/\/www.almega.se\/api\/wp\/v2\/types\/post"}],"author":[{"embeddable":true,"href":"https:\/\/www.almega.se\/api\/wp\/v2\/users\/4371"}],"replies":[{"embeddable":true,"href":"https:\/\/www.almega.se\/api\/wp\/v2\/comments?post=30142"}],"version-history":[{"count":3,"href":"https:\/\/www.almega.se\/api\/wp\/v2\/posts\/30142\/revisions"}],"predecessor-version":[{"id":64302,"href":"https:\/\/www.almega.se\/api\/wp\/v2\/posts\/30142\/revisions\/64302"}],"wp:featuredmedia":[{"embeddable":true,"href":"https:\/\/www.almega.se\/api\/wp\/v2\/media\/30145"}],"wp:attachment":[{"href":"https:\/\/www.almega.se\/api\/wp\/v2\/media?parent=30142"}],"wp:term":[{"taxonomy":"category","embeddable":true,"href":"https:\/\/www.almega.se\/api\/wp\/v2\/categories?post=30142"},{"taxonomy":"post_tag","embeddable":true,"href":"https:\/\/www.almega.se\/api\/wp\/v2\/tags?post=30142"},{"taxonomy":"type","embeddable":true,"href":"https:\/\/www.almega.se\/api\/wp\/v2\/article_type?post=30142"},{"taxonomy":"agreement","embeddable":true,"href":"https:\/\/www.almega.se\/api\/wp\/v2\/agreement?post=30142"}],"curies":[{"name":"wp","href":"https:\/\/api.w.org\/{rel}","templated":true}]}}