{"id":29852,"date":"2020-04-27T14:10:46","date_gmt":"2020-04-27T12:10:46","guid":{"rendered":"https:\/\/www.almega.se\/?p=29852"},"modified":"2020-04-27T14:10:46","modified_gmt":"2020-04-27T12:10:46","slug":"enrival-jobbar-for-att-fa-in-fler-i-varden","status":"publish","type":"post","link":"https:\/\/www.almega.se\/2020\/04\/enrival-jobbar-for-att-fa-in-fler-i-varden\/","title":{"rendered":"EnRival jobbar f\u00f6r att f\u00e5 in fler i v\u00e5rden"},"content":{"rendered":"<p class=\"intro\">Efterfr\u00e5gan p\u00e5 personal inom v\u00e5rd och omsorg har \u00f6kat kraftigt till f\u00f6ljd av covid-19. EnRival har sedan en tid tillbaka arbetat f\u00f6r fullt med att matcha arbetss\u00f6kande till olika v\u00e5rdtj\u00e4nster inom hemtj\u00e4nst och \u00e4ldreomsorg.<\/p>\n\n<p>EnRival arbetar med rekrytering, bemanning, omst\u00e4llning och arbetsmarknadsprojekt. F\u00f6retaget \u00e4r bland annat en kompletterande akt\u00f6r till Arbetsf\u00f6rmedlingen, vilket inneb\u00e4r att de hj\u00e4lper myndigheten att f\u00e5 ut arbetss\u00f6kande som beh\u00f6ver f\u00f6rst\u00e4rkt och anpassat st\u00f6d ut i arbetslivet eller till studier.<\/p>\n\n\n\n<p>&#8211; Vi ligger i frontlinjen vad det g\u00e4ller att f\u00e5 arbetss\u00f6kande att komma ut p\u00e5 arbetsmarknaden, men det var ingen som var f\u00f6rberedd p\u00e5 den situation som nu har uppst\u00e5tt p\u00e5 grund av covid-19, s\u00e4ger Kenneth Sj\u00f6kvist, aff\u00e4rsutvecklingschef p\u00e5 EnRival<\/p>\n\n\n\n<p>N\u00e4r situationen uppenbarade sig unders\u00f6kte EnRival vilka behov som fanns hos sina kunder och fick bland annat god kontakt med Malm\u00f6 Stad. Kommunen hade lagt upp en mycket omfattande annons p\u00e5 sin hemsida att man s\u00f6kte folk till v\u00e5rd och omsorg.<\/p>\n\n\n\n<p>&#8211; Vi tog kontakt med Malm\u00f6 Stad och f\u00f6rklarade att vi m\u00e5ste kunna g\u00f6ra ett slags snabbsp\u00e5r f\u00f6r v\u00e5ra deltagare med v\u00e5rderfarenhet att komma ut i arbete. Genom en bra dialog med Malm\u00f6 Stad s\u00e5 f\u00e5r vi nu ut v\u00e5ra deltagare till jobb inom hemtj\u00e4nst och \u00e4ldreomsorg, ber\u00e4ttar Kenneth Sj\u00f6kvist.<\/p>\n\n\n\n<p>Samtidigt som behovet av folk inom hemtj\u00e4nsten och p\u00e5 \u00e4ldreboenden \u00e4r akut, s\u00e5 \u00e4r det en tuff situation f\u00f6r de anst\u00e4llda som m\u00e5ste vara beredda att m\u00f6ta covid-19 p\u00e5 sina nya jobb. Efter att en deltagare har f\u00e5tt jobbet g\u00e5r man direkt en tv\u00e5-timmars introduktionsutbildning. Vanligtvis brukar det finnas en m\u00f6jlighet att g\u00e5 bredvid n\u00e5gon den f\u00f6rsta tiden p\u00e5 jobbet, men det anstr\u00e4ngda l\u00e4get g\u00f6r att det inte l\u00e4ngre g\u00e5r. Men det finns bra s\u00e4tt att fr\u00e4scha upp sina v\u00e5rdkunskaper, bland annat p\u00e5 Socialstyrelsens hemsida, d\u00e4r man erbjuder gratis webbutbildningar f\u00f6r personer som ska b\u00f6rja arbeta inom v\u00e5rden.<\/p>\n\n\n\n<p>&#8211; Vi f\u00f6rs\u00f6ker verkligen ta v\u00e5rt ansvar och hitta bra m\u00e4nniskor som kan arbeta i v\u00e5rden och \u00e4r noga med v\u00e5rt urval. Malm\u00f6 Stad \u00e4r ett exempel d\u00e4r vi har lyckats f\u00e5 till ett bra samarbete, men vi arbetar under liknande former i m\u00e5nga andra delar av landet ocks\u00e5. Vi har ett st\u00e4ndigt infl\u00f6de av deltagare, samtidigt vill vi leverera kvalitet och hitta de som \u00e4r mest l\u00e4mpade f\u00f6r v\u00e5rdarbete, s\u00e4ger Kenneth Sj\u00f6kvist.<\/p>\n\n\n\n<p>Kommuner och regioner befinner sig ocks\u00e5 i olika faser vad n\u00e4r det kommer till att hantera covid-19. I Sk\u00e5ne och Malm\u00f6 s\u00e5 f\u00f6rbereder man sig f\u00f6r att antalet fall kan komma att \u00f6ka.<\/p>\n\n\n\n<p>&#8211; Vi jobbar h\u00e5rt f\u00f6r att f\u00e5 ut v\u00e5ra deltagare p\u00e5 arbetsmarknaden och till v\u00e5rden. I slut\u00e4ndan handlar det f\u00f6r oss om att ta v\u00e5rt samh\u00e4llsansvar, s\u00e4ger Kenneth Sj\u00f6kvist.<\/p>\n","protected":false},"excerpt":{"rendered":"<p>EnRival arbetar med rekrytering, bemanning, omst\u00e4llning och arbetsmarknadsprojekt. F\u00f6retaget \u00e4r bland annat en kompletterande akt\u00f6r till Arbetsf\u00f6rmedlingen, vilket inneb\u00e4r att de hj\u00e4lper myndigheten att f\u00e5 ut arbetss\u00f6kande som beh\u00f6ver f\u00f6rst\u00e4rkt och anpassat st\u00f6d ut i &hellip;<\/p>\n","protected":false},"author":4371,"featured_media":29853,"comment_status":"closed","ping_status":"closed","sticky":false,"template":"","format":"standard","meta":{"_acf_changed":false,"footnotes":""},"categories":[603,46],"tags":[486,548,62],"article_type":[55],"agreement":[],"class_list":["post-29852","post","type-post","status-publish","format-standard","has-post-thumbnail","hentry","category-almega","category-valfard","tag-covid-19","tag-medlemsroster","tag-vard-och-omsorg","type-artiklar"],"acf":[],"yoast_head":"<!-- This site is optimized with the Yoast SEO Premium plugin v26.8 (Yoast SEO v26.8) - https:\/\/yoast.com\/product\/yoast-seo-premium-wordpress\/ -->\n<title>EnRival jobbar f\u00f6r att f\u00e5 in fler i v\u00e5rden | Almega<\/title>\n<meta name=\"robots\" content=\"index, follow, max-snippet:-1, max-image-preview:large, max-video-preview:-1\" \/>\n<link rel=\"canonical\" href=\"https:\/\/www.almega.se\/2020\/04\/enrival-jobbar-for-att-fa-in-fler-i-varden\/\" \/>\n<meta property=\"og:locale\" content=\"sv_SE\" \/>\n<meta property=\"og:type\" content=\"article\" \/>\n<meta property=\"og:title\" content=\"EnRival jobbar f\u00f6r att f\u00e5 in fler i v\u00e5rden\" \/>\n<meta property=\"og:description\" content=\"EnRival arbetar med rekrytering, bemanning, omst\u00e4llning och arbetsmarknadsprojekt. F\u00f6retaget \u00e4r bland annat en kompletterande akt\u00f6r till Arbetsf\u00f6rmedlingen, vilket inneb\u00e4r att de hj\u00e4lper myndigheten att f\u00e5 ut arbetss\u00f6kande som beh\u00f6ver f\u00f6rst\u00e4rkt och anpassat st\u00f6d ut i &hellip;\" \/>\n<meta property=\"og:url\" content=\"https:\/\/www.almega.se\/2020\/04\/enrival-jobbar-for-att-fa-in-fler-i-varden\/\" \/>\n<meta property=\"og:site_name\" content=\"Almega\" \/>\n<meta property=\"article:published_time\" content=\"2020-04-27T12:10:46+00:00\" \/>\n<meta property=\"og:image\" content=\"https:\/\/www.almega.se\/app\/uploads\/2020\/04\/webb_1000x600-6.png\" \/>\n\t<meta property=\"og:image:width\" content=\"1000\" \/>\n\t<meta property=\"og:image:height\" content=\"600\" \/>\n\t<meta property=\"og:image:type\" content=\"image\/png\" \/>\n<meta name=\"author\" content=\"Katarina Ahlsen\" \/>\n<meta name=\"twitter:card\" content=\"summary_large_image\" \/>\n<meta name=\"twitter:label1\" content=\"Skriven av\" \/>\n\t<meta name=\"twitter:data1\" content=\"Katarina Ahlsen\" \/>\n\t<meta name=\"twitter:label2\" content=\"Ber\u00e4knad l\u00e4stid\" \/>\n\t<meta name=\"twitter:data2\" content=\"3 minuter\" \/>\n<!-- \/ Yoast SEO Premium plugin. -->","yoast_head_json":{"title":"EnRival jobbar f\u00f6r att f\u00e5 in fler i v\u00e5rden | Almega","robots":{"index":"index","follow":"follow","max-snippet":"max-snippet:-1","max-image-preview":"max-image-preview:large","max-video-preview":"max-video-preview:-1"},"canonical":"https:\/\/www.almega.se\/2020\/04\/enrival-jobbar-for-att-fa-in-fler-i-varden\/","og_locale":"sv_SE","og_type":"article","og_title":"EnRival jobbar f\u00f6r att f\u00e5 in fler i v\u00e5rden","og_description":"EnRival arbetar med rekrytering, bemanning, omst\u00e4llning och arbetsmarknadsprojekt. F\u00f6retaget \u00e4r bland annat en kompletterande akt\u00f6r till Arbetsf\u00f6rmedlingen, vilket inneb\u00e4r att de hj\u00e4lper myndigheten att f\u00e5 ut arbetss\u00f6kande som beh\u00f6ver f\u00f6rst\u00e4rkt och anpassat st\u00f6d ut i &hellip;","og_url":"https:\/\/www.almega.se\/2020\/04\/enrival-jobbar-for-att-fa-in-fler-i-varden\/","og_site_name":"Almega","article_published_time":"2020-04-27T12:10:46+00:00","og_image":[{"width":1000,"height":600,"url":"https:\/\/www.almega.se\/app\/uploads\/2020\/04\/webb_1000x600-6.png","type":"image\/png"}],"author":"Katarina Ahlsen","twitter_card":"summary_large_image","twitter_misc":{"Skriven av":"Katarina Ahlsen","Ber\u00e4knad l\u00e4stid":"3 minuter"},"schema":{"@context":"https:\/\/schema.org","@graph":[{"@type":"NewsArticle","@id":"https:\/\/www.almega.se\/2020\/04\/enrival-jobbar-for-att-fa-in-fler-i-varden\/#article","isPartOf":{"@id":"https:\/\/www.almega.se\/2020\/04\/enrival-jobbar-for-att-fa-in-fler-i-varden\/"},"author":{"name":"Katarina Ahlsen","@id":"https:\/\/www.almega.se\/#\/schema\/person\/21bb090beed442a47a2cf1e64374f091"},"headline":"EnRival jobbar f\u00f6r att f\u00e5 in fler i v\u00e5rden","datePublished":"2020-04-27T12:10:46+00:00","mainEntityOfPage":{"@id":"https:\/\/www.almega.se\/2020\/04\/enrival-jobbar-for-att-fa-in-fler-i-varden\/"},"wordCount":500,"image":{"@id":"https:\/\/www.almega.se\/2020\/04\/enrival-jobbar-for-att-fa-in-fler-i-varden\/#primaryimage"},"thumbnailUrl":"https:\/\/www.almega.se\/app\/uploads\/2020\/04\/webb_1000x600-6.png","keywords":["covid -19","Medlemsr\u00f6ster","V\u00e5rd och omsorg"],"articleSection":["Almega","V\u00e4lf\u00e4rd"],"inLanguage":"sv-SE"},{"@type":"WebPage","@id":"https:\/\/www.almega.se\/2020\/04\/enrival-jobbar-for-att-fa-in-fler-i-varden\/","url":"https:\/\/www.almega.se\/2020\/04\/enrival-jobbar-for-att-fa-in-fler-i-varden\/","name":"EnRival jobbar f\u00f6r att f\u00e5 in fler i v\u00e5rden | Almega","isPartOf":{"@id":"https:\/\/www.almega.se\/#website"},"primaryImageOfPage":{"@id":"https:\/\/www.almega.se\/2020\/04\/enrival-jobbar-for-att-fa-in-fler-i-varden\/#primaryimage"},"image":{"@id":"https:\/\/www.almega.se\/2020\/04\/enrival-jobbar-for-att-fa-in-fler-i-varden\/#primaryimage"},"thumbnailUrl":"https:\/\/www.almega.se\/app\/uploads\/2020\/04\/webb_1000x600-6.png","datePublished":"2020-04-27T12:10:46+00:00","author":{"@id":"https:\/\/www.almega.se\/#\/schema\/person\/21bb090beed442a47a2cf1e64374f091"},"breadcrumb":{"@id":"https:\/\/www.almega.se\/2020\/04\/enrival-jobbar-for-att-fa-in-fler-i-varden\/#breadcrumb"},"inLanguage":"sv-SE","potentialAction":[{"@type":"ReadAction","target":["https:\/\/www.almega.se\/2020\/04\/enrival-jobbar-for-att-fa-in-fler-i-varden\/"]}]},{"@type":"ImageObject","inLanguage":"sv-SE","@id":"https:\/\/www.almega.se\/2020\/04\/enrival-jobbar-for-att-fa-in-fler-i-varden\/#primaryimage","url":"https:\/\/www.almega.se\/app\/uploads\/2020\/04\/webb_1000x600-6.png","contentUrl":"https:\/\/www.almega.se\/app\/uploads\/2020\/04\/webb_1000x600-6.png","width":1000,"height":600},{"@type":"BreadcrumbList","@id":"https:\/\/www.almega.se\/2020\/04\/enrival-jobbar-for-att-fa-in-fler-i-varden\/#breadcrumb","itemListElement":[{"@type":"ListItem","position":1,"name":"Home","item":"https:\/\/www.almega.se\/"},{"@type":"ListItem","position":2,"name":"EnRival jobbar f\u00f6r att f\u00e5 in fler i v\u00e5rden"}]},{"@type":"WebSite","@id":"https:\/\/www.almega.se\/#website","url":"https:\/\/www.almega.se\/","name":"Almega","description":"","potentialAction":[{"@type":"SearchAction","target":{"@type":"EntryPoint","urlTemplate":"https:\/\/www.almega.se\/?s={search_term_string}"},"query-input":{"@type":"PropertyValueSpecification","valueRequired":true,"valueName":"search_term_string"}}],"inLanguage":"sv-SE"},{"@type":"Person","@id":"https:\/\/www.almega.se\/#\/schema\/person\/21bb090beed442a47a2cf1e64374f091","name":"Katarina Ahlsen","image":{"@type":"ImageObject","inLanguage":"sv-SE","@id":"https:\/\/www.almega.se\/#\/schema\/person\/image\/","url":"https:\/\/secure.gravatar.com\/avatar\/08acb5974fe161bc44fe8e62ec32e85c446ac625c171f9a7eb9f4941b883d3d9?s=96&d=mm&r=g","contentUrl":"https:\/\/secure.gravatar.com\/avatar\/08acb5974fe161bc44fe8e62ec32e85c446ac625c171f9a7eb9f4941b883d3d9?s=96&d=mm&r=g","caption":"Katarina Ahlsen"},"url":"https:\/\/www.almega.se\/person\/katarinaahlsen\/"}]}},"_links":{"self":[{"href":"https:\/\/www.almega.se\/api\/wp\/v2\/posts\/29852","targetHints":{"allow":["GET"]}}],"collection":[{"href":"https:\/\/www.almega.se\/api\/wp\/v2\/posts"}],"about":[{"href":"https:\/\/www.almega.se\/api\/wp\/v2\/types\/post"}],"author":[{"embeddable":true,"href":"https:\/\/www.almega.se\/api\/wp\/v2\/users\/4371"}],"replies":[{"embeddable":true,"href":"https:\/\/www.almega.se\/api\/wp\/v2\/comments?post=29852"}],"version-history":[{"count":2,"href":"https:\/\/www.almega.se\/api\/wp\/v2\/posts\/29852\/revisions"}],"predecessor-version":[{"id":53113,"href":"https:\/\/www.almega.se\/api\/wp\/v2\/posts\/29852\/revisions\/53113"}],"wp:featuredmedia":[{"embeddable":true,"href":"https:\/\/www.almega.se\/api\/wp\/v2\/media\/29853"}],"wp:attachment":[{"href":"https:\/\/www.almega.se\/api\/wp\/v2\/media?parent=29852"}],"wp:term":[{"taxonomy":"category","embeddable":true,"href":"https:\/\/www.almega.se\/api\/wp\/v2\/categories?post=29852"},{"taxonomy":"post_tag","embeddable":true,"href":"https:\/\/www.almega.se\/api\/wp\/v2\/tags?post=29852"},{"taxonomy":"type","embeddable":true,"href":"https:\/\/www.almega.se\/api\/wp\/v2\/article_type?post=29852"},{"taxonomy":"agreement","embeddable":true,"href":"https:\/\/www.almega.se\/api\/wp\/v2\/agreement?post=29852"}],"curies":[{"name":"wp","href":"https:\/\/api.w.org\/{rel}","templated":true}]}}