{"id":29672,"date":"2020-04-22T18:59:37","date_gmt":"2020-04-22T16:59:37","guid":{"rendered":"https:\/\/www.almega.se\/?p=29672"},"modified":"2020-04-22T18:59:37","modified_gmt":"2020-04-22T16:59:37","slug":"dedicare-samarbetar-med-scandic-och-sas-for-att-avlasta-varden","status":"publish","type":"post","link":"https:\/\/www.almega.se\/2020\/04\/dedicare-samarbetar-med-scandic-och-sas-for-att-avlasta-varden\/","title":{"rendered":"Dedicare samarbetar med Scandic och SAS f\u00f6r att avlasta v\u00e5rden"},"content":{"rendered":"<p class=\"intro\">Efterfr\u00e5gan p\u00e5 arbetskraft i v\u00e5rden har \u00f6kat till f\u00f6ljd av covid-19. Samtidigt har efterfr\u00e5gan p\u00e5 arbetskraft minskat i andra sektorer. Dedicare har d\u00e4rf\u00f6r inlett ett samarbete med Scandic och SAS f\u00f6r att hitta nya arbetsm\u00f6jligheter i v\u00e5rden f\u00f6r permitterad hotell- och flygpersonal.<\/p>\n\n<p>Dedicare \u00e4r ett rekryterings- och bemanningsf\u00f6retag inom v\u00e5rd och socialt arbete med verksamhet \u00f6ver hela Sverige samt Norge, Finland och Danmark. Behovet av extra resurser inom v\u00e5rden p\u00e5 grund av spridningen av covid-19 har varit ytterst m\u00e4rkbart hos Dedicare.<\/p>\n\n\n\n<p>-Vi har ramavtal med i stort sett alla sjukv\u00e5rdsregioner och har sett en kraftig \u00f6kning av behovet av v\u00e5rdpersonal. Framf\u00f6rallt handlar det om sjuksk\u00f6terskor, men ocks\u00e5 undersk\u00f6terskor, s\u00e4ger Krister Widstr\u00f6m, koncernchef och vd p\u00e5 Dedicare.<\/p>\n\n\n\n<p>Dedicare arbetar med rekrytering och bemanning av l\u00e4kare sjuksk\u00f6terskor, socionomer och pedagoger till b\u00e5de privata och offentliga v\u00e5rdakt\u00f6rer. Genom samarbetet med Scandic och SAS hoppas Dedicare kunna hj\u00e4lpa v\u00e5rden och erbjuda medarbetare med v\u00e5rderfarenhet en m\u00f6jlighet att bidra med sin kompetens d\u00e4r den strakt efterfr\u00e5gas.<\/p>\n\n\n\n<p>&#8211; Vi vet att m\u00e5nga f\u00f6retag har kompetent personal. Genom v\u00e5ra samarbeten med Scandic och SAS har vi g\u00e5tt ut med information till deras personal om att personer med v\u00e5rderfarenhet kan kontakta oss. Det kan handla om att arbeta p\u00e5 allt fr\u00e5n sjukhus till \u00e4ldreboende \u00f6ver hela landet, ber\u00e4ttar Krister Widstr\u00f6m.<\/p>\n\n\n\n<p>M\u00e5nga med erfarenhet av v\u00e5rdarbete har sj\u00e4lva tagit kontakt med sjukhus f\u00f6r att erbjuda arbete. Flera sjukhus \u00e4r tungt administrativt belastade just nu och det kan vara sv\u00e5rt att hantera ans\u00f6kningar som kommer in.<\/p>\n\n\n\n<p>&#8211; Rekrytering \u00e4r en naturlig process f\u00f6r oss och vi arbetar med det dagligen. Samarbeten likt det med Scandic och SAS inneb\u00e4r att vi kan underl\u00e4tta att f\u00e5nga upp alla nya individer som ska in i v\u00e5rden och p\u00e5 s\u00e5 vis avlasta den. Vi kan agera som v\u00e5rdens f\u00f6rl\u00e4ngda personalavdelning, s\u00e4ger Krister Widstr\u00f6m.<\/p>\n\n\n\n<p>Samarbetet med Scandic och SAS b\u00f6rjade n\u00e4r Dedicare ins\u00e5g den \u00f6kade efterfr\u00e5gan av personal i v\u00e5rden och b\u00f6rjade funderade kring var det g\u00e5r att hitta tempor\u00e4r personal. Eftersom rese- och hotellbranschen har varit h\u00e5rt utsatt p\u00e5 grund av viruset, var det en naturlig sektor att titta p\u00e5. Men matchningen med stora f\u00f6retag som Scandic och SAS ger ocks\u00e5 andra f\u00f6rdelar.<\/p>\n\n\n\n<p>&#8211; Scandic och SAS har medarbetare \u00f6ver stora delar av landet och i Norden. I och med v\u00e5rt stora upptagningsomr\u00e5de kan vi d\u00e4rf\u00f6r erbjuda deras anst\u00e4llda m\u00f6jlighet till arbete \u00f6ver hela Sverige. D\u00e4rmed kan vi ocks\u00e5 underl\u00e4tta v\u00e5rden \u00f6ver hela landet, ber\u00e4ttar Krister Widstr\u00f6m.<\/p>\n\n\n\n<p>Rekryteringen av den tempor\u00e4ra v\u00e5rdpersonalen sker genom att man som medarbetare g\u00f6r en intresseanm\u00e4lan. Dedicare st\u00e4mmer sedan av erfarenhet och utbildning med de som anm\u00e4lt sig, precis som i en vanlig rekryteringsprocess.<\/p>\n\n\n\n<p>-Just nu ser vi ett intresse av att ocks\u00e5 kan komma i kontakt med andra f\u00f6retag som kan informera sina anst\u00e4llda om m\u00f6jligheten att kontakta oss. I en s\u00e5dan h\u00e4r situation kan verkligen rekryteringsf\u00f6retag bidra, s\u00e4ger Krister Widstr\u00f6m.<\/p>\n\n\n\n<p>Om man har erfarenhet av v\u00e5rdarbete och \u00e4r intresserad av att komma i kontakt med Dedicare g\u00e5r det att g\u00f6ra <a href=\"https:\/\/www.dedicare.se\/hjalpvarden\" target=\"_blank\" rel=\"noreferrer noopener\">h\u00e4r<\/a>.<\/p>\n","protected":false},"excerpt":{"rendered":"<p>Dedicare \u00e4r ett rekryterings- och bemanningsf\u00f6retag inom v\u00e5rd och socialt arbete med verksamhet \u00f6ver hela Sverige samt Norge, Finland och Danmark. Behovet av extra resurser inom v\u00e5rden p\u00e5 grund av spridningen av covid-19 har varit &hellip;<\/p>\n","protected":false},"author":4371,"featured_media":29673,"comment_status":"closed","ping_status":"closed","sticky":false,"template":"","format":"standard","meta":{"_acf_changed":false,"footnotes":""},"categories":[603,46],"tags":[486,548,62],"article_type":[55],"agreement":[],"class_list":["post-29672","post","type-post","status-publish","format-standard","has-post-thumbnail","hentry","category-almega","category-valfard","tag-covid-19","tag-medlemsroster","tag-vard-och-omsorg","type-artiklar"],"acf":[],"yoast_head":"<!-- This site is optimized with the Yoast SEO Premium plugin v26.8 (Yoast SEO v26.8) - https:\/\/yoast.com\/product\/yoast-seo-premium-wordpress\/ -->\n<title>Dedicare samarbetar med Scandic och SAS f\u00f6r att avlasta v\u00e5rden | Almega<\/title>\n<meta name=\"robots\" content=\"index, follow, max-snippet:-1, max-image-preview:large, max-video-preview:-1\" \/>\n<link rel=\"canonical\" href=\"https:\/\/www.almega.se\/2020\/04\/dedicare-samarbetar-med-scandic-och-sas-for-att-avlasta-varden\/\" \/>\n<meta property=\"og:locale\" content=\"sv_SE\" \/>\n<meta property=\"og:type\" content=\"article\" \/>\n<meta property=\"og:title\" content=\"Dedicare samarbetar med Scandic och SAS f\u00f6r att avlasta v\u00e5rden\" \/>\n<meta property=\"og:description\" content=\"Dedicare \u00e4r ett rekryterings- och bemanningsf\u00f6retag inom v\u00e5rd och socialt arbete med verksamhet \u00f6ver hela Sverige samt Norge, Finland och Danmark. Behovet av extra resurser inom v\u00e5rden p\u00e5 grund av spridningen av covid-19 har varit &hellip;\" \/>\n<meta property=\"og:url\" content=\"https:\/\/www.almega.se\/2020\/04\/dedicare-samarbetar-med-scandic-och-sas-for-att-avlasta-varden\/\" \/>\n<meta property=\"og:site_name\" content=\"Almega\" \/>\n<meta property=\"article:published_time\" content=\"2020-04-22T16:59:37+00:00\" \/>\n<meta property=\"og:image\" content=\"https:\/\/www.almega.se\/app\/uploads\/2020\/04\/webb_1000x600-1.png\" \/>\n\t<meta property=\"og:image:width\" content=\"1000\" \/>\n\t<meta property=\"og:image:height\" content=\"600\" \/>\n\t<meta property=\"og:image:type\" content=\"image\/png\" \/>\n<meta name=\"author\" content=\"Katarina Ahlsen\" \/>\n<meta name=\"twitter:card\" content=\"summary_large_image\" \/>\n<meta name=\"twitter:label1\" content=\"Skriven av\" \/>\n\t<meta name=\"twitter:data1\" content=\"Katarina Ahlsen\" \/>\n\t<meta name=\"twitter:label2\" content=\"Ber\u00e4knad l\u00e4stid\" \/>\n\t<meta name=\"twitter:data2\" content=\"3 minuter\" \/>\n<!-- \/ Yoast SEO Premium plugin. -->","yoast_head_json":{"title":"Dedicare samarbetar med Scandic och SAS f\u00f6r att avlasta v\u00e5rden | Almega","robots":{"index":"index","follow":"follow","max-snippet":"max-snippet:-1","max-image-preview":"max-image-preview:large","max-video-preview":"max-video-preview:-1"},"canonical":"https:\/\/www.almega.se\/2020\/04\/dedicare-samarbetar-med-scandic-och-sas-for-att-avlasta-varden\/","og_locale":"sv_SE","og_type":"article","og_title":"Dedicare samarbetar med Scandic och SAS f\u00f6r att avlasta v\u00e5rden","og_description":"Dedicare \u00e4r ett rekryterings- och bemanningsf\u00f6retag inom v\u00e5rd och socialt arbete med verksamhet \u00f6ver hela Sverige samt Norge, Finland och Danmark. Behovet av extra resurser inom v\u00e5rden p\u00e5 grund av spridningen av covid-19 har varit &hellip;","og_url":"https:\/\/www.almega.se\/2020\/04\/dedicare-samarbetar-med-scandic-och-sas-for-att-avlasta-varden\/","og_site_name":"Almega","article_published_time":"2020-04-22T16:59:37+00:00","og_image":[{"width":1000,"height":600,"url":"https:\/\/www.almega.se\/app\/uploads\/2020\/04\/webb_1000x600-1.png","type":"image\/png"}],"author":"Katarina Ahlsen","twitter_card":"summary_large_image","twitter_misc":{"Skriven av":"Katarina Ahlsen","Ber\u00e4knad l\u00e4stid":"3 minuter"},"schema":{"@context":"https:\/\/schema.org","@graph":[{"@type":"NewsArticle","@id":"https:\/\/www.almega.se\/2020\/04\/dedicare-samarbetar-med-scandic-och-sas-for-att-avlasta-varden\/#article","isPartOf":{"@id":"https:\/\/www.almega.se\/2020\/04\/dedicare-samarbetar-med-scandic-och-sas-for-att-avlasta-varden\/"},"author":{"name":"Katarina Ahlsen","@id":"https:\/\/www.almega.se\/#\/schema\/person\/21bb090beed442a47a2cf1e64374f091"},"headline":"Dedicare samarbetar med Scandic och SAS f\u00f6r att avlasta v\u00e5rden","datePublished":"2020-04-22T16:59:37+00:00","mainEntityOfPage":{"@id":"https:\/\/www.almega.se\/2020\/04\/dedicare-samarbetar-med-scandic-och-sas-for-att-avlasta-varden\/"},"wordCount":550,"image":{"@id":"https:\/\/www.almega.se\/2020\/04\/dedicare-samarbetar-med-scandic-och-sas-for-att-avlasta-varden\/#primaryimage"},"thumbnailUrl":"https:\/\/www.almega.se\/app\/uploads\/2020\/04\/webb_1000x600-1.png","keywords":["covid -19","Medlemsr\u00f6ster","V\u00e5rd och omsorg"],"articleSection":["Almega","V\u00e4lf\u00e4rd"],"inLanguage":"sv-SE"},{"@type":"WebPage","@id":"https:\/\/www.almega.se\/2020\/04\/dedicare-samarbetar-med-scandic-och-sas-for-att-avlasta-varden\/","url":"https:\/\/www.almega.se\/2020\/04\/dedicare-samarbetar-med-scandic-och-sas-for-att-avlasta-varden\/","name":"Dedicare samarbetar med Scandic och SAS f\u00f6r att avlasta v\u00e5rden | Almega","isPartOf":{"@id":"https:\/\/www.almega.se\/#website"},"primaryImageOfPage":{"@id":"https:\/\/www.almega.se\/2020\/04\/dedicare-samarbetar-med-scandic-och-sas-for-att-avlasta-varden\/#primaryimage"},"image":{"@id":"https:\/\/www.almega.se\/2020\/04\/dedicare-samarbetar-med-scandic-och-sas-for-att-avlasta-varden\/#primaryimage"},"thumbnailUrl":"https:\/\/www.almega.se\/app\/uploads\/2020\/04\/webb_1000x600-1.png","datePublished":"2020-04-22T16:59:37+00:00","author":{"@id":"https:\/\/www.almega.se\/#\/schema\/person\/21bb090beed442a47a2cf1e64374f091"},"breadcrumb":{"@id":"https:\/\/www.almega.se\/2020\/04\/dedicare-samarbetar-med-scandic-och-sas-for-att-avlasta-varden\/#breadcrumb"},"inLanguage":"sv-SE","potentialAction":[{"@type":"ReadAction","target":["https:\/\/www.almega.se\/2020\/04\/dedicare-samarbetar-med-scandic-och-sas-for-att-avlasta-varden\/"]}]},{"@type":"ImageObject","inLanguage":"sv-SE","@id":"https:\/\/www.almega.se\/2020\/04\/dedicare-samarbetar-med-scandic-och-sas-for-att-avlasta-varden\/#primaryimage","url":"https:\/\/www.almega.se\/app\/uploads\/2020\/04\/webb_1000x600-1.png","contentUrl":"https:\/\/www.almega.se\/app\/uploads\/2020\/04\/webb_1000x600-1.png","width":1000,"height":600},{"@type":"BreadcrumbList","@id":"https:\/\/www.almega.se\/2020\/04\/dedicare-samarbetar-med-scandic-och-sas-for-att-avlasta-varden\/#breadcrumb","itemListElement":[{"@type":"ListItem","position":1,"name":"Home","item":"https:\/\/www.almega.se\/"},{"@type":"ListItem","position":2,"name":"Dedicare samarbetar med Scandic och SAS f\u00f6r att avlasta v\u00e5rden"}]},{"@type":"WebSite","@id":"https:\/\/www.almega.se\/#website","url":"https:\/\/www.almega.se\/","name":"Almega","description":"","potentialAction":[{"@type":"SearchAction","target":{"@type":"EntryPoint","urlTemplate":"https:\/\/www.almega.se\/?s={search_term_string}"},"query-input":{"@type":"PropertyValueSpecification","valueRequired":true,"valueName":"search_term_string"}}],"inLanguage":"sv-SE"},{"@type":"Person","@id":"https:\/\/www.almega.se\/#\/schema\/person\/21bb090beed442a47a2cf1e64374f091","name":"Katarina Ahlsen","image":{"@type":"ImageObject","inLanguage":"sv-SE","@id":"https:\/\/www.almega.se\/#\/schema\/person\/image\/","url":"https:\/\/secure.gravatar.com\/avatar\/08acb5974fe161bc44fe8e62ec32e85c446ac625c171f9a7eb9f4941b883d3d9?s=96&d=mm&r=g","contentUrl":"https:\/\/secure.gravatar.com\/avatar\/08acb5974fe161bc44fe8e62ec32e85c446ac625c171f9a7eb9f4941b883d3d9?s=96&d=mm&r=g","caption":"Katarina Ahlsen"},"url":"https:\/\/www.almega.se\/person\/katarinaahlsen\/"}]}},"_links":{"self":[{"href":"https:\/\/www.almega.se\/api\/wp\/v2\/posts\/29672","targetHints":{"allow":["GET"]}}],"collection":[{"href":"https:\/\/www.almega.se\/api\/wp\/v2\/posts"}],"about":[{"href":"https:\/\/www.almega.se\/api\/wp\/v2\/types\/post"}],"author":[{"embeddable":true,"href":"https:\/\/www.almega.se\/api\/wp\/v2\/users\/4371"}],"replies":[{"embeddable":true,"href":"https:\/\/www.almega.se\/api\/wp\/v2\/comments?post=29672"}],"version-history":[{"count":4,"href":"https:\/\/www.almega.se\/api\/wp\/v2\/posts\/29672\/revisions"}],"predecessor-version":[{"id":53098,"href":"https:\/\/www.almega.se\/api\/wp\/v2\/posts\/29672\/revisions\/53098"}],"wp:featuredmedia":[{"embeddable":true,"href":"https:\/\/www.almega.se\/api\/wp\/v2\/media\/29673"}],"wp:attachment":[{"href":"https:\/\/www.almega.se\/api\/wp\/v2\/media?parent=29672"}],"wp:term":[{"taxonomy":"category","embeddable":true,"href":"https:\/\/www.almega.se\/api\/wp\/v2\/categories?post=29672"},{"taxonomy":"post_tag","embeddable":true,"href":"https:\/\/www.almega.se\/api\/wp\/v2\/tags?post=29672"},{"taxonomy":"type","embeddable":true,"href":"https:\/\/www.almega.se\/api\/wp\/v2\/article_type?post=29672"},{"taxonomy":"agreement","embeddable":true,"href":"https:\/\/www.almega.se\/api\/wp\/v2\/agreement?post=29672"}],"curies":[{"name":"wp","href":"https:\/\/api.w.org\/{rel}","templated":true}]}}