{"id":29623,"date":"2020-04-21T10:15:18","date_gmt":"2020-04-21T08:15:18","guid":{"rendered":"https:\/\/www.almega.se\/2020\/04\/staten-maste-sta-for-sjuklonekostnaden-i-sommar\/"},"modified":"2020-04-21T10:15:18","modified_gmt":"2020-04-21T08:15:18","slug":"staten-maste-sta-for-sjuklonekostnaden-i-sommar","status":"publish","type":"post","link":"https:\/\/www.almega.se\/2020\/04\/staten-maste-sta-for-sjuklonekostnaden-i-sommar\/","title":{"rendered":"Staten m\u00e5ste st\u00e5 f\u00f6r sjukl\u00f6nekostnaden i sommar"},"content":{"rendered":"<p class=\"intro\">Nya siffror fr\u00e5n SCB visar att sjukfr\u00e5nvaron \u00f6kar kraftigt i Sverige. I mars 2020 var 98 000 fler personer sjukfr\u00e5nvarande fr\u00e5n jobbet j\u00e4mf\u00f6rt med mars 2019. Staten har \u00f6vertagit betalningsansvaret f\u00f6r f\u00f6retagens sjukl\u00f6nekostnader under april och maj, men kostnaden f\u00f6r mars f\u00e5r f\u00f6retagen betala.<\/p>\n\n<p>Totalt \u00e4r nu sjukfr\u00e5nvaron uppe i 219 000 personer, vilket inneb\u00e4r en \u00f6kning med 81 procent. Detta sl\u00e5r h\u00e5rt mot f\u00f6retag som f\u00f6rutom fallande int\u00e4kter \u00e4ven fick kraftigt \u00f6kade sjukl\u00f6nekostnader. <br><br>&nbsp;&#8211; M\u00e5nga tj\u00e4nstef\u00f6retag ligger nu ute med stora pengar f\u00f6r de anst\u00e4lldas sjukl\u00f6n under mars och april. F\u00f6rst i maj kommer de att kunna beg\u00e4ra kompensation fr\u00e5n F\u00f6rs\u00e4kringskassan. Detta \u00e4r en v\u00e4ldigt tuff jobspost f\u00f6r f\u00f6retagen n\u00e4r kassan snabbt sinar. Hur regeringen har t\u00e4nkt sig att detta ska fungera \u00e4r obegripligt, s\u00e4ger Andreas \u00c5str\u00f6m, n\u00e4ringspolitisk chef Almega.<\/p>\n\n\n\n<p>-Oron \u00e4r stor bland tj\u00e4nstef\u00f6retag \u00f6ver vad som ska h\u00e4nda i sommar om de kommer att tvingas b\u00f6rja betala sjukl\u00f6nekostnaden i juni, juli och augusti. Regeringen m\u00e5ste d\u00e4rf\u00f6r p\u00e5 ett tidigt stadium fatta beslut om att staten st\u00e5r f\u00f6r sjukl\u00f6nekostnaden \u00e4ven under sommarm\u00e5naderna, avslutar Andreas \u00c5str\u00f6m.<\/p>\n","protected":false},"excerpt":{"rendered":"<p>Nya siffror fr\u00e5n SCB visar att sjukfr\u00e5nvaron \u00f6kar kraftigt i Sverige. I mars 2020 var 98 000 fler personer sjukfr\u00e5nvarande fr\u00e5n jobbet j\u00e4mf\u00f6rt med mars 2019. Totalt \u00e4r nu sjukfr\u00e5nvaron uppe i 219 000 personer, vilket inneb\u00e4r en \u00f6kning med 81 procent. Detta sl\u00e5r h\u00e5rt mot f\u00f6retag som f\u00f6rutom fallande int\u00e4kter \u00e4ven fick kraftigt \u00f6kade sjukl\u00f6nekostnader. Staten har \u00f6vertagit betalningsansvaret f\u00f6r f\u00f6retagens sjukl\u00f6nekostnader under april och maj, men kostnaden f\u00f6r mars f\u00e5r f\u00f6retagen betala.<\/p>\n","protected":false},"author":14827,"featured_media":0,"comment_status":"closed","ping_status":"closed","sticky":false,"template":"","format":"standard","meta":{"_acf_changed":false,"footnotes":""},"categories":[451],"tags":[58],"article_type":[93],"agreement":[],"class_list":["post-29623","post","type-post","status-publish","format-standard","hentry","category-arbetsgivarfragor","tag-lon","type-pressmeddelanden"],"acf":[],"yoast_head":"<!-- This site is optimized with the Yoast SEO Premium plugin v26.8 (Yoast SEO v26.8) - https:\/\/yoast.com\/product\/yoast-seo-premium-wordpress\/ -->\n<title>Staten m\u00e5ste st\u00e5 f\u00f6r sjukl\u00f6nekostnaden i sommar | Almega<\/title>\n<meta name=\"robots\" content=\"index, follow, max-snippet:-1, max-image-preview:large, max-video-preview:-1\" \/>\n<link rel=\"canonical\" href=\"https:\/\/www.almega.se\/2020\/04\/staten-maste-sta-for-sjuklonekostnaden-i-sommar\/\" \/>\n<meta property=\"og:locale\" content=\"sv_SE\" \/>\n<meta property=\"og:type\" content=\"article\" \/>\n<meta property=\"og:title\" content=\"Staten m\u00e5ste st\u00e5 f\u00f6r sjukl\u00f6nekostnaden i sommar\" \/>\n<meta property=\"og:description\" content=\"Nya siffror fr\u00e5n SCB visar att sjukfr\u00e5nvaron \u00f6kar kraftigt i Sverige. I mars 2020 var 98 000 fler personer sjukfr\u00e5nvarande fr\u00e5n jobbet j\u00e4mf\u00f6rt med mars 2019. Totalt \u00e4r nu sjukfr\u00e5nvaron uppe i 219 000 personer, vilket inneb\u00e4r en \u00f6kning med 81 procent. Detta sl\u00e5r h\u00e5rt mot f\u00f6retag som f\u00f6rutom fallande int\u00e4kter \u00e4ven fick kraftigt \u00f6kade sjukl\u00f6nekostnader. Staten har \u00f6vertagit betalningsansvaret f\u00f6r f\u00f6retagens sjukl\u00f6nekostnader under april och maj, men kostnaden f\u00f6r mars f\u00e5r f\u00f6retagen betala.\" \/>\n<meta property=\"og:url\" content=\"https:\/\/www.almega.se\/2020\/04\/staten-maste-sta-for-sjuklonekostnaden-i-sommar\/\" \/>\n<meta property=\"og:site_name\" content=\"Almega\" \/>\n<meta property=\"article:published_time\" content=\"2020-04-21T08:15:18+00:00\" \/>\n<meta property=\"og:image\" content=\"https:\/\/www.almega.se\/app\/uploads\/2020\/12\/almega-share-logo.png\" \/>\n\t<meta property=\"og:image:width\" content=\"1200\" \/>\n\t<meta property=\"og:image:height\" content=\"630\" \/>\n\t<meta property=\"og:image:type\" content=\"image\/png\" \/>\n<meta name=\"author\" content=\"emmaf\" \/>\n<meta name=\"twitter:card\" content=\"summary_large_image\" \/>\n<meta name=\"twitter:label1\" content=\"Skriven av\" \/>\n\t<meta name=\"twitter:data1\" content=\"emmaf\" \/>\n\t<meta name=\"twitter:label2\" content=\"Ber\u00e4knad l\u00e4stid\" \/>\n\t<meta name=\"twitter:data2\" content=\"1 minut\" \/>\n<!-- \/ Yoast SEO Premium plugin. -->","yoast_head_json":{"title":"Staten m\u00e5ste st\u00e5 f\u00f6r sjukl\u00f6nekostnaden i sommar | Almega","robots":{"index":"index","follow":"follow","max-snippet":"max-snippet:-1","max-image-preview":"max-image-preview:large","max-video-preview":"max-video-preview:-1"},"canonical":"https:\/\/www.almega.se\/2020\/04\/staten-maste-sta-for-sjuklonekostnaden-i-sommar\/","og_locale":"sv_SE","og_type":"article","og_title":"Staten m\u00e5ste st\u00e5 f\u00f6r sjukl\u00f6nekostnaden i sommar","og_description":"Nya siffror fr\u00e5n SCB visar att sjukfr\u00e5nvaron \u00f6kar kraftigt i Sverige. I mars 2020 var 98 000 fler personer sjukfr\u00e5nvarande fr\u00e5n jobbet j\u00e4mf\u00f6rt med mars 2019. Totalt \u00e4r nu sjukfr\u00e5nvaron uppe i 219 000 personer, vilket inneb\u00e4r en \u00f6kning med 81 procent. Detta sl\u00e5r h\u00e5rt mot f\u00f6retag som f\u00f6rutom fallande int\u00e4kter \u00e4ven fick kraftigt \u00f6kade sjukl\u00f6nekostnader. Staten har \u00f6vertagit betalningsansvaret f\u00f6r f\u00f6retagens sjukl\u00f6nekostnader under april och maj, men kostnaden f\u00f6r mars f\u00e5r f\u00f6retagen betala.","og_url":"https:\/\/www.almega.se\/2020\/04\/staten-maste-sta-for-sjuklonekostnaden-i-sommar\/","og_site_name":"Almega","article_published_time":"2020-04-21T08:15:18+00:00","og_image":[{"width":1200,"height":630,"url":"https:\/\/www.almega.se\/app\/uploads\/2020\/12\/almega-share-logo.png","type":"image\/png"}],"author":"emmaf","twitter_card":"summary_large_image","twitter_misc":{"Skriven av":"emmaf","Ber\u00e4knad l\u00e4stid":"1 minut"},"schema":{"@context":"https:\/\/schema.org","@graph":[{"@type":"NewsArticle","@id":"https:\/\/www.almega.se\/2020\/04\/staten-maste-sta-for-sjuklonekostnaden-i-sommar\/#article","isPartOf":{"@id":"https:\/\/www.almega.se\/2020\/04\/staten-maste-sta-for-sjuklonekostnaden-i-sommar\/"},"author":{"name":"emmaf","@id":"https:\/\/www.almega.se\/#\/schema\/person\/7dcd85c42437215aafce170ec28e2fac"},"headline":"Staten m\u00e5ste st\u00e5 f\u00f6r sjukl\u00f6nekostnaden i sommar","datePublished":"2020-04-21T08:15:18+00:00","mainEntityOfPage":{"@id":"https:\/\/www.almega.se\/2020\/04\/staten-maste-sta-for-sjuklonekostnaden-i-sommar\/"},"wordCount":181,"keywords":["L\u00f6n"],"articleSection":["Arbetsgivarfr\u00e5gor"],"inLanguage":"sv-SE"},{"@type":"WebPage","@id":"https:\/\/www.almega.se\/2020\/04\/staten-maste-sta-for-sjuklonekostnaden-i-sommar\/","url":"https:\/\/www.almega.se\/2020\/04\/staten-maste-sta-for-sjuklonekostnaden-i-sommar\/","name":"Staten m\u00e5ste st\u00e5 f\u00f6r sjukl\u00f6nekostnaden i sommar | Almega","isPartOf":{"@id":"https:\/\/www.almega.se\/#website"},"datePublished":"2020-04-21T08:15:18+00:00","author":{"@id":"https:\/\/www.almega.se\/#\/schema\/person\/7dcd85c42437215aafce170ec28e2fac"},"breadcrumb":{"@id":"https:\/\/www.almega.se\/2020\/04\/staten-maste-sta-for-sjuklonekostnaden-i-sommar\/#breadcrumb"},"inLanguage":"sv-SE","potentialAction":[{"@type":"ReadAction","target":["https:\/\/www.almega.se\/2020\/04\/staten-maste-sta-for-sjuklonekostnaden-i-sommar\/"]}]},{"@type":"BreadcrumbList","@id":"https:\/\/www.almega.se\/2020\/04\/staten-maste-sta-for-sjuklonekostnaden-i-sommar\/#breadcrumb","itemListElement":[{"@type":"ListItem","position":1,"name":"Home","item":"https:\/\/www.almega.se\/"},{"@type":"ListItem","position":2,"name":"Staten m\u00e5ste st\u00e5 f\u00f6r sjukl\u00f6nekostnaden i sommar"}]},{"@type":"WebSite","@id":"https:\/\/www.almega.se\/#website","url":"https:\/\/www.almega.se\/","name":"Almega","description":"","potentialAction":[{"@type":"SearchAction","target":{"@type":"EntryPoint","urlTemplate":"https:\/\/www.almega.se\/?s={search_term_string}"},"query-input":{"@type":"PropertyValueSpecification","valueRequired":true,"valueName":"search_term_string"}}],"inLanguage":"sv-SE"},{"@type":"Person","@id":"https:\/\/www.almega.se\/#\/schema\/person\/7dcd85c42437215aafce170ec28e2fac","name":"emmaf","image":{"@type":"ImageObject","inLanguage":"sv-SE","@id":"https:\/\/www.almega.se\/#\/schema\/person\/image\/","url":"https:\/\/secure.gravatar.com\/avatar\/7d7de2d34f664967395b2486fe4409bcc5db61c29c5fe0dfca5e5be04df31c34?s=96&d=mm&r=g","contentUrl":"https:\/\/secure.gravatar.com\/avatar\/7d7de2d34f664967395b2486fe4409bcc5db61c29c5fe0dfca5e5be04df31c34?s=96&d=mm&r=g","caption":"emmaf"},"url":"https:\/\/www.almega.se\/person\/emmaf\/"}]}},"_links":{"self":[{"href":"https:\/\/www.almega.se\/api\/wp\/v2\/posts\/29623","targetHints":{"allow":["GET"]}}],"collection":[{"href":"https:\/\/www.almega.se\/api\/wp\/v2\/posts"}],"about":[{"href":"https:\/\/www.almega.se\/api\/wp\/v2\/types\/post"}],"author":[{"embeddable":true,"href":"https:\/\/www.almega.se\/api\/wp\/v2\/users\/14827"}],"replies":[{"embeddable":true,"href":"https:\/\/www.almega.se\/api\/wp\/v2\/comments?post=29623"}],"version-history":[{"count":5,"href":"https:\/\/www.almega.se\/api\/wp\/v2\/posts\/29623\/revisions"}],"predecessor-version":[{"id":54249,"href":"https:\/\/www.almega.se\/api\/wp\/v2\/posts\/29623\/revisions\/54249"}],"wp:attachment":[{"href":"https:\/\/www.almega.se\/api\/wp\/v2\/media?parent=29623"}],"wp:term":[{"taxonomy":"category","embeddable":true,"href":"https:\/\/www.almega.se\/api\/wp\/v2\/categories?post=29623"},{"taxonomy":"post_tag","embeddable":true,"href":"https:\/\/www.almega.se\/api\/wp\/v2\/tags?post=29623"},{"taxonomy":"type","embeddable":true,"href":"https:\/\/www.almega.se\/api\/wp\/v2\/article_type?post=29623"},{"taxonomy":"agreement","embeddable":true,"href":"https:\/\/www.almega.se\/api\/wp\/v2\/agreement?post=29623"}],"curies":[{"name":"wp","href":"https:\/\/api.w.org\/{rel}","templated":true}]}}