{"id":29579,"date":"2020-04-17T13:16:45","date_gmt":"2020-04-17T11:16:45","guid":{"rendered":"https:\/\/www.almega.se\/?p=29579"},"modified":"2020-04-17T13:16:45","modified_gmt":"2020-04-17T11:16:45","slug":"personal-fran-aleris-snabbutbildas-for-att-stotta-den-akuta-covid-19-varden-i-stockholm","status":"publish","type":"post","link":"https:\/\/www.almega.se\/2020\/04\/personal-fran-aleris-snabbutbildas-for-att-stotta-den-akuta-covid-19-varden-i-stockholm\/","title":{"rendered":"Personal fr\u00e5n Aleris snabbutbildas f\u00f6r att st\u00f6tta den akuta Covid-19-v\u00e5rden i Stockholm"},"content":{"rendered":"<p class=\"intro\">F\u00f6r att klara av det akuta l\u00e4ge i v\u00e5rden som uppst\u00e5tt p\u00e5 grund av Covid-19 har bland annat Region Stockholm ombett privata v\u00e5rdakt\u00f6rer att bist\u00e5 med v\u00e5rdpersonal f\u00f6r att underl\u00e4tta situationen. Aleris och Proliva har nu snabbutbildat 50 personer f\u00f6r att underl\u00e4tta situationen.<\/p>\n\n<p>I Region Stockholm har sjukv\u00e5rdsdirekt\u00f6ren Bj\u00f6rn Eriksson nu \u00e4ven gett privata v\u00e5rdgivare utanf\u00f6r sjukhusen i uppdrag att skjuta upp planerad v\u00e5rd. Syftet \u00e4r att personal inom v\u00e5rden ska frig\u00f6ras och att skyddsutrustning i f\u00f6rsta hand kan anv\u00e4ndas f\u00f6r akutv\u00e5rden.<\/p>\n\n\n\n<p>Aleris och Proliva utg\u00f6r tillsammans ett team p\u00e5 50 personer som snabbutbildats vid Karolinska universitetssjukhuset i Huddinge. Omst\u00e4llningen fr\u00e5n planerad till akutv\u00e5rd bidrar till bemanningen av all nyskapad intensivv\u00e5rd i Region Stockholm. Exempel p\u00e5 personal fr\u00e5n Aleris och Proliva som g\u00e5r in och st\u00f6ttar den akuta Covid-19-v\u00e5rden \u00e4r anestesil\u00e4kare, anestesisjuksk\u00f6terskor, intensivv\u00e5rdssjuksk\u00f6terskor och operationssk\u00f6terskor.<\/p>\n\n\n\n<p>-Vi och v\u00e5ra medarbetare har st\u00e5tt beredda att trycka p\u00e5 knappen och mobilisera sedan allvaret i situationen blev uppenbart. Och nu h\u00e4nder det. Vi \u00e4r enormt stolta \u00f6ver alla v\u00e5ra medarbetare som nu g\u00e5r in och g\u00f6r en stor insats, vi vet att detta kommer att bli tufft. Men nu handlar det om att r\u00e4dda liv, s\u00e4ger Aleris chefl\u00e4kare Bo Wihlborg.<\/p>\n\n\n\n<p>Det \u00e4r den icke-akuta operationsverksamheten i Region Stockholm som ber\u00f6rs av omst\u00e4llningen och i \u00f6vriga delar av landet fortg\u00e5r verksamheten som vanligt.<\/p>\n","protected":false},"excerpt":{"rendered":"<p>I Region Stockholm har sjukv\u00e5rdsdirekt\u00f6ren Bj\u00f6rn Eriksson nu \u00e4ven gett privata v\u00e5rdgivare utanf\u00f6r sjukhusen i uppdrag att skjuta upp planerad v\u00e5rd. Syftet \u00e4r att personal inom v\u00e5rden ska frig\u00f6ras och att skyddsutrustning i f\u00f6rsta hand &hellip;<\/p>\n","protected":false},"author":4371,"featured_media":29580,"comment_status":"closed","ping_status":"closed","sticky":false,"template":"","format":"standard","meta":{"_acf_changed":false,"footnotes":""},"categories":[603,46],"tags":[486,548,62],"article_type":[56],"agreement":[],"class_list":["post-29579","post","type-post","status-publish","format-standard","has-post-thumbnail","hentry","category-almega","category-valfard","tag-covid-19","tag-medlemsroster","tag-vard-och-omsorg","type-nyheter"],"acf":[],"yoast_head":"<!-- This site is optimized with the Yoast SEO Premium plugin v26.8 (Yoast SEO v26.8) - https:\/\/yoast.com\/product\/yoast-seo-premium-wordpress\/ -->\n<title>Personal fr\u00e5n Aleris snabbutbildas f\u00f6r att st\u00f6tta den akuta Covid-19-v\u00e5rden i Stockholm | Almega<\/title>\n<meta name=\"robots\" content=\"index, follow, max-snippet:-1, max-image-preview:large, max-video-preview:-1\" \/>\n<link rel=\"canonical\" href=\"https:\/\/www.almega.se\/2020\/04\/personal-fran-aleris-snabbutbildas-for-att-stotta-den-akuta-covid-19-varden-i-stockholm\/\" \/>\n<meta property=\"og:locale\" content=\"sv_SE\" \/>\n<meta property=\"og:type\" content=\"article\" \/>\n<meta property=\"og:title\" content=\"Personal fr\u00e5n Aleris snabbutbildas f\u00f6r att st\u00f6tta den akuta Covid-19-v\u00e5rden i Stockholm\" \/>\n<meta property=\"og:description\" content=\"I Region Stockholm har sjukv\u00e5rdsdirekt\u00f6ren Bj\u00f6rn Eriksson nu \u00e4ven gett privata v\u00e5rdgivare utanf\u00f6r sjukhusen i uppdrag att skjuta upp planerad v\u00e5rd. Syftet \u00e4r att personal inom v\u00e5rden ska frig\u00f6ras och att skyddsutrustning i f\u00f6rsta hand &hellip;\" \/>\n<meta property=\"og:url\" content=\"https:\/\/www.almega.se\/2020\/04\/personal-fran-aleris-snabbutbildas-for-att-stotta-den-akuta-covid-19-varden-i-stockholm\/\" \/>\n<meta property=\"og:site_name\" content=\"Almega\" \/>\n<meta property=\"article:published_time\" content=\"2020-04-17T11:16:45+00:00\" \/>\n<meta property=\"og:image\" content=\"https:\/\/www.almega.se\/app\/uploads\/2020\/04\/foretagen-i-kris_1000x600-2.png\" \/>\n\t<meta property=\"og:image:width\" content=\"1000\" \/>\n\t<meta property=\"og:image:height\" content=\"600\" \/>\n\t<meta property=\"og:image:type\" content=\"image\/png\" \/>\n<meta name=\"author\" content=\"Katarina Ahlsen\" \/>\n<meta name=\"twitter:card\" content=\"summary_large_image\" \/>\n<meta name=\"twitter:label1\" content=\"Skriven av\" \/>\n\t<meta name=\"twitter:data1\" content=\"Katarina Ahlsen\" \/>\n\t<meta name=\"twitter:label2\" content=\"Ber\u00e4knad l\u00e4stid\" \/>\n\t<meta name=\"twitter:data2\" content=\"1 minut\" \/>\n<!-- \/ Yoast SEO Premium plugin. -->","yoast_head_json":{"title":"Personal fr\u00e5n Aleris snabbutbildas f\u00f6r att st\u00f6tta den akuta Covid-19-v\u00e5rden i Stockholm | Almega","robots":{"index":"index","follow":"follow","max-snippet":"max-snippet:-1","max-image-preview":"max-image-preview:large","max-video-preview":"max-video-preview:-1"},"canonical":"https:\/\/www.almega.se\/2020\/04\/personal-fran-aleris-snabbutbildas-for-att-stotta-den-akuta-covid-19-varden-i-stockholm\/","og_locale":"sv_SE","og_type":"article","og_title":"Personal fr\u00e5n Aleris snabbutbildas f\u00f6r att st\u00f6tta den akuta Covid-19-v\u00e5rden i Stockholm","og_description":"I Region Stockholm har sjukv\u00e5rdsdirekt\u00f6ren Bj\u00f6rn Eriksson nu \u00e4ven gett privata v\u00e5rdgivare utanf\u00f6r sjukhusen i uppdrag att skjuta upp planerad v\u00e5rd. Syftet \u00e4r att personal inom v\u00e5rden ska frig\u00f6ras och att skyddsutrustning i f\u00f6rsta hand &hellip;","og_url":"https:\/\/www.almega.se\/2020\/04\/personal-fran-aleris-snabbutbildas-for-att-stotta-den-akuta-covid-19-varden-i-stockholm\/","og_site_name":"Almega","article_published_time":"2020-04-17T11:16:45+00:00","og_image":[{"width":1000,"height":600,"url":"https:\/\/www.almega.se\/app\/uploads\/2020\/04\/foretagen-i-kris_1000x600-2.png","type":"image\/png"}],"author":"Katarina Ahlsen","twitter_card":"summary_large_image","twitter_misc":{"Skriven av":"Katarina Ahlsen","Ber\u00e4knad l\u00e4stid":"1 minut"},"schema":{"@context":"https:\/\/schema.org","@graph":[{"@type":"NewsArticle","@id":"https:\/\/www.almega.se\/2020\/04\/personal-fran-aleris-snabbutbildas-for-att-stotta-den-akuta-covid-19-varden-i-stockholm\/#article","isPartOf":{"@id":"https:\/\/www.almega.se\/2020\/04\/personal-fran-aleris-snabbutbildas-for-att-stotta-den-akuta-covid-19-varden-i-stockholm\/"},"author":{"name":"Katarina Ahlsen","@id":"https:\/\/www.almega.se\/#\/schema\/person\/21bb090beed442a47a2cf1e64374f091"},"headline":"Personal fr\u00e5n Aleris snabbutbildas f\u00f6r att st\u00f6tta den akuta Covid-19-v\u00e5rden i Stockholm","datePublished":"2020-04-17T11:16:45+00:00","mainEntityOfPage":{"@id":"https:\/\/www.almega.se\/2020\/04\/personal-fran-aleris-snabbutbildas-for-att-stotta-den-akuta-covid-19-varden-i-stockholm\/"},"wordCount":230,"image":{"@id":"https:\/\/www.almega.se\/2020\/04\/personal-fran-aleris-snabbutbildas-for-att-stotta-den-akuta-covid-19-varden-i-stockholm\/#primaryimage"},"thumbnailUrl":"https:\/\/www.almega.se\/app\/uploads\/2020\/04\/foretagen-i-kris_1000x600-2.png","keywords":["covid -19","Medlemsr\u00f6ster","V\u00e5rd och omsorg"],"articleSection":["Almega","V\u00e4lf\u00e4rd"],"inLanguage":"sv-SE"},{"@type":"WebPage","@id":"https:\/\/www.almega.se\/2020\/04\/personal-fran-aleris-snabbutbildas-for-att-stotta-den-akuta-covid-19-varden-i-stockholm\/","url":"https:\/\/www.almega.se\/2020\/04\/personal-fran-aleris-snabbutbildas-for-att-stotta-den-akuta-covid-19-varden-i-stockholm\/","name":"Personal fr\u00e5n Aleris snabbutbildas f\u00f6r att st\u00f6tta den akuta Covid-19-v\u00e5rden i Stockholm | Almega","isPartOf":{"@id":"https:\/\/www.almega.se\/#website"},"primaryImageOfPage":{"@id":"https:\/\/www.almega.se\/2020\/04\/personal-fran-aleris-snabbutbildas-for-att-stotta-den-akuta-covid-19-varden-i-stockholm\/#primaryimage"},"image":{"@id":"https:\/\/www.almega.se\/2020\/04\/personal-fran-aleris-snabbutbildas-for-att-stotta-den-akuta-covid-19-varden-i-stockholm\/#primaryimage"},"thumbnailUrl":"https:\/\/www.almega.se\/app\/uploads\/2020\/04\/foretagen-i-kris_1000x600-2.png","datePublished":"2020-04-17T11:16:45+00:00","author":{"@id":"https:\/\/www.almega.se\/#\/schema\/person\/21bb090beed442a47a2cf1e64374f091"},"breadcrumb":{"@id":"https:\/\/www.almega.se\/2020\/04\/personal-fran-aleris-snabbutbildas-for-att-stotta-den-akuta-covid-19-varden-i-stockholm\/#breadcrumb"},"inLanguage":"sv-SE","potentialAction":[{"@type":"ReadAction","target":["https:\/\/www.almega.se\/2020\/04\/personal-fran-aleris-snabbutbildas-for-att-stotta-den-akuta-covid-19-varden-i-stockholm\/"]}]},{"@type":"ImageObject","inLanguage":"sv-SE","@id":"https:\/\/www.almega.se\/2020\/04\/personal-fran-aleris-snabbutbildas-for-att-stotta-den-akuta-covid-19-varden-i-stockholm\/#primaryimage","url":"https:\/\/www.almega.se\/app\/uploads\/2020\/04\/foretagen-i-kris_1000x600-2.png","contentUrl":"https:\/\/www.almega.se\/app\/uploads\/2020\/04\/foretagen-i-kris_1000x600-2.png","width":1000,"height":600},{"@type":"BreadcrumbList","@id":"https:\/\/www.almega.se\/2020\/04\/personal-fran-aleris-snabbutbildas-for-att-stotta-den-akuta-covid-19-varden-i-stockholm\/#breadcrumb","itemListElement":[{"@type":"ListItem","position":1,"name":"Home","item":"https:\/\/www.almega.se\/"},{"@type":"ListItem","position":2,"name":"Personal fr\u00e5n Aleris snabbutbildas f\u00f6r att st\u00f6tta den akuta Covid-19-v\u00e5rden i Stockholm"}]},{"@type":"WebSite","@id":"https:\/\/www.almega.se\/#website","url":"https:\/\/www.almega.se\/","name":"Almega","description":"","potentialAction":[{"@type":"SearchAction","target":{"@type":"EntryPoint","urlTemplate":"https:\/\/www.almega.se\/?s={search_term_string}"},"query-input":{"@type":"PropertyValueSpecification","valueRequired":true,"valueName":"search_term_string"}}],"inLanguage":"sv-SE"},{"@type":"Person","@id":"https:\/\/www.almega.se\/#\/schema\/person\/21bb090beed442a47a2cf1e64374f091","name":"Katarina Ahlsen","image":{"@type":"ImageObject","inLanguage":"sv-SE","@id":"https:\/\/www.almega.se\/#\/schema\/person\/image\/","url":"https:\/\/secure.gravatar.com\/avatar\/08acb5974fe161bc44fe8e62ec32e85c446ac625c171f9a7eb9f4941b883d3d9?s=96&d=mm&r=g","contentUrl":"https:\/\/secure.gravatar.com\/avatar\/08acb5974fe161bc44fe8e62ec32e85c446ac625c171f9a7eb9f4941b883d3d9?s=96&d=mm&r=g","caption":"Katarina Ahlsen"},"url":"https:\/\/www.almega.se\/person\/katarinaahlsen\/"}]}},"_links":{"self":[{"href":"https:\/\/www.almega.se\/api\/wp\/v2\/posts\/29579","targetHints":{"allow":["GET"]}}],"collection":[{"href":"https:\/\/www.almega.se\/api\/wp\/v2\/posts"}],"about":[{"href":"https:\/\/www.almega.se\/api\/wp\/v2\/types\/post"}],"author":[{"embeddable":true,"href":"https:\/\/www.almega.se\/api\/wp\/v2\/users\/4371"}],"replies":[{"embeddable":true,"href":"https:\/\/www.almega.se\/api\/wp\/v2\/comments?post=29579"}],"version-history":[{"count":3,"href":"https:\/\/www.almega.se\/api\/wp\/v2\/posts\/29579\/revisions"}],"predecessor-version":[{"id":53078,"href":"https:\/\/www.almega.se\/api\/wp\/v2\/posts\/29579\/revisions\/53078"}],"wp:featuredmedia":[{"embeddable":true,"href":"https:\/\/www.almega.se\/api\/wp\/v2\/media\/29580"}],"wp:attachment":[{"href":"https:\/\/www.almega.se\/api\/wp\/v2\/media?parent=29579"}],"wp:term":[{"taxonomy":"category","embeddable":true,"href":"https:\/\/www.almega.se\/api\/wp\/v2\/categories?post=29579"},{"taxonomy":"post_tag","embeddable":true,"href":"https:\/\/www.almega.se\/api\/wp\/v2\/tags?post=29579"},{"taxonomy":"type","embeddable":true,"href":"https:\/\/www.almega.se\/api\/wp\/v2\/article_type?post=29579"},{"taxonomy":"agreement","embeddable":true,"href":"https:\/\/www.almega.se\/api\/wp\/v2\/agreement?post=29579"}],"curies":[{"name":"wp","href":"https:\/\/api.w.org\/{rel}","templated":true}]}}