{"id":29381,"date":"2020-04-15T13:28:27","date_gmt":"2020-04-15T11:28:27","guid":{"rendered":"https:\/\/www.almega.se\/2020\/04\/almegas-kommentar-till-regeringens-varandringsbudget\/"},"modified":"2020-04-15T13:28:27","modified_gmt":"2020-04-15T11:28:27","slug":"almegas-kommentar-till-regeringens-varandringsbudget","status":"publish","type":"post","link":"https:\/\/www.almega.se\/2020\/04\/almegas-kommentar-till-regeringens-varandringsbudget\/","title":{"rendered":"Almegas kommentar till regeringens v\u00e5r\u00e4ndringsbudget"},"content":{"rendered":"<p class=\"intro\">Almega kommenterar regeringens v\u00e5r\u00e4ndringsbudget, som finansminister Magdalena Andersson presenterade onsdag den 15 april.<\/p>\n\n<p>&#8211; Regeringens nya prognos f\u00f6r BNP och arbetsl\u00f6sheten i dagens v\u00e5rproposition visar tydligt hur djup krisen \u00e4r och att den kan bli l\u00e5ngvarig om den inte lindras nu, s\u00e4ger Patrick Joyce, chefekonom p\u00e5 tj\u00e4nstef\u00f6retagens arbetsgivarorganisation Almega.<\/p>\n\n\n\n<p>&#8211; Det mest oroande \u00e4r att skr\u00e4ckscenariet i prognosen &#8211; ett fall i BNP p\u00e5 10 procent och 700&nbsp;000 arbetsl\u00f6sa i \u00e5r \u2013 \u00e4r l\u00e5ngtifr\u00e5n ot\u00e4nkbart om nedst\u00e4ngningen av samh\u00e4llet blir l\u00e5ngvarig. Regeringen m\u00e5ste d\u00e4rf\u00f6r v\u00e5ga satsa mer pengar nu f\u00f6r att r\u00e4dda f\u00f6retag och jobb. Det beh\u00f6vs en st\u00f6rre s\u00e4nkning av arbetsgivaravgifterna \u00e4n vad regeringen f\u00f6reslagit och f\u00f6retag som helt saknar int\u00e4kter m\u00e5ste kunna korttidspermittera personal p\u00e5 100 procent,&nbsp;menar Patrick Joyce.<\/p>\n","protected":false},"excerpt":{"rendered":"<p>Almega kommenterar regeringens v\u00e5r\u00e4ndringsbudget, som finansminister Magdalena Andersson presenterade onsdag den 15 april.<\/p>\n","protected":false},"author":14827,"featured_media":0,"comment_status":"closed","ping_status":"closed","sticky":false,"template":"","format":"standard","meta":{"_acf_changed":false,"footnotes":""},"categories":[64,57],"tags":[422,65,488],"article_type":[93],"agreement":[],"class_list":["post-29381","post","type-post","status-publish","format-standard","hentry","category-arbetsmarknad","category-skatter","tag-arbetsgivaravgift","tag-arbetsloshet","tag-korttidspermittering","type-pressmeddelanden"],"acf":[],"yoast_head":"<!-- This site is optimized with the Yoast SEO Premium plugin v26.8 (Yoast SEO v26.8) - https:\/\/yoast.com\/product\/yoast-seo-premium-wordpress\/ -->\n<title>Almegas kommentar till regeringens v\u00e5r\u00e4ndringsbudget | Almega<\/title>\n<meta name=\"robots\" content=\"index, follow, max-snippet:-1, max-image-preview:large, max-video-preview:-1\" \/>\n<link rel=\"canonical\" href=\"https:\/\/www.almega.se\/2020\/04\/almegas-kommentar-till-regeringens-varandringsbudget\/\" \/>\n<meta property=\"og:locale\" content=\"sv_SE\" \/>\n<meta property=\"og:type\" content=\"article\" \/>\n<meta property=\"og:title\" content=\"Almegas kommentar till regeringens v\u00e5r\u00e4ndringsbudget\" \/>\n<meta property=\"og:description\" content=\"Almega kommenterar regeringens v\u00e5r\u00e4ndringsbudget, som finansminister Magdalena Andersson presenterade onsdag den 15 april.\" \/>\n<meta property=\"og:url\" content=\"https:\/\/www.almega.se\/2020\/04\/almegas-kommentar-till-regeringens-varandringsbudget\/\" \/>\n<meta property=\"og:site_name\" content=\"Almega\" \/>\n<meta property=\"article:published_time\" content=\"2020-04-15T11:28:27+00:00\" \/>\n<meta property=\"og:image\" content=\"https:\/\/www.almega.se\/app\/uploads\/2020\/12\/almega-share-logo.png\" \/>\n\t<meta property=\"og:image:width\" content=\"1200\" \/>\n\t<meta property=\"og:image:height\" content=\"630\" \/>\n\t<meta property=\"og:image:type\" content=\"image\/png\" \/>\n<meta name=\"author\" content=\"emmaf\" \/>\n<meta name=\"twitter:card\" content=\"summary_large_image\" \/>\n<meta name=\"twitter:label1\" content=\"Skriven av\" \/>\n\t<meta name=\"twitter:data1\" content=\"emmaf\" \/>\n\t<meta name=\"twitter:label2\" content=\"Ber\u00e4knad l\u00e4stid\" \/>\n\t<meta name=\"twitter:data2\" content=\"1 minut\" \/>\n<!-- \/ Yoast SEO Premium plugin. -->","yoast_head_json":{"title":"Almegas kommentar till regeringens v\u00e5r\u00e4ndringsbudget | Almega","robots":{"index":"index","follow":"follow","max-snippet":"max-snippet:-1","max-image-preview":"max-image-preview:large","max-video-preview":"max-video-preview:-1"},"canonical":"https:\/\/www.almega.se\/2020\/04\/almegas-kommentar-till-regeringens-varandringsbudget\/","og_locale":"sv_SE","og_type":"article","og_title":"Almegas kommentar till regeringens v\u00e5r\u00e4ndringsbudget","og_description":"Almega kommenterar regeringens v\u00e5r\u00e4ndringsbudget, som finansminister Magdalena Andersson presenterade onsdag den 15 april.","og_url":"https:\/\/www.almega.se\/2020\/04\/almegas-kommentar-till-regeringens-varandringsbudget\/","og_site_name":"Almega","article_published_time":"2020-04-15T11:28:27+00:00","og_image":[{"width":1200,"height":630,"url":"https:\/\/www.almega.se\/app\/uploads\/2020\/12\/almega-share-logo.png","type":"image\/png"}],"author":"emmaf","twitter_card":"summary_large_image","twitter_misc":{"Skriven av":"emmaf","Ber\u00e4knad l\u00e4stid":"1 minut"},"schema":{"@context":"https:\/\/schema.org","@graph":[{"@type":"NewsArticle","@id":"https:\/\/www.almega.se\/2020\/04\/almegas-kommentar-till-regeringens-varandringsbudget\/#article","isPartOf":{"@id":"https:\/\/www.almega.se\/2020\/04\/almegas-kommentar-till-regeringens-varandringsbudget\/"},"author":{"name":"emmaf","@id":"https:\/\/www.almega.se\/#\/schema\/person\/7dcd85c42437215aafce170ec28e2fac"},"headline":"Almegas kommentar till regeringens v\u00e5r\u00e4ndringsbudget","datePublished":"2020-04-15T11:28:27+00:00","mainEntityOfPage":{"@id":"https:\/\/www.almega.se\/2020\/04\/almegas-kommentar-till-regeringens-varandringsbudget\/"},"wordCount":143,"keywords":["Arbetsgivaravgift","Arbetsl\u00f6shet","Korttidspermittering"],"articleSection":["Arbetsmarknad","Skatter"],"inLanguage":"sv-SE"},{"@type":"WebPage","@id":"https:\/\/www.almega.se\/2020\/04\/almegas-kommentar-till-regeringens-varandringsbudget\/","url":"https:\/\/www.almega.se\/2020\/04\/almegas-kommentar-till-regeringens-varandringsbudget\/","name":"Almegas kommentar till regeringens v\u00e5r\u00e4ndringsbudget | Almega","isPartOf":{"@id":"https:\/\/www.almega.se\/#website"},"datePublished":"2020-04-15T11:28:27+00:00","author":{"@id":"https:\/\/www.almega.se\/#\/schema\/person\/7dcd85c42437215aafce170ec28e2fac"},"breadcrumb":{"@id":"https:\/\/www.almega.se\/2020\/04\/almegas-kommentar-till-regeringens-varandringsbudget\/#breadcrumb"},"inLanguage":"sv-SE","potentialAction":[{"@type":"ReadAction","target":["https:\/\/www.almega.se\/2020\/04\/almegas-kommentar-till-regeringens-varandringsbudget\/"]}]},{"@type":"BreadcrumbList","@id":"https:\/\/www.almega.se\/2020\/04\/almegas-kommentar-till-regeringens-varandringsbudget\/#breadcrumb","itemListElement":[{"@type":"ListItem","position":1,"name":"Home","item":"https:\/\/www.almega.se\/"},{"@type":"ListItem","position":2,"name":"Almegas kommentar till regeringens v\u00e5r\u00e4ndringsbudget"}]},{"@type":"WebSite","@id":"https:\/\/www.almega.se\/#website","url":"https:\/\/www.almega.se\/","name":"Almega","description":"","potentialAction":[{"@type":"SearchAction","target":{"@type":"EntryPoint","urlTemplate":"https:\/\/www.almega.se\/?s={search_term_string}"},"query-input":{"@type":"PropertyValueSpecification","valueRequired":true,"valueName":"search_term_string"}}],"inLanguage":"sv-SE"},{"@type":"Person","@id":"https:\/\/www.almega.se\/#\/schema\/person\/7dcd85c42437215aafce170ec28e2fac","name":"emmaf","image":{"@type":"ImageObject","inLanguage":"sv-SE","@id":"https:\/\/www.almega.se\/#\/schema\/person\/image\/","url":"https:\/\/secure.gravatar.com\/avatar\/7d7de2d34f664967395b2486fe4409bcc5db61c29c5fe0dfca5e5be04df31c34?s=96&d=mm&r=g","contentUrl":"https:\/\/secure.gravatar.com\/avatar\/7d7de2d34f664967395b2486fe4409bcc5db61c29c5fe0dfca5e5be04df31c34?s=96&d=mm&r=g","caption":"emmaf"},"url":"https:\/\/www.almega.se\/person\/emmaf\/"}]}},"_links":{"self":[{"href":"https:\/\/www.almega.se\/api\/wp\/v2\/posts\/29381","targetHints":{"allow":["GET"]}}],"collection":[{"href":"https:\/\/www.almega.se\/api\/wp\/v2\/posts"}],"about":[{"href":"https:\/\/www.almega.se\/api\/wp\/v2\/types\/post"}],"author":[{"embeddable":true,"href":"https:\/\/www.almega.se\/api\/wp\/v2\/users\/14827"}],"replies":[{"embeddable":true,"href":"https:\/\/www.almega.se\/api\/wp\/v2\/comments?post=29381"}],"version-history":[{"count":2,"href":"https:\/\/www.almega.se\/api\/wp\/v2\/posts\/29381\/revisions"}],"predecessor-version":[{"id":53065,"href":"https:\/\/www.almega.se\/api\/wp\/v2\/posts\/29381\/revisions\/53065"}],"wp:attachment":[{"href":"https:\/\/www.almega.se\/api\/wp\/v2\/media?parent=29381"}],"wp:term":[{"taxonomy":"category","embeddable":true,"href":"https:\/\/www.almega.se\/api\/wp\/v2\/categories?post=29381"},{"taxonomy":"post_tag","embeddable":true,"href":"https:\/\/www.almega.se\/api\/wp\/v2\/tags?post=29381"},{"taxonomy":"type","embeddable":true,"href":"https:\/\/www.almega.se\/api\/wp\/v2\/article_type?post=29381"},{"taxonomy":"agreement","embeddable":true,"href":"https:\/\/www.almega.se\/api\/wp\/v2\/agreement?post=29381"}],"curies":[{"name":"wp","href":"https:\/\/api.w.org\/{rel}","templated":true}]}}