{"id":29178,"date":"2020-03-30T17:05:41","date_gmt":"2020-03-30T15:05:41","guid":{"rendered":"https:\/\/www.almega.se\/2020\/03\/bra-besked-fran-regeringen\/"},"modified":"2020-03-30T17:05:41","modified_gmt":"2020-03-30T15:05:41","slug":"bra-besked-fran-regeringen","status":"publish","type":"post","link":"https:\/\/www.almega.se\/2020\/03\/bra-besked-fran-regeringen\/","title":{"rendered":"Bra besked fr\u00e5n regeringen"},"content":{"rendered":"<p class=\"intro\">Almega v\u00e4lkomnar regeringens f\u00f6rslag p\u00e5 \u00e5tg\u00e4rder f\u00f6r jobb och omst\u00e4llning som de kommit \u00f6verens om med samarbetspartierna.<\/p>\n\n<p>&#8211; Det \u00e4r bra att fler unga och of\u00f6rs\u00e4krade f\u00e5r en tryggare vardag n\u00e4r de drabbas av arbetsl\u00f6shet. Fler utbildningsplatser p\u00e5 h\u00f6gskolan, yrkesh\u00f6gskolan och p\u00e5 komvux \u00e4r r\u00e4tt \u00e5tg\u00e4rder f\u00f6r att m\u00f6ta coronakrisen, s\u00e4ger Andreas \u00c5str\u00f6m, n\u00e4ringspolitisk chef Almega.<\/p>\n\n\n\n<p>&#8211; Arbetsmarknadsutbildningarna m\u00e5ste ocks\u00e5 prioriteras s\u00e5 att vi snabbt kan f\u00e5 ut arbetsl\u00f6sa i bristyrken inom exempelvis v\u00e5rd och omsorg. Vi hade dock helst sett en \u00e4nnu st\u00f6rre satsning p\u00e5 den aktiva arbetsmarknadspolitiken d\u00e4r frist\u00e5ende jobb- och utbildningsf\u00f6rmedlare \u00e4r centrala, avslutar Andreas \u00c5str\u00f6m.<\/p>\n","protected":false},"excerpt":{"rendered":"<p>Almega v\u00e4lkomnar regeringens f\u00f6rslag p\u00e5 \u00e5tg\u00e4rder f\u00f6r jobb och omst\u00e4llning som de kommit \u00f6verens om med samarbetspartierna.<\/p>\n","protected":false},"author":14827,"featured_media":0,"comment_status":"closed","ping_status":"closed","sticky":false,"template":"","format":"standard","meta":{"_acf_changed":false,"footnotes":""},"categories":[451,64],"tags":[65,67],"article_type":[93],"agreement":[],"class_list":["post-29178","post","type-post","status-publish","format-standard","hentry","category-arbetsgivarfragor","category-arbetsmarknad","tag-arbetsloshet","tag-utbildning-och-kompetens","type-pressmeddelanden"],"acf":[],"yoast_head":"<!-- This site is optimized with the Yoast SEO Premium plugin v26.8 (Yoast SEO v26.8) - https:\/\/yoast.com\/product\/yoast-seo-premium-wordpress\/ -->\n<title>Bra besked fr\u00e5n regeringen | Almega<\/title>\n<meta name=\"robots\" content=\"index, follow, max-snippet:-1, max-image-preview:large, max-video-preview:-1\" \/>\n<link rel=\"canonical\" href=\"https:\/\/www.almega.se\/2020\/03\/bra-besked-fran-regeringen\/\" \/>\n<meta property=\"og:locale\" content=\"sv_SE\" \/>\n<meta property=\"og:type\" content=\"article\" \/>\n<meta property=\"og:title\" content=\"Bra besked fr\u00e5n regeringen\" \/>\n<meta property=\"og:description\" content=\"Almega v\u00e4lkomnar regeringens f\u00f6rslag p\u00e5 \u00e5tg\u00e4rder f\u00f6r jobb och omst\u00e4llning som de kommit \u00f6verens om med samarbetspartierna.\" \/>\n<meta property=\"og:url\" content=\"https:\/\/www.almega.se\/2020\/03\/bra-besked-fran-regeringen\/\" \/>\n<meta property=\"og:site_name\" content=\"Almega\" \/>\n<meta property=\"article:published_time\" content=\"2020-03-30T15:05:41+00:00\" \/>\n<meta property=\"og:image\" content=\"https:\/\/www.almega.se\/app\/uploads\/2020\/12\/almega-share-logo.png\" \/>\n\t<meta property=\"og:image:width\" content=\"1200\" \/>\n\t<meta property=\"og:image:height\" content=\"630\" \/>\n\t<meta property=\"og:image:type\" content=\"image\/png\" \/>\n<meta name=\"author\" content=\"emmaf\" \/>\n<meta name=\"twitter:card\" content=\"summary_large_image\" \/>\n<meta name=\"twitter:label1\" content=\"Skriven av\" \/>\n\t<meta name=\"twitter:data1\" content=\"emmaf\" \/>\n\t<meta name=\"twitter:label2\" content=\"Ber\u00e4knad l\u00e4stid\" \/>\n\t<meta name=\"twitter:data2\" content=\"1 minut\" \/>\n<!-- \/ Yoast SEO Premium plugin. -->","yoast_head_json":{"title":"Bra besked fr\u00e5n regeringen | Almega","robots":{"index":"index","follow":"follow","max-snippet":"max-snippet:-1","max-image-preview":"max-image-preview:large","max-video-preview":"max-video-preview:-1"},"canonical":"https:\/\/www.almega.se\/2020\/03\/bra-besked-fran-regeringen\/","og_locale":"sv_SE","og_type":"article","og_title":"Bra besked fr\u00e5n regeringen","og_description":"Almega v\u00e4lkomnar regeringens f\u00f6rslag p\u00e5 \u00e5tg\u00e4rder f\u00f6r jobb och omst\u00e4llning som de kommit \u00f6verens om med samarbetspartierna.","og_url":"https:\/\/www.almega.se\/2020\/03\/bra-besked-fran-regeringen\/","og_site_name":"Almega","article_published_time":"2020-03-30T15:05:41+00:00","og_image":[{"width":1200,"height":630,"url":"https:\/\/www.almega.se\/app\/uploads\/2020\/12\/almega-share-logo.png","type":"image\/png"}],"author":"emmaf","twitter_card":"summary_large_image","twitter_misc":{"Skriven av":"emmaf","Ber\u00e4knad l\u00e4stid":"1 minut"},"schema":{"@context":"https:\/\/schema.org","@graph":[{"@type":"NewsArticle","@id":"https:\/\/www.almega.se\/2020\/03\/bra-besked-fran-regeringen\/#article","isPartOf":{"@id":"https:\/\/www.almega.se\/2020\/03\/bra-besked-fran-regeringen\/"},"author":{"name":"emmaf","@id":"https:\/\/www.almega.se\/#\/schema\/person\/7dcd85c42437215aafce170ec28e2fac"},"headline":"Bra besked fr\u00e5n regeringen","datePublished":"2020-03-30T15:05:41+00:00","mainEntityOfPage":{"@id":"https:\/\/www.almega.se\/2020\/03\/bra-besked-fran-regeringen\/"},"wordCount":109,"keywords":["Arbetsl\u00f6shet","Utbildning och kompetens"],"articleSection":["Arbetsgivarfr\u00e5gor","Arbetsmarknad"],"inLanguage":"sv-SE"},{"@type":"WebPage","@id":"https:\/\/www.almega.se\/2020\/03\/bra-besked-fran-regeringen\/","url":"https:\/\/www.almega.se\/2020\/03\/bra-besked-fran-regeringen\/","name":"Bra besked fr\u00e5n regeringen | Almega","isPartOf":{"@id":"https:\/\/www.almega.se\/#website"},"datePublished":"2020-03-30T15:05:41+00:00","author":{"@id":"https:\/\/www.almega.se\/#\/schema\/person\/7dcd85c42437215aafce170ec28e2fac"},"breadcrumb":{"@id":"https:\/\/www.almega.se\/2020\/03\/bra-besked-fran-regeringen\/#breadcrumb"},"inLanguage":"sv-SE","potentialAction":[{"@type":"ReadAction","target":["https:\/\/www.almega.se\/2020\/03\/bra-besked-fran-regeringen\/"]}]},{"@type":"BreadcrumbList","@id":"https:\/\/www.almega.se\/2020\/03\/bra-besked-fran-regeringen\/#breadcrumb","itemListElement":[{"@type":"ListItem","position":1,"name":"Home","item":"https:\/\/www.almega.se\/"},{"@type":"ListItem","position":2,"name":"Bra besked fr\u00e5n regeringen"}]},{"@type":"WebSite","@id":"https:\/\/www.almega.se\/#website","url":"https:\/\/www.almega.se\/","name":"Almega","description":"","potentialAction":[{"@type":"SearchAction","target":{"@type":"EntryPoint","urlTemplate":"https:\/\/www.almega.se\/?s={search_term_string}"},"query-input":{"@type":"PropertyValueSpecification","valueRequired":true,"valueName":"search_term_string"}}],"inLanguage":"sv-SE"},{"@type":"Person","@id":"https:\/\/www.almega.se\/#\/schema\/person\/7dcd85c42437215aafce170ec28e2fac","name":"emmaf","image":{"@type":"ImageObject","inLanguage":"sv-SE","@id":"https:\/\/www.almega.se\/#\/schema\/person\/image\/","url":"https:\/\/secure.gravatar.com\/avatar\/7d7de2d34f664967395b2486fe4409bcc5db61c29c5fe0dfca5e5be04df31c34?s=96&d=mm&r=g","contentUrl":"https:\/\/secure.gravatar.com\/avatar\/7d7de2d34f664967395b2486fe4409bcc5db61c29c5fe0dfca5e5be04df31c34?s=96&d=mm&r=g","caption":"emmaf"},"url":"https:\/\/www.almega.se\/person\/emmaf\/"}]}},"_links":{"self":[{"href":"https:\/\/www.almega.se\/api\/wp\/v2\/posts\/29178","targetHints":{"allow":["GET"]}}],"collection":[{"href":"https:\/\/www.almega.se\/api\/wp\/v2\/posts"}],"about":[{"href":"https:\/\/www.almega.se\/api\/wp\/v2\/types\/post"}],"author":[{"embeddable":true,"href":"https:\/\/www.almega.se\/api\/wp\/v2\/users\/14827"}],"replies":[{"embeddable":true,"href":"https:\/\/www.almega.se\/api\/wp\/v2\/comments?post=29178"}],"version-history":[{"count":2,"href":"https:\/\/www.almega.se\/api\/wp\/v2\/posts\/29178\/revisions"}],"predecessor-version":[{"id":52892,"href":"https:\/\/www.almega.se\/api\/wp\/v2\/posts\/29178\/revisions\/52892"}],"wp:attachment":[{"href":"https:\/\/www.almega.se\/api\/wp\/v2\/media?parent=29178"}],"wp:term":[{"taxonomy":"category","embeddable":true,"href":"https:\/\/www.almega.se\/api\/wp\/v2\/categories?post=29178"},{"taxonomy":"post_tag","embeddable":true,"href":"https:\/\/www.almega.se\/api\/wp\/v2\/tags?post=29178"},{"taxonomy":"type","embeddable":true,"href":"https:\/\/www.almega.se\/api\/wp\/v2\/article_type?post=29178"},{"taxonomy":"agreement","embeddable":true,"href":"https:\/\/www.almega.se\/api\/wp\/v2\/agreement?post=29178"}],"curies":[{"name":"wp","href":"https:\/\/api.w.org\/{rel}","templated":true}]}}