{"id":29118,"date":"2020-03-27T14:34:59","date_gmt":"2020-03-27T13:34:59","guid":{"rendered":"https:\/\/www.almega.se\/2020\/03\/antligen-sankt-anstandsranta\/"},"modified":"2020-03-27T14:34:59","modified_gmt":"2020-03-27T13:34:59","slug":"antligen-sankt-anstandsranta","status":"publish","type":"post","link":"https:\/\/www.almega.se\/2020\/03\/antligen-sankt-anstandsranta\/","title":{"rendered":"\u00c4ntligen s\u00e4nkt anst\u00e5ndsr\u00e4nta"},"content":{"rendered":"<p class=\"intro\">En majoritet i riksdagens finansutskott st\u00e5r bakom en s\u00e4nkning av r\u00e4ntan p\u00e5 skatteanst\u00e5nden till f\u00f6retag som drabbats av Coronakrisen. Regeringen kommer att bereda ett f\u00f6rslag om s\u00e4nkt r\u00e4nta till n\u00e4sta vecka.<\/p>\n\n<p>&#8211; Ett mycket klokt beslut av finansutskottet. Den r\u00e4nta p\u00e5 6,6 procent som regeringen ville ta ut p\u00e5 anst\u00e5nden var fullst\u00e4ndigt orimlig. Den borde vara noll, s\u00e4ger Almegas n\u00e4ringspolitiska chef Andreas \u00c5str\u00f6m.<\/p>\n\n\n\n<p>&#8211; Tre av tio f\u00f6retag klarar sig bara en till tv\u00e5 m\u00e5nader med den likviditet de har idag. Skatteanst\u00e5nden \u00e4r helt n\u00f6dv\u00e4ndiga f\u00f6r att de ska kunna \u00f6verleva \u00e4ven om mer beh\u00f6vs, s\u00e4ger Andreas \u00c5str\u00f6m.<\/p>\n\n\n\n<p>&#8211; Ut\u00f6ver detta beh\u00f6vs en m\u00f6jlighet f\u00f6r drabbade f\u00f6retag att kunna korttidspermittera sina anst\u00e4llda helt och h\u00e5llet. I systemet med korttidsarbete ska arbetsgivaren fortfarande betala n\u00e4ra h\u00e4lften av l\u00f6nekostnaden. Det \u00e4r om\u00f6jligt f\u00f6r de tj\u00e4nstef\u00f6retag som tappat n\u00e4stan alla sina int\u00e4kter. Vi kommer att drabbas av massupps\u00e4gningar och konkurser snabbt om inget sker p\u00e5 det h\u00e4r omr\u00e5det, avslutar Andreas \u00c5str\u00f6m.<\/p>\n","protected":false},"excerpt":{"rendered":"<p>En majoritet i riksdagens finansutskott st\u00e5r bakom en s\u00e4nkning av r\u00e4ntan p\u00e5 skatteanst\u00e5nden till f\u00f6retag som drabbats av Coronakrisen. Regeringen kommer att bereda ett f\u00f6rslag om s\u00e4nkt r\u00e4nta till n\u00e4sta vecka<\/p>\n","protected":false},"author":14827,"featured_media":0,"comment_status":"closed","ping_status":"closed","sticky":false,"template":"","format":"standard","meta":{"_acf_changed":false,"footnotes":""},"categories":[64,57],"tags":[486,488,58],"article_type":[93],"agreement":[],"class_list":["post-29118","post","type-post","status-publish","format-standard","hentry","category-arbetsmarknad","category-skatter","tag-covid-19","tag-korttidspermittering","tag-lon","type-pressmeddelanden"],"acf":[],"yoast_head":"<!-- This site is optimized with the Yoast SEO Premium plugin v26.8 (Yoast SEO v26.8) - https:\/\/yoast.com\/product\/yoast-seo-premium-wordpress\/ -->\n<title>\u00c4ntligen s\u00e4nkt anst\u00e5ndsr\u00e4nta | Almega<\/title>\n<meta name=\"robots\" content=\"index, follow, max-snippet:-1, max-image-preview:large, max-video-preview:-1\" \/>\n<link rel=\"canonical\" href=\"https:\/\/www.almega.se\/2020\/03\/antligen-sankt-anstandsranta\/\" \/>\n<meta property=\"og:locale\" content=\"sv_SE\" \/>\n<meta property=\"og:type\" content=\"article\" \/>\n<meta property=\"og:title\" content=\"\u00c4ntligen s\u00e4nkt anst\u00e5ndsr\u00e4nta\" \/>\n<meta property=\"og:description\" content=\"En majoritet i riksdagens finansutskott st\u00e5r bakom en s\u00e4nkning av r\u00e4ntan p\u00e5 skatteanst\u00e5nden till f\u00f6retag som drabbats av Coronakrisen. Regeringen kommer att bereda ett f\u00f6rslag om s\u00e4nkt r\u00e4nta till n\u00e4sta vecka\" \/>\n<meta property=\"og:url\" content=\"https:\/\/www.almega.se\/2020\/03\/antligen-sankt-anstandsranta\/\" \/>\n<meta property=\"og:site_name\" content=\"Almega\" \/>\n<meta property=\"article:published_time\" content=\"2020-03-27T13:34:59+00:00\" \/>\n<meta property=\"og:image\" content=\"https:\/\/www.almega.se\/app\/uploads\/2020\/12\/almega-share-logo.png\" \/>\n\t<meta property=\"og:image:width\" content=\"1200\" \/>\n\t<meta property=\"og:image:height\" content=\"630\" \/>\n\t<meta property=\"og:image:type\" content=\"image\/png\" \/>\n<meta name=\"author\" content=\"emmaf\" \/>\n<meta name=\"twitter:card\" content=\"summary_large_image\" \/>\n<meta name=\"twitter:label1\" content=\"Skriven av\" \/>\n\t<meta name=\"twitter:data1\" content=\"emmaf\" \/>\n\t<meta name=\"twitter:label2\" content=\"Ber\u00e4knad l\u00e4stid\" \/>\n\t<meta name=\"twitter:data2\" content=\"1 minut\" \/>\n<!-- \/ Yoast SEO Premium plugin. -->","yoast_head_json":{"title":"\u00c4ntligen s\u00e4nkt anst\u00e5ndsr\u00e4nta | Almega","robots":{"index":"index","follow":"follow","max-snippet":"max-snippet:-1","max-image-preview":"max-image-preview:large","max-video-preview":"max-video-preview:-1"},"canonical":"https:\/\/www.almega.se\/2020\/03\/antligen-sankt-anstandsranta\/","og_locale":"sv_SE","og_type":"article","og_title":"\u00c4ntligen s\u00e4nkt anst\u00e5ndsr\u00e4nta","og_description":"En majoritet i riksdagens finansutskott st\u00e5r bakom en s\u00e4nkning av r\u00e4ntan p\u00e5 skatteanst\u00e5nden till f\u00f6retag som drabbats av Coronakrisen. Regeringen kommer att bereda ett f\u00f6rslag om s\u00e4nkt r\u00e4nta till n\u00e4sta vecka","og_url":"https:\/\/www.almega.se\/2020\/03\/antligen-sankt-anstandsranta\/","og_site_name":"Almega","article_published_time":"2020-03-27T13:34:59+00:00","og_image":[{"width":1200,"height":630,"url":"https:\/\/www.almega.se\/app\/uploads\/2020\/12\/almega-share-logo.png","type":"image\/png"}],"author":"emmaf","twitter_card":"summary_large_image","twitter_misc":{"Skriven av":"emmaf","Ber\u00e4knad l\u00e4stid":"1 minut"},"schema":{"@context":"https:\/\/schema.org","@graph":[{"@type":"NewsArticle","@id":"https:\/\/www.almega.se\/2020\/03\/antligen-sankt-anstandsranta\/#article","isPartOf":{"@id":"https:\/\/www.almega.se\/2020\/03\/antligen-sankt-anstandsranta\/"},"author":{"name":"emmaf","@id":"https:\/\/www.almega.se\/#\/schema\/person\/7dcd85c42437215aafce170ec28e2fac"},"headline":"\u00c4ntligen s\u00e4nkt anst\u00e5ndsr\u00e4nta","datePublished":"2020-03-27T13:34:59+00:00","mainEntityOfPage":{"@id":"https:\/\/www.almega.se\/2020\/03\/antligen-sankt-anstandsranta\/"},"wordCount":167,"keywords":["covid -19","Korttidspermittering","L\u00f6n"],"articleSection":["Arbetsmarknad","Skatter"],"inLanguage":"sv-SE"},{"@type":"WebPage","@id":"https:\/\/www.almega.se\/2020\/03\/antligen-sankt-anstandsranta\/","url":"https:\/\/www.almega.se\/2020\/03\/antligen-sankt-anstandsranta\/","name":"\u00c4ntligen s\u00e4nkt anst\u00e5ndsr\u00e4nta | Almega","isPartOf":{"@id":"https:\/\/www.almega.se\/#website"},"datePublished":"2020-03-27T13:34:59+00:00","author":{"@id":"https:\/\/www.almega.se\/#\/schema\/person\/7dcd85c42437215aafce170ec28e2fac"},"breadcrumb":{"@id":"https:\/\/www.almega.se\/2020\/03\/antligen-sankt-anstandsranta\/#breadcrumb"},"inLanguage":"sv-SE","potentialAction":[{"@type":"ReadAction","target":["https:\/\/www.almega.se\/2020\/03\/antligen-sankt-anstandsranta\/"]}]},{"@type":"BreadcrumbList","@id":"https:\/\/www.almega.se\/2020\/03\/antligen-sankt-anstandsranta\/#breadcrumb","itemListElement":[{"@type":"ListItem","position":1,"name":"Home","item":"https:\/\/www.almega.se\/"},{"@type":"ListItem","position":2,"name":"\u00c4ntligen s\u00e4nkt anst\u00e5ndsr\u00e4nta"}]},{"@type":"WebSite","@id":"https:\/\/www.almega.se\/#website","url":"https:\/\/www.almega.se\/","name":"Almega","description":"","potentialAction":[{"@type":"SearchAction","target":{"@type":"EntryPoint","urlTemplate":"https:\/\/www.almega.se\/?s={search_term_string}"},"query-input":{"@type":"PropertyValueSpecification","valueRequired":true,"valueName":"search_term_string"}}],"inLanguage":"sv-SE"},{"@type":"Person","@id":"https:\/\/www.almega.se\/#\/schema\/person\/7dcd85c42437215aafce170ec28e2fac","name":"emmaf","image":{"@type":"ImageObject","inLanguage":"sv-SE","@id":"https:\/\/www.almega.se\/#\/schema\/person\/image\/","url":"https:\/\/secure.gravatar.com\/avatar\/7d7de2d34f664967395b2486fe4409bcc5db61c29c5fe0dfca5e5be04df31c34?s=96&d=mm&r=g","contentUrl":"https:\/\/secure.gravatar.com\/avatar\/7d7de2d34f664967395b2486fe4409bcc5db61c29c5fe0dfca5e5be04df31c34?s=96&d=mm&r=g","caption":"emmaf"},"url":"https:\/\/www.almega.se\/person\/emmaf\/"}]}},"_links":{"self":[{"href":"https:\/\/www.almega.se\/api\/wp\/v2\/posts\/29118","targetHints":{"allow":["GET"]}}],"collection":[{"href":"https:\/\/www.almega.se\/api\/wp\/v2\/posts"}],"about":[{"href":"https:\/\/www.almega.se\/api\/wp\/v2\/types\/post"}],"author":[{"embeddable":true,"href":"https:\/\/www.almega.se\/api\/wp\/v2\/users\/14827"}],"replies":[{"embeddable":true,"href":"https:\/\/www.almega.se\/api\/wp\/v2\/comments?post=29118"}],"version-history":[{"count":2,"href":"https:\/\/www.almega.se\/api\/wp\/v2\/posts\/29118\/revisions"}],"predecessor-version":[{"id":52881,"href":"https:\/\/www.almega.se\/api\/wp\/v2\/posts\/29118\/revisions\/52881"}],"wp:attachment":[{"href":"https:\/\/www.almega.se\/api\/wp\/v2\/media?parent=29118"}],"wp:term":[{"taxonomy":"category","embeddable":true,"href":"https:\/\/www.almega.se\/api\/wp\/v2\/categories?post=29118"},{"taxonomy":"post_tag","embeddable":true,"href":"https:\/\/www.almega.se\/api\/wp\/v2\/tags?post=29118"},{"taxonomy":"type","embeddable":true,"href":"https:\/\/www.almega.se\/api\/wp\/v2\/article_type?post=29118"},{"taxonomy":"agreement","embeddable":true,"href":"https:\/\/www.almega.se\/api\/wp\/v2\/agreement?post=29118"}],"curies":[{"name":"wp","href":"https:\/\/api.w.org\/{rel}","templated":true}]}}