{"id":29116,"date":"2020-03-27T15:22:07","date_gmt":"2020-03-27T14:22:07","guid":{"rendered":"https:\/\/www.almega.se\/2020\/03\/almegas-krav-till-statsministern\/"},"modified":"2020-03-27T15:22:07","modified_gmt":"2020-03-27T14:22:07","slug":"almegas-krav-till-statsministern","status":"publish","type":"post","link":"https:\/\/www.almega.se\/2020\/03\/almegas-krav-till-statsministern\/","title":{"rendered":"Almegas krav till stats&shy;ministern"},"content":{"rendered":"<p class=\"intro\">Under fredagen tr\u00e4ffade Almegas vd Thomas Ers\u00e9us statsminister Stefan L\u00f6fven tillsammans med ledande f\u00f6retr\u00e4dare f\u00f6r Svenskt N\u00e4ringsliv och representanter fr\u00e5n flera fackf\u00f6rbund. Thomas Ers\u00e9us presenterade vilka \u00e5tg\u00e4rder som kr\u00e4vs f\u00f6r att st\u00e4vja krisen i tj\u00e4nstesektorn.<\/p>\n\n<p>N\u00e5gra saker som lyftes under m\u00f6tet var fler \u00e5tg\u00e4rder f\u00f6r att r\u00e4dda jobb och f\u00f6retag, att det offentliga ska h\u00e5lla sina ing\u00e5ngna avtal med n\u00e4ringslivet och vikten av ett \u00f6ppet samh\u00e4lle mot bakgrund av coronaviruset.<\/p>\n\n\n\n<p>&#8211; Det \u00e4r viktigt att vi s\u00e5 l\u00e5ngt det bara g\u00e5r h\u00e5ller samh\u00e4llet \u00f6ppet. F\u00f6retag drabbas redan h\u00e5rt av brutna produktionskedjor. F\u00f6r ett exportberoende land som Sverige ger det k\u00e4nnbara konsekvenser. Jag har framf\u00f6rt till statsministern att regeringen ska ha en stor eloge f\u00f6r att inte ha vidtagit panik\u00e5tg\u00e4rder som att s\u00e4tta delar av landet i karant\u00e4n, inf\u00f6ra uteg\u00e5ngsf\u00f6rbud eller st\u00e4nga skolor, avslutar Thomas Ers\u00e9us.<\/p>\n\n\n\n<p>&#8211; S\u00e4nkningen av arbetsgivaravgifterna f\u00f6r 30 anst\u00e4llda i varje f\u00f6retag lindrar f\u00f6r de minsta f\u00f6retagen men hj\u00e4lper inte de medelstora. Vi har framf\u00f6rt ett f\u00f6rslag om s\u00e4nkta arbetsgivaravgifter med tv\u00e5 tredjedelar i alla f\u00f6retag under fyra m\u00e5nader med ett tak p\u00e5 tre miljoner per f\u00f6retag. Det \u00e4r helt n\u00f6dv\u00e4ndigt f\u00f6r att undvika konkurser och r\u00e4dda svenska jobb, s\u00e4ger Thomas Ers\u00e9us, vd p\u00e5 Almega.&nbsp;<\/p>\n\n\n\n<p>&nbsp;&#8211; Systemet f\u00f6r korttidspermittering r\u00e4cker inte f\u00f6r de bolag d\u00e4r verksamheten har upph\u00f6rt helt. Ska vi r\u00e4dda jobb och f\u00f6retag beh\u00f6ver vi bygga ut systemet och till\u00e5ta permitteringar med 80 och 100 procent. Inf\u00f6r ocks\u00e5 en m\u00f6jlighet till korttidspermittering p\u00e5 heltid under tre m\u00e5nader med r\u00e4tt till arbetsl\u00f6shetsers\u00e4ttning f\u00f6r de permitterade, s\u00e4ger Thomas Ers\u00e9us.&nbsp;<\/p>\n\n\n\n<p>&nbsp;&#8211; Vi har l\u00e4mnat fram krav p\u00e5 att regeringen klarg\u00f6r vad som g\u00e4ller om korttidspermitteringar f\u00f6r offentligfinansierade verksamheter. M\u00e5nga av dessa f\u00f6retag levererar tj\u00e4nster till kommuner, regioner och statliga myndigheter men \u00e4r os\u00e4kra p\u00e5 om de kan permittera sina anst\u00e4llda. Vi f\u00f6rv\u00e4ntar oss ocks\u00e5 att det offentliga h\u00e5ller sina avtal gentemot f\u00f6retagen och under s\u00e4ger upp under tider av kris, s\u00e4ger Thomas Ers\u00e9us.&nbsp;<\/p>\n","protected":false},"excerpt":{"rendered":"<p>Under fredagen tr\u00e4ffade Almegas vd Thomas Ers\u00e9us statsminister Stefan L\u00f6fven tillsammans med ledande f\u00f6retr\u00e4dare f\u00f6r Svenskt N\u00e4ringsliv och representanter fr\u00e5n flera fackf\u00f6rbund. Thomas Ers\u00e9us presenterade vilka \u00e5tg\u00e4rder som kr\u00e4vs f\u00f6r att st\u00e4vja krisen i tj\u00e4nstesektorn. N\u00e5gra saker som lyftes under m\u00f6tet var fler \u00e5tg\u00e4rder f\u00f6r att r\u00e4dda jobb och f\u00f6retag, att det offentliga ska h\u00e5lla sina ing\u00e5ngna avtal med n\u00e4ringslivet och vikten av ett \u00f6ppet samh\u00e4lle mot bakgrund av coronaviruset.<\/p>\n","protected":false},"author":14827,"featured_media":0,"comment_status":"closed","ping_status":"closed","sticky":false,"template":"","format":"standard","meta":{"_acf_changed":false,"footnotes":""},"categories":[64,57,581],"tags":[422,486,488,50],"article_type":[93],"agreement":[],"class_list":["post-29116","post","type-post","status-publish","format-standard","hentry","category-arbetsmarknad","category-skatter","category-tjanstesektorns-betydelse","tag-arbetsgivaravgift","tag-covid-19","tag-korttidspermittering","tag-tjanstesektorns-utveckling","type-pressmeddelanden"],"acf":[],"yoast_head":"<!-- This site is optimized with the Yoast SEO Premium plugin v26.8 (Yoast SEO v26.8) - https:\/\/yoast.com\/product\/yoast-seo-premium-wordpress\/ -->\n<title>Almegas krav till statsministern | Almega<\/title>\n<meta name=\"robots\" content=\"index, follow, max-snippet:-1, max-image-preview:large, max-video-preview:-1\" \/>\n<link rel=\"canonical\" href=\"https:\/\/www.almega.se\/2020\/03\/almegas-krav-till-statsministern\/\" \/>\n<meta property=\"og:locale\" content=\"sv_SE\" \/>\n<meta property=\"og:type\" content=\"article\" \/>\n<meta property=\"og:title\" content=\"Almegas krav till statsministern\" \/>\n<meta property=\"og:description\" content=\"Under fredagen tr\u00e4ffade Almegas vd Thomas Ers\u00e9us statsminister Stefan L\u00f6fven tillsammans med ledande f\u00f6retr\u00e4dare f\u00f6r Svenskt N\u00e4ringsliv och representanter fr\u00e5n flera fackf\u00f6rbund. Thomas Ers\u00e9us presenterade vilka \u00e5tg\u00e4rder som kr\u00e4vs f\u00f6r att st\u00e4vja krisen i tj\u00e4nstesektorn. N\u00e5gra saker som lyftes under m\u00f6tet var fler \u00e5tg\u00e4rder f\u00f6r att r\u00e4dda jobb och f\u00f6retag, att det offentliga ska h\u00e5lla sina ing\u00e5ngna avtal med n\u00e4ringslivet och vikten av ett \u00f6ppet samh\u00e4lle mot bakgrund av coronaviruset.\" \/>\n<meta property=\"og:url\" content=\"https:\/\/www.almega.se\/2020\/03\/almegas-krav-till-statsministern\/\" \/>\n<meta property=\"og:site_name\" content=\"Almega\" \/>\n<meta property=\"article:published_time\" content=\"2020-03-27T14:22:07+00:00\" \/>\n<meta property=\"og:image\" content=\"https:\/\/www.almega.se\/app\/uploads\/2020\/12\/almega-share-logo.png\" \/>\n\t<meta property=\"og:image:width\" content=\"1200\" \/>\n\t<meta property=\"og:image:height\" content=\"630\" \/>\n\t<meta property=\"og:image:type\" content=\"image\/png\" \/>\n<meta name=\"author\" content=\"emmaf\" \/>\n<meta name=\"twitter:card\" content=\"summary_large_image\" \/>\n<meta name=\"twitter:label1\" content=\"Skriven av\" \/>\n\t<meta name=\"twitter:data1\" content=\"emmaf\" \/>\n\t<meta name=\"twitter:label2\" content=\"Ber\u00e4knad l\u00e4stid\" \/>\n\t<meta name=\"twitter:data2\" content=\"2 minuter\" \/>\n<!-- \/ Yoast SEO Premium plugin. -->","yoast_head_json":{"title":"Almegas krav till statsministern | Almega","robots":{"index":"index","follow":"follow","max-snippet":"max-snippet:-1","max-image-preview":"max-image-preview:large","max-video-preview":"max-video-preview:-1"},"canonical":"https:\/\/www.almega.se\/2020\/03\/almegas-krav-till-statsministern\/","og_locale":"sv_SE","og_type":"article","og_title":"Almegas krav till statsministern","og_description":"Under fredagen tr\u00e4ffade Almegas vd Thomas Ers\u00e9us statsminister Stefan L\u00f6fven tillsammans med ledande f\u00f6retr\u00e4dare f\u00f6r Svenskt N\u00e4ringsliv och representanter fr\u00e5n flera fackf\u00f6rbund. Thomas Ers\u00e9us presenterade vilka \u00e5tg\u00e4rder som kr\u00e4vs f\u00f6r att st\u00e4vja krisen i tj\u00e4nstesektorn. N\u00e5gra saker som lyftes under m\u00f6tet var fler \u00e5tg\u00e4rder f\u00f6r att r\u00e4dda jobb och f\u00f6retag, att det offentliga ska h\u00e5lla sina ing\u00e5ngna avtal med n\u00e4ringslivet och vikten av ett \u00f6ppet samh\u00e4lle mot bakgrund av coronaviruset.","og_url":"https:\/\/www.almega.se\/2020\/03\/almegas-krav-till-statsministern\/","og_site_name":"Almega","article_published_time":"2020-03-27T14:22:07+00:00","og_image":[{"width":1200,"height":630,"url":"https:\/\/www.almega.se\/app\/uploads\/2020\/12\/almega-share-logo.png","type":"image\/png"}],"author":"emmaf","twitter_card":"summary_large_image","twitter_misc":{"Skriven av":"emmaf","Ber\u00e4knad l\u00e4stid":"2 minuter"},"schema":{"@context":"https:\/\/schema.org","@graph":[{"@type":"NewsArticle","@id":"https:\/\/www.almega.se\/2020\/03\/almegas-krav-till-statsministern\/#article","isPartOf":{"@id":"https:\/\/www.almega.se\/2020\/03\/almegas-krav-till-statsministern\/"},"author":{"name":"emmaf","@id":"https:\/\/www.almega.se\/#\/schema\/person\/7dcd85c42437215aafce170ec28e2fac"},"headline":"Almegas krav till stats&shy;ministern","datePublished":"2020-03-27T14:22:07+00:00","mainEntityOfPage":{"@id":"https:\/\/www.almega.se\/2020\/03\/almegas-krav-till-statsministern\/"},"wordCount":368,"keywords":["Arbetsgivaravgift","covid -19","Korttidspermittering","Tj\u00e4nstesektorns utveckling"],"articleSection":["Arbetsmarknad","Skatter","Tj\u00e4nstesektorns betydelse"],"inLanguage":"sv-SE"},{"@type":"WebPage","@id":"https:\/\/www.almega.se\/2020\/03\/almegas-krav-till-statsministern\/","url":"https:\/\/www.almega.se\/2020\/03\/almegas-krav-till-statsministern\/","name":"Almegas krav till statsministern | Almega","isPartOf":{"@id":"https:\/\/www.almega.se\/#website"},"datePublished":"2020-03-27T14:22:07+00:00","author":{"@id":"https:\/\/www.almega.se\/#\/schema\/person\/7dcd85c42437215aafce170ec28e2fac"},"breadcrumb":{"@id":"https:\/\/www.almega.se\/2020\/03\/almegas-krav-till-statsministern\/#breadcrumb"},"inLanguage":"sv-SE","potentialAction":[{"@type":"ReadAction","target":["https:\/\/www.almega.se\/2020\/03\/almegas-krav-till-statsministern\/"]}]},{"@type":"BreadcrumbList","@id":"https:\/\/www.almega.se\/2020\/03\/almegas-krav-till-statsministern\/#breadcrumb","itemListElement":[{"@type":"ListItem","position":1,"name":"Home","item":"https:\/\/www.almega.se\/"},{"@type":"ListItem","position":2,"name":"Almegas krav till stats&shy;ministern"}]},{"@type":"WebSite","@id":"https:\/\/www.almega.se\/#website","url":"https:\/\/www.almega.se\/","name":"Almega","description":"","potentialAction":[{"@type":"SearchAction","target":{"@type":"EntryPoint","urlTemplate":"https:\/\/www.almega.se\/?s={search_term_string}"},"query-input":{"@type":"PropertyValueSpecification","valueRequired":true,"valueName":"search_term_string"}}],"inLanguage":"sv-SE"},{"@type":"Person","@id":"https:\/\/www.almega.se\/#\/schema\/person\/7dcd85c42437215aafce170ec28e2fac","name":"emmaf","image":{"@type":"ImageObject","inLanguage":"sv-SE","@id":"https:\/\/www.almega.se\/#\/schema\/person\/image\/","url":"https:\/\/secure.gravatar.com\/avatar\/7d7de2d34f664967395b2486fe4409bcc5db61c29c5fe0dfca5e5be04df31c34?s=96&d=mm&r=g","contentUrl":"https:\/\/secure.gravatar.com\/avatar\/7d7de2d34f664967395b2486fe4409bcc5db61c29c5fe0dfca5e5be04df31c34?s=96&d=mm&r=g","caption":"emmaf"},"url":"https:\/\/www.almega.se\/person\/emmaf\/"}]}},"_links":{"self":[{"href":"https:\/\/www.almega.se\/api\/wp\/v2\/posts\/29116","targetHints":{"allow":["GET"]}}],"collection":[{"href":"https:\/\/www.almega.se\/api\/wp\/v2\/posts"}],"about":[{"href":"https:\/\/www.almega.se\/api\/wp\/v2\/types\/post"}],"author":[{"embeddable":true,"href":"https:\/\/www.almega.se\/api\/wp\/v2\/users\/14827"}],"replies":[{"embeddable":true,"href":"https:\/\/www.almega.se\/api\/wp\/v2\/comments?post=29116"}],"version-history":[{"count":4,"href":"https:\/\/www.almega.se\/api\/wp\/v2\/posts\/29116\/revisions"}],"predecessor-version":[{"id":54526,"href":"https:\/\/www.almega.se\/api\/wp\/v2\/posts\/29116\/revisions\/54526"}],"wp:attachment":[{"href":"https:\/\/www.almega.se\/api\/wp\/v2\/media?parent=29116"}],"wp:term":[{"taxonomy":"category","embeddable":true,"href":"https:\/\/www.almega.se\/api\/wp\/v2\/categories?post=29116"},{"taxonomy":"post_tag","embeddable":true,"href":"https:\/\/www.almega.se\/api\/wp\/v2\/tags?post=29116"},{"taxonomy":"type","embeddable":true,"href":"https:\/\/www.almega.se\/api\/wp\/v2\/article_type?post=29116"},{"taxonomy":"agreement","embeddable":true,"href":"https:\/\/www.almega.se\/api\/wp\/v2\/agreement?post=29116"}],"curies":[{"name":"wp","href":"https:\/\/api.w.org\/{rel}","templated":true}]}}